{"id":431631,"date":"2025-10-01T17:29:11","date_gmt":"2025-10-01T17:29:11","guid":{"rendered":"https:\/\/www.europesays.com\/fr\/431631\/"},"modified":"2025-10-01T17:29:11","modified_gmt":"2025-10-01T17:29:11","slug":"laction-des-chambres-dagriculture-epinglee","status":"publish","type":"post","link":"https:\/\/www.europesays.com\/fr\/431631\/","title":{"rendered":"L\u2019action des chambres d\u2019agriculture \u00e9pingl\u00e9e"},"content":{"rendered":"<p>Dans un rapport publi\u00e9 le 1er\u00a0octobre, la Cour des Comptes a \u00e9pingl\u00e9 s\u00e9v\u00e8rement la gestion du r\u00e9seau des Chambres d\u2019agriculture. Les juges financiers vont jusqu\u2019\u00e0 \u00e9voquer des risques d\u2019atteinte \u00e0 la probit\u00e9 et recommandent d\u2019\u00e9dicter des normes relatives \u00e0 la gouvernance des chambres. Le r\u00e9seau des 100\u00a0chambres d\u2019agriculture (8\u00a0200\u00a0salari\u00e9s) qui repr\u00e9sentent les <strong>\u00ab\u00a0int\u00e9r\u00eats de l\u2019agriculture aupr\u00e8s des pouvoirs publics\u00a0\u00bb<\/strong> et qui travaillent \u00e0 am\u00e9liorer<strong> \u00ab\u00a0la performance \u00e9conomique, sociale et environnementale des exploitations agricoles et de leurs fili\u00e8res\u00a0\u00bb<\/strong>, dispose d\u2019un budget de 800\u00a0millions d\u2019euros \u00e0 75\u00a0% issu de financement public (taxe sur le foncier non b\u00e2ti). La Cour des Comptes a soulign\u00e9<strong> \u00ab\u00a0les difficult\u00e9s\u00a0\u00bb<\/strong> des chambres d\u2019Agricultures,<strong> \u00ab\u00a0\u00e0 facturer les prestations aux agriculteurs pour compl\u00e9ter ce financement\u00a0\u00bb<\/strong> et constat\u00e9, malgr\u00e9 la baisse des effectifs agricoles, que <strong>\u00ab\u00a0les charges salariales ne baissent pas.\u00a0\u00bb<\/strong><\/p>\n<p>Les juges de la rue Cambon ont rappel\u00e9\u00a0que<strong> \u00ab\u00a0les enjeux \u00e9conomiques, territoriaux, de souverainet\u00e9, sanitaires et environnementaux qui s\u2019attachent \u00e0 l\u2019activit\u00e9 agricole peuvent justifier cet effort budg\u00e9taire mais il impose une plus grande responsabilit\u00e9 aux chambres et \u00e0 l\u2019\u00c9tat dans sa mise en \u0153uvre.\u00a0\u00bb<\/strong> La Cour des comptes regrette une<strong> \u00ab\u00a0tutelle trop peu effective et efficace\u00a0\u00bb <\/strong>et appelle l\u2019\u00c9tat et la CDAF (Chambre d\u2019agriculture France), la t\u00eate de pont du r\u00e9seau, \u00e0<strong> \u00ab\u00a0renforcer leur efficacit\u00e9.\u00a0\u00bb<\/strong><\/p>\n<p><a href=\"https:\/\/rennes.maville.com\/actu\/actudet_-les-resultats-consolides-des-elections-en-chambres-d-agriculture-sont-connus-_53511-6728321_actu.Htm\" target=\"_self\" rel=\"noopener\">Les Chambres, dont 83\u00a0d\u2019entre elles sont dirig\u00e9es par l\u2019alliance FNSEA-JA,<\/a> feraient un peu ce qu\u2019elles veulent. La Cour des comptes rappelle <strong>\u00ab\u00a0l\u2019exigence de neutralit\u00e9\u00a0\u00bb<\/strong> dans leurs d\u00e9penses et l\u2019interdiction des subventions accord\u00e9es \u00e0 des syndicats agricoles, une pratique qui pourtant se poursuit, <strong>\u00ab\u00a0le plus souvent sans observations des pr\u00e9fectures.\u00a0\u00bb<\/strong> Exemple\u00a0? Une subvention de 66\u00a0300\u00a0\u20ac accord\u00e9e en 2017 (et reconduite chaque ann\u00e9e) \u00e0 la F\u00e9d\u00e9ration d\u00e9partementale des syndicats d\u2019exploitants agricoles (FDSEA) de Vend\u00e9e pour <strong>\u00ab\u00a0soutenir une mission de veille et d\u2019\u00e9coute des agriculteurs\u00a0\u00bb<\/strong>, sans r\u00e9el contr\u00f4le et en d\u00e9pit des protestations d\u2019autres syndicats.<\/p>\n<p>\u00ab\u00a0Des propos diffamatoires\u00a0\u00bb<\/p>\n<p><strong>\u00ab\u00a0Les termes de corruption, de favoritisme et plus g\u00e9n\u00e9ralement d\u2019atteinte \u00e0 la probit\u00e9 ne sont cit\u00e9s dans le rapport que comme des risques issus de la cartographie des risques en mati\u00e8re de corruption \u00e9tablie par le Comit\u00e9 d\u2019audit de Chambres d\u2019agriculture France\u00a0\u00bb<\/strong>, a r\u00e9agi, dans un communiqu\u00e9, Chambres d\u2019agriculture France, d\u00e9non\u00e7ant des <strong>\u00ab\u00a0propos diffamatoires\u00a0\u00bb <\/strong>et <strong>\u00ab\u00a0non \u00e9tay\u00e9s\u00a0\u00bb<\/strong> de la part des radios du service public (France Inter et France Info), les premi\u00e8res \u00e0 d\u00e9voiler le rapport de la Cour des comptes.<\/p>\n<p><strong>\u00ab\u00a0Les Chambres d\u2019agriculture font l\u2019objet r\u00e9guli\u00e8rement de contr\u00f4les externes, qu\u2019il s\u2019agisse de la Cour des comptes, du CGAAER ou des services de l\u2019\u00c9tat\u00a0\u00bb<\/strong>, a soulign\u00e9 le communiqu\u00e9. <strong>\u00ab\u00a0La Cour souligne les nombreuses r\u00e9formes mises en place par le r\u00e9seau des Chambres d\u2019agriculture [\u2026] depuis la signature du premier contrat d\u2019Objectifs et Performance (COP) avec l\u2019\u00c9tat en novembre\u00a02021<\/strong>, s\u2019est f\u00e9licit\u00e9e CDAF, regrettant de <strong>\u00ab\u00a0ne toujours pas disposer de pouvoir de sanction.\u00a0\u00bb<\/strong> Le\u00a0texte cens\u00e9 le pr\u00e9voir <strong>\u00ab\u00a0n\u2019est toujours pas d\u2019actualit\u00e9.\u00a0\u00bb<\/strong><\/p>\n<p>\u00a0<\/p>\n","protected":false},"excerpt":{"rendered":"Dans un rapport publi\u00e9 le 1er\u00a0octobre, la Cour des Comptes a \u00e9pingl\u00e9 s\u00e9v\u00e8rement la gestion du r\u00e9seau des&hellip;\n","protected":false},"author":2,"featured_media":431632,"comment_status":"","ping_status":"","sticky":false,"template":"","format":"standard","meta":{"footnotes":""},"categories":[9619],"tags":[631,1111,11,327,31051,55953,1777,674,1011,27,12,882,25,2310],"class_list":{"0":"post-431631","1":"post","2":"type-post","3":"status-publish","4":"format-standard","5":"has-post-thumbnail","7":"category-toulon","8":"tag-action","9":"tag-actu","10":"tag-actualites","11":"tag-agriculture","12":"tag-chambres","13":"tag-epinglee","14":"tag-eu","15":"tag-europe","16":"tag-fr","17":"tag-france","18":"tag-news","19":"tag-provence-alpes-cote-dazur","20":"tag-republique-francaise","21":"tag-toulon"},"share_on_mastodon":{"url":"https:\/\/pubeurope.com\/@fr\/115300097338798045","error":""},"_links":{"self":[{"href":"https:\/\/www.europesays.com\/fr\/wp-json\/wp\/v2\/posts\/431631","targetHints":{"allow":["GET"]}}],"collection":[{"href":"https:\/\/www.europesays.com\/fr\/wp-json\/wp\/v2\/posts"}],"about":[{"href":"https:\/\/www.europesays.com\/fr\/wp-json\/wp\/v2\/types\/post"}],"author":[{"embeddable":true,"href":"https:\/\/www.europesays.com\/fr\/wp-json\/wp\/v2\/users\/2"}],"replies":[{"embeddable":true,"href":"https:\/\/www.europesays.com\/fr\/wp-json\/wp\/v2\/comments?post=431631"}],"version-history":[{"count":0,"href":"https:\/\/www.europesays.com\/fr\/wp-json\/wp\/v2\/posts\/431631\/revisions"}],"wp:featuredmedia":[{"embeddable":true,"href":"https:\/\/www.europesays.com\/fr\/wp-json\/wp\/v2\/media\/431632"}],"wp:attachment":[{"href":"https:\/\/www.europesays.com\/fr\/wp-json\/wp\/v2\/media?parent=431631"}],"wp:term":[{"taxonomy":"category","embeddable":true,"href":"https:\/\/www.europesays.com\/fr\/wp-json\/wp\/v2\/categories?post=431631"},{"taxonomy":"post_tag","embeddable":true,"href":"https:\/\/www.europesays.com\/fr\/wp-json\/wp\/v2\/tags?post=431631"}],"curies":[{"name":"wp","href":"https:\/\/api.w.org\/{rel}","templated":true}]}}