{"id":431637,"date":"2025-10-01T17:32:12","date_gmt":"2025-10-01T17:32:12","guid":{"rendered":"https:\/\/www.europesays.com\/fr\/431637\/"},"modified":"2025-10-01T17:32:12","modified_gmt":"2025-10-01T17:32:12","slug":"transition-ecologique-rouen-signe-un-accord-majeur-pour-le-climat","status":"publish","type":"post","link":"https:\/\/www.europesays.com\/fr\/431637\/","title":{"rendered":"Transition \u00e9cologique: Rouen signe un accord majeur pour le Climat"},"content":{"rendered":"<p>S&rsquo;inspirant de l&rsquo;Accord de Paris, cette feuille de route vise \u00e0 amplifier la dynamique de mobilisation territoriale engag\u00e9e depuis 2018, en permettant \u00e0 tous de contribuer \u00e0 la pr\u00e9paration du plan d\u2019action Air Energie Climat. Nicolas Mayer-Rossignol, Maire de Rouen et Pr\u00e9sident de la M\u00e9tropole, souligne l&rsquo;importance de cet accord : \u00ab\u00a0C\u2019est \u00e0 l\u2019\u00e9chelle locale que s\u2019inventent les solutions concr\u00e8tes face \u00e0 l\u2019urgence climatique !\u00a0\u00bb. Parmi les objectifs principaux figurent la neutralit\u00e9 carbone d&rsquo;ici 2050 et une r\u00e9duction de 74 % des \u00e9missions de gaz \u00e0 effet de serre d&rsquo;ici 2032.<\/p>\n<p>L&rsquo;Accord de Rouen pour le Climat #2 s&rsquo;inscrit dans la continuit\u00e9 de la premi\u00e8re COP de Rouen, qui avait d\u00e9montr\u00e9 l&rsquo;efficacit\u00e9 de la consultation publique et de la co-construction. Apr\u00e8s neuf mois de concertation, de r\u00e9unions et d&rsquo;\u00e9changes avec les \u00e9cosyst\u00e8mes concern\u00e9s, les objectifs de la COP 21 locale ont \u00e9t\u00e9 r\u00e9interrog\u00e9s et actualis\u00e9s, int\u00e9grant les enjeux de neutralit\u00e9 carbone \u00e0 horizon 2050, de r\u00e9novation massive des logements, de baisse de 74 % des \u00e9missions de gaz \u00e0 effet de serre d\u2019ici 2032 et d&rsquo;adaptation aux risques climatiques.<\/p>\n<p><strong>Une forte mobilisation face \u00e0 l&rsquo;urgence climatique<\/strong><\/p>\n<p>Cet engagement collectif engage chaque signataire \u00e0 \u00eatre responsable de ses propres actions dans le cadre d&rsquo;une strat\u00e9gie globale. La M\u00e9tropole, en tant que cheffe de file, s&rsquo;engage \u00e9galement \u00e0 promouvoir des actions exemplaires sur son propre patrimoine tout en soutenant les acteurs locaux dans leurs d\u00e9marches environnementales. L&rsquo;accord repr\u00e9sente une continuit\u00e9 des efforts pr\u00e9c\u00e9dents tout en augmentant son ambition face \u00e0 la crise climatique.<\/p>\n<p>Fruit d&rsquo;une d\u00e9marche participative initi\u00e9e par la COP Rouen 2030, cet accord, fait la synth\u00e8se des engagements et des recommandations des parties prenantes du territoire : \u00e9lus de la M\u00e9tropole, 64 communes, ADEME, WWF France, GIEC local et acteurs socio-\u00e9conomiques. En tant que cheffe de file de la transition \u00e9cologique, la M\u00e9tropole \u00e9labore son plan d\u2019action et anime la mobilisation de tous les acteurs du territoire.<\/p>\n<p>\n                                    Categories:\n                                                <\/p>\n","protected":false},"excerpt":{"rendered":"S&rsquo;inspirant de l&rsquo;Accord de Paris, cette feuille de route vise \u00e0 amplifier la dynamique de mobilisation territoriale engag\u00e9e&hellip;\n","protected":false},"author":2,"featured_media":431638,"comment_status":"","ping_status":"","sticky":false,"template":"","format":"standard","meta":{"footnotes":""},"categories":[9587],"tags":[1111,11,1777,674,1011,27,12,5161,25,9590],"class_list":{"0":"post-431637","1":"post","2":"type-post","3":"status-publish","4":"format-standard","5":"has-post-thumbnail","7":"category-rouen","8":"tag-actu","9":"tag-actualites","10":"tag-eu","11":"tag-europe","12":"tag-fr","13":"tag-france","14":"tag-news","15":"tag-normandie","16":"tag-republique-francaise","17":"tag-rouen"},"share_on_mastodon":{"url":"https:\/\/pubeurope.com\/@fr\/115300109149192534","error":""},"_links":{"self":[{"href":"https:\/\/www.europesays.com\/fr\/wp-json\/wp\/v2\/posts\/431637","targetHints":{"allow":["GET"]}}],"collection":[{"href":"https:\/\/www.europesays.com\/fr\/wp-json\/wp\/v2\/posts"}],"about":[{"href":"https:\/\/www.europesays.com\/fr\/wp-json\/wp\/v2\/types\/post"}],"author":[{"embeddable":true,"href":"https:\/\/www.europesays.com\/fr\/wp-json\/wp\/v2\/users\/2"}],"replies":[{"embeddable":true,"href":"https:\/\/www.europesays.com\/fr\/wp-json\/wp\/v2\/comments?post=431637"}],"version-history":[{"count":0,"href":"https:\/\/www.europesays.com\/fr\/wp-json\/wp\/v2\/posts\/431637\/revisions"}],"wp:featuredmedia":[{"embeddable":true,"href":"https:\/\/www.europesays.com\/fr\/wp-json\/wp\/v2\/media\/431638"}],"wp:attachment":[{"href":"https:\/\/www.europesays.com\/fr\/wp-json\/wp\/v2\/media?parent=431637"}],"wp:term":[{"taxonomy":"category","embeddable":true,"href":"https:\/\/www.europesays.com\/fr\/wp-json\/wp\/v2\/categories?post=431637"},{"taxonomy":"post_tag","embeddable":true,"href":"https:\/\/www.europesays.com\/fr\/wp-json\/wp\/v2\/tags?post=431637"}],"curies":[{"name":"wp","href":"https:\/\/api.w.org\/{rel}","templated":true}]}}