{"id":431639,"date":"2025-10-01T17:33:12","date_gmt":"2025-10-01T17:33:12","guid":{"rendered":"https:\/\/www.europesays.com\/fr\/431639\/"},"modified":"2025-10-01T17:33:12","modified_gmt":"2025-10-01T17:33:12","slug":"un-homme-passe-a-tabac-trois-jeunes-ont-tape-dans-sa-tete-comme-dans-un-ballon","status":"publish","type":"post","link":"https:\/\/www.europesays.com\/fr\/431639\/","title":{"rendered":"un homme pass\u00e9 \u00e0 tabac, trois jeunes ont tap\u00e9 dans sa t\u00eate comme dans un ballon"},"content":{"rendered":"<p class=\"app_entry_lead\">\n<p>                    <a title=\"\u00a0\u00a9\u00a0Romain Doucelin \/ SOPA\/SIPA (publi\u00e9e le 01\/10\/2025)\" href=\"https:\/\/www.europesays.com\/fr\/wp-content\/uploads\/2025\/10\/80943670.jpg\" class=\"fancy\"><\/p>\n<p>                            <img loading=\"lazy\" decoding=\"async\" src=\"https:\/\/www.europesays.com\/fr\/wp-content\/uploads\/2025\/10\/80943670.jpg\" alt=\"Rouen\u00a0: un homme pass\u00e9 \u00e0 tabac, trois jeunes ont tap\u00e9 dans sa t\u00eate comme dans un ballon\" width=\"1500\" height=\"999\"\/><\/p>\n<p>                    <\/a><\/p>\n<p>                Un homme de 40\u00a0ans a \u00e9t\u00e9 violemment agress\u00e9 par deux jeunes et une adolescente pr\u00e8s du CHU de Rouen. Les auteurs pr\u00e9sum\u00e9s des faits ont enti\u00e8rement film\u00e9 la sc\u00e8ne.<\/p>\n<p>L&rsquo;agression s&rsquo;est d\u00e9roul\u00e9e dans la nuit de mardi 30\u00a0septembre \u00e0 mercredi 1er octobre, vers 1\u00a0h 30\u00a0du matin, pr\u00e8s du CHU Charles-Nicolle de <a href=\"https:\/\/www.linternaute.com\/ville\/rouen\/ville-76540\" title=\"Rouen\" rel=\"nofollow noopener\" target=\"_blank\">Rouen<\/a>. Un homme de 40\u00a0ans a \u00e9t\u00e9 pass\u00e9 \u00e0 tabac par trois jeunes, qui ont eux-m\u00eames film\u00e9 la sc\u00e8ne, a indiqu\u00e9 une source polici\u00e8re \u00e0 France 3\u00a0Normandie. Les forces de l&rsquo;ordre, qui interviennent rapidement, d\u00e9couvrent un homme au visage tum\u00e9fi\u00e9, le nez \u00ab\u00a0enfonc\u00e9 sur le c\u00f4t\u00e9\u00a0\u00bb, visiblement cass\u00e9, et incapable d&rsquo;ouvrir l&rsquo;\u0153il gauche.<\/p>\n<p>Que s&rsquo;est-il pass\u00e9 durant la nuit\u00a0? Alors que la victime attendait au niveau d&rsquo;un arr\u00eat de bus, elle remarque trois personnes en train \u00ab\u00a0de se moquer de lui\u00a0\u00bb et de la filmer, indique la source. L&rsquo;homme de 40\u00a0ans leur demande d&rsquo;arr\u00eater, mais les jeunes commencent \u00e0 s&rsquo;en prendre \u00e0 lui. Apr\u00e8s l&rsquo;avoir fait tomber au sol, la bande l&rsquo;a violemment frapp\u00e9 &#8211; une sc\u00e8ne enti\u00e8rement film\u00e9e. Ce sont les agents de s\u00e9curit\u00e9 du CHU, non lui, qui alertent les forces de l&rsquo;ordre. Sur place, la victime leur explique les faits en attendant d&rsquo;\u00eatre prise en charge par les urgences.<\/p>\n<p>Les auteurs pr\u00e9sum\u00e9s seraient un homme de 21\u00a0ans ainsi que deux femmes, l&rsquo;une de 23\u00a0ans et l&rsquo;autre de 17\u00a0ans. Selon une t\u00e9moin de la sc\u00e8ne, les agresseurs sont parvenus \u00e0 le mettre au sol avec une \u00ab\u00a0balayette\u00a0\u00bb. La femme et l&rsquo;adolescente auraient cri\u00e9 \u00ab\u00a0penalty\u00a0\u00bb plusieurs fois en donnant des coups de pied dans le visage de la victime. Ils ont tous les trois \u00e9t\u00e9 interpell\u00e9s apr\u00e8s les faits. Les raisons exactes de leur passage \u00e0 l&rsquo;acte restent inconnues. Ils ont \u00e9t\u00e9 plac\u00e9s en garde \u00e0 vue.<\/p>\n","protected":false},"excerpt":{"rendered":"Un homme de 40\u00a0ans a \u00e9t\u00e9 violemment agress\u00e9 par deux jeunes et une adolescente pr\u00e8s du CHU de&hellip;\n","protected":false},"author":2,"featured_media":431640,"comment_status":"","ping_status":"","sticky":false,"template":"","format":"standard","meta":{"footnotes":""},"categories":[9587],"tags":[1111,11,55954,51761,1777,674,118,51763,1011,27,12,5161,51767,25,9590],"class_list":{"0":"post-431639","1":"post","2":"type-post","3":"status-publish","4":"format-standard","5":"has-post-thumbnail","7":"category-rouen","8":"tag-actu","9":"tag-actualites","10":"tag-cms-linternaute-8931687","11":"tag-controller-content","12":"tag-eu","13":"tag-europe","14":"tag-faits-divers","15":"tag-format-papier","16":"tag-fr","17":"tag-france","18":"tag-news","19":"tag-normandie","20":"tag-parallaxeinfeed","21":"tag-republique-francaise","22":"tag-rouen"},"share_on_mastodon":{"url":"https:\/\/pubeurope.com\/@fr\/115300113508789355","error":""},"_links":{"self":[{"href":"https:\/\/www.europesays.com\/fr\/wp-json\/wp\/v2\/posts\/431639","targetHints":{"allow":["GET"]}}],"collection":[{"href":"https:\/\/www.europesays.com\/fr\/wp-json\/wp\/v2\/posts"}],"about":[{"href":"https:\/\/www.europesays.com\/fr\/wp-json\/wp\/v2\/types\/post"}],"author":[{"embeddable":true,"href":"https:\/\/www.europesays.com\/fr\/wp-json\/wp\/v2\/users\/2"}],"replies":[{"embeddable":true,"href":"https:\/\/www.europesays.com\/fr\/wp-json\/wp\/v2\/comments?post=431639"}],"version-history":[{"count":0,"href":"https:\/\/www.europesays.com\/fr\/wp-json\/wp\/v2\/posts\/431639\/revisions"}],"wp:featuredmedia":[{"embeddable":true,"href":"https:\/\/www.europesays.com\/fr\/wp-json\/wp\/v2\/media\/431640"}],"wp:attachment":[{"href":"https:\/\/www.europesays.com\/fr\/wp-json\/wp\/v2\/media?parent=431639"}],"wp:term":[{"taxonomy":"category","embeddable":true,"href":"https:\/\/www.europesays.com\/fr\/wp-json\/wp\/v2\/categories?post=431639"},{"taxonomy":"post_tag","embeddable":true,"href":"https:\/\/www.europesays.com\/fr\/wp-json\/wp\/v2\/tags?post=431639"}],"curies":[{"name":"wp","href":"https:\/\/api.w.org\/{rel}","templated":true}]}}