{"id":431645,"date":"2025-10-01T17:36:18","date_gmt":"2025-10-01T17:36:18","guid":{"rendered":"https:\/\/www.europesays.com\/fr\/431645\/"},"modified":"2025-10-01T17:36:18","modified_gmt":"2025-10-01T17:36:18","slug":"ape-ecole-la-poterie-tregomar-un-appel-aux-benevoles-lance","status":"publish","type":"post","link":"https:\/\/www.europesays.com\/fr\/431645\/","title":{"rendered":"APE \u00e9cole La Poterie-Tr\u00e9gomar\u00a0: un appel aux b\u00e9n\u00e9voles lanc\u00e9"},"content":{"rendered":"<p>Vendredi 27 septembre, l\u2019APE de l\u2019\u00e9cole de la Poterie-Tr\u00e9gomar a tenu son assembl\u00e9e g\u00e9n\u00e9rale en pr\u00e9sence de l\u2019\u00e9quipe \u00e9ducative et des maires d\u00e9l\u00e9gu\u00e9s des deux communes, Ren\u00e9 Le Boulanger (Tr\u00e9gomar) et Nathalie Bouzid (La Poterie). \u00ab\u00a0Un objectif commun\u00a0: nos enfants\u00a0\u00bb, a d\u00e9clar\u00e9 Aur\u00e9lie Gomet, copr\u00e9sidente, qui lance un appel \u00e0 b\u00e9n\u00e9voles notamment pour l\u2019organisation de la rando buissonni\u00e8re du 1er mai qui d\u00e9marrera en 2026 de Tr\u00e9gomar, en raison de travaux sur le site de La Poterie. 129 \u00e9l\u00e8ves ont profit\u00e9 des nombreuses actions men\u00e9es tout au long de l\u2019ann\u00e9e scolaire\u00a0: vente de g\u00e2teaux et bijoux, de galettes des Rois, de repas \u00e0 emporter, rando buissonni\u00e8re mai et f\u00eate de l\u2019\u00e9cole.<\/p>\n<p>Achat de livres pour les CM2<\/p>\n<p>Autant d\u2019actions qui ont permis de r\u00e9cup\u00e9rer des fonds qui ont \u00e9t\u00e9 abond\u00e9s par une subvention des deux mairies et de la R\u00e9gion, et qui seront reconduites. Sont d\u2019ores et d\u00e9j\u00e0 pr\u00e9vus l\u2019achat de livres pour les CM2, la venue du P\u00e8re No\u00ebl la hotte charg\u00e9e de cadeaux et les sorties p\u00e9dagogiques.<\/p>\n<p>Copr\u00e9sid\u00e9e par Aude Le Ravalec et Aur\u00e9lie Gomet, l\u2019APE peut compter sur le soutien de Caroline Gouret (tr\u00e9sori\u00e8re), Karine Ecamporesi (vice-tr\u00e9sori\u00e8re), Florie M\u00e9l\u00e9ard (secr\u00e9taire), Justine Dufros (vice-secr\u00e9taire), mais aussi de quatre membres actifs (deux d\u2019entre eux ne renouvellent pas leur mandat).<\/p>\n","protected":false},"excerpt":{"rendered":"Vendredi 27 septembre, l\u2019APE de l\u2019\u00e9cole de la Poterie-Tr\u00e9gomar a tenu son assembl\u00e9e g\u00e9n\u00e9rale en pr\u00e9sence de l\u2019\u00e9quipe&hellip;\n","protected":false},"author":2,"featured_media":431646,"comment_status":"","ping_status":"","sticky":false,"template":"","format":"standard","meta":{"footnotes":""},"categories":[2821],"tags":[1111,11,829,1777,674,1011,27,2170,12,584,25],"class_list":{"0":"post-431645","1":"post","2":"type-post","3":"status-publish","4":"format-standard","5":"has-post-thumbnail","7":"category-rennes","8":"tag-actu","9":"tag-actualites","10":"tag-bretagne","11":"tag-eu","12":"tag-europe","13":"tag-fr","14":"tag-france","15":"tag-lamballe-armor","16":"tag-news","17":"tag-rennes","18":"tag-republique-francaise"},"share_on_mastodon":{"url":"https:\/\/pubeurope.com\/@fr\/115300124897345247","error":""},"_links":{"self":[{"href":"https:\/\/www.europesays.com\/fr\/wp-json\/wp\/v2\/posts\/431645","targetHints":{"allow":["GET"]}}],"collection":[{"href":"https:\/\/www.europesays.com\/fr\/wp-json\/wp\/v2\/posts"}],"about":[{"href":"https:\/\/www.europesays.com\/fr\/wp-json\/wp\/v2\/types\/post"}],"author":[{"embeddable":true,"href":"https:\/\/www.europesays.com\/fr\/wp-json\/wp\/v2\/users\/2"}],"replies":[{"embeddable":true,"href":"https:\/\/www.europesays.com\/fr\/wp-json\/wp\/v2\/comments?post=431645"}],"version-history":[{"count":0,"href":"https:\/\/www.europesays.com\/fr\/wp-json\/wp\/v2\/posts\/431645\/revisions"}],"wp:featuredmedia":[{"embeddable":true,"href":"https:\/\/www.europesays.com\/fr\/wp-json\/wp\/v2\/media\/431646"}],"wp:attachment":[{"href":"https:\/\/www.europesays.com\/fr\/wp-json\/wp\/v2\/media?parent=431645"}],"wp:term":[{"taxonomy":"category","embeddable":true,"href":"https:\/\/www.europesays.com\/fr\/wp-json\/wp\/v2\/categories?post=431645"},{"taxonomy":"post_tag","embeddable":true,"href":"https:\/\/www.europesays.com\/fr\/wp-json\/wp\/v2\/tags?post=431645"}],"curies":[{"name":"wp","href":"https:\/\/api.w.org\/{rel}","templated":true}]}}