{"id":431647,"date":"2025-10-01T17:37:15","date_gmt":"2025-10-01T17:37:15","guid":{"rendered":"https:\/\/www.europesays.com\/fr\/431647\/"},"modified":"2025-10-01T17:37:15","modified_gmt":"2025-10-01T17:37:15","slug":"a-rennes-former-des-champions-nest-pas-un-hasard-cest-une-tradition-le-dossier-du-telegramme-resume-en-video","status":"publish","type":"post","link":"https:\/\/www.europesays.com\/fr\/431647\/","title":{"rendered":"\u00ab\u00a0\u00c0 Rennes, former des champions n\u2019est pas un hasard, c\u2019est une tradition\u00a0\u00bb\u00a0: le dossier du T\u00e9l\u00e9gramme r\u00e9sum\u00e9 en vid\u00e9o"},"content":{"rendered":"<p>Comment, en quelques ann\u00e9es, le Stade Rennais a-t-il pu faire <a href=\"https:\/\/www.letelegramme.fr\/sports\/football\/stade-rennais\/aujourdhui-le-bon-jeune-va-a-rennes-comment-le-centre-de-formation-du-stade-rennais-est-devenu-le-n-1-en-france-6900536.php\" target=\"_blank\" rel=\"nofollow noopener\">sortir de son centre de formation<\/a> Eduardo Camavinga, D\u00e9sir\u00e9 Dou\u00e9 ou encore Ousmane Demb\u00e9l\u00e9 ? Trois joueurs, trois g\u00e9n\u00e9rations et un m\u00eame succ\u00e8s qui les a conduits \u00e0 remporter des Ligue des champions, <a href=\"https:\/\/www.letelegramme.fr\/sports\/football\/cest-un-mec-vrai-ousmane-dembele-ballon-dor-2025-le-sacre-dune-star-du-football-qui-na-jamais-cherche-a-en-etre-une-6895344.php\" target=\"_blank\" rel=\"nofollow noopener\">un Ballon d\u2019Or\u2026<\/a><\/p>\n<p>\u00c0 ce stade, ce n\u2019est plus un hasard. Rennes dispose du meilleur centre de formation de France, il a d\u2019ailleurs \u00e9t\u00e9 distingu\u00e9 n\u00b0 1 pendant trois saisons de suite, dont en 2025, cet \u00e9t\u00e9. Dans <a href=\"https:\/\/www.letelegramme.fr\/sports\/football\/les-secrets-de-la-reussite-du-centre-de-formation-du-stade-rennais-6900210.php\" target=\"_blank\" rel=\"nofollow noopener\">son dossier<\/a> \u00ab Les secrets de la r\u00e9ussite du centre de formation du Stade Rennais \u00bb, Le T\u00e9l\u00e9gramme s\u2019est int\u00e9ress\u00e9 de pr\u00e8s aux coulisses de cette r\u00e9ussite, aux hommes et femmes qui font cette r\u00e9ussite. D\u00e9couvrez le r\u00e9sum\u00e9 de ce dossier en vid\u00e9o.<\/p>\n","protected":false},"excerpt":{"rendered":"Comment, en quelques ann\u00e9es, le Stade Rennais a-t-il pu faire sortir de son centre de formation Eduardo Camavinga,&hellip;\n","protected":false},"author":2,"featured_media":431648,"comment_status":"","ping_status":"","sticky":false,"template":"","format":"standard","meta":{"footnotes":""},"categories":[2821],"tags":[1111,11,829,1777,674,63,1011,27,66,12,584,25,60,3087],"class_list":{"0":"post-431647","1":"post","2":"type-post","3":"status-publish","4":"format-standard","5":"has-post-thumbnail","7":"category-rennes","8":"tag-actu","9":"tag-actualites","10":"tag-bretagne","11":"tag-eu","12":"tag-europe","13":"tag-football","14":"tag-fr","15":"tag-france","16":"tag-ligue-1","17":"tag-news","18":"tag-rennes","19":"tag-republique-francaise","20":"tag-sports","21":"tag-stade-rennais"},"share_on_mastodon":{"url":"https:\/\/pubeurope.com\/@fr\/115300128955394904","error":""},"_links":{"self":[{"href":"https:\/\/www.europesays.com\/fr\/wp-json\/wp\/v2\/posts\/431647","targetHints":{"allow":["GET"]}}],"collection":[{"href":"https:\/\/www.europesays.com\/fr\/wp-json\/wp\/v2\/posts"}],"about":[{"href":"https:\/\/www.europesays.com\/fr\/wp-json\/wp\/v2\/types\/post"}],"author":[{"embeddable":true,"href":"https:\/\/www.europesays.com\/fr\/wp-json\/wp\/v2\/users\/2"}],"replies":[{"embeddable":true,"href":"https:\/\/www.europesays.com\/fr\/wp-json\/wp\/v2\/comments?post=431647"}],"version-history":[{"count":0,"href":"https:\/\/www.europesays.com\/fr\/wp-json\/wp\/v2\/posts\/431647\/revisions"}],"wp:featuredmedia":[{"embeddable":true,"href":"https:\/\/www.europesays.com\/fr\/wp-json\/wp\/v2\/media\/431648"}],"wp:attachment":[{"href":"https:\/\/www.europesays.com\/fr\/wp-json\/wp\/v2\/media?parent=431647"}],"wp:term":[{"taxonomy":"category","embeddable":true,"href":"https:\/\/www.europesays.com\/fr\/wp-json\/wp\/v2\/categories?post=431647"},{"taxonomy":"post_tag","embeddable":true,"href":"https:\/\/www.europesays.com\/fr\/wp-json\/wp\/v2\/tags?post=431647"}],"curies":[{"name":"wp","href":"https:\/\/api.w.org\/{rel}","templated":true}]}}