{"id":431649,"date":"2025-10-01T17:38:25","date_gmt":"2025-10-01T17:38:25","guid":{"rendered":"https:\/\/www.europesays.com\/fr\/431649\/"},"modified":"2025-10-01T17:38:25","modified_gmt":"2025-10-01T17:38:25","slug":"vous-pourrez-lui-poser-vos-questions","status":"publish","type":"post","link":"https:\/\/www.europesays.com\/fr\/431649\/","title":{"rendered":"vous pourrez lui poser vos questions"},"content":{"rendered":"<p>            Par<br \/>\n        <strong><br \/>\n            <a href=\"https:\/\/actu.fr\/auteur\/thomas-blanc\" title=\"Consulter tous les articles de Thomas Blanc\" target=\"_blank\" rel=\"noopener\">Thomas Blanc<\/a><br \/>\n        <\/strong><\/p>\n<p>        Publi\u00e9 le<\/p>\n<p>            1 oct. 2025 \u00e0 16h13<br \/>\n        ; mis \u00e0 jour le 1 oct. 2025 \u00e0 16h14    <\/p>\n<p><a href=\"https:\/\/actu.fr\/tag\/jean-luc-melenchon\" target=\"_blank\" rel=\"noopener\">Jean-Luc M\u00e9lenchon<\/a>, fondateur du mouvement politique <a href=\"https:\/\/actu.fr\/tag\/la-france-insoumise-lfi\" target=\"_blank\" rel=\"noopener\">La France Insoumise (LFI)<\/a> et <strong>trois fois candidat \u00e0 l\u2019\u00e9lection pr\u00e9sidentielle<\/strong>, se pr\u00e9sentera sous sa casquette de co-pr\u00e9sident de l\u2019Institut la Bo\u00e9tie dans une librairie de <a href=\"https:\/\/actu.fr\/strasbourg\/\" target=\"_blank\" rel=\"noopener\">Strasbourg<\/a>, ce vendredi 3 octobre 2025. De nombreuses personnes sont attendues \u00e0 ce rendez-vous qui se composera d\u2019une <strong>conf\u00e9rence<\/strong> puis d\u2019un <strong>\u00e9change<\/strong> entre l\u2019assistance et l\u2019homme politique.\u00a0<\/p>\n<p>La rencontre avec Jean-Luc M\u00e9lenchon pr\u00e9vue ce vendredi \u00e0 18h<\/p>\n<p class=\" wall-content\">La raison de sa venue est la pr\u00e9sentation du deuxi\u00e8me ouvrage collectif de la collection \u00ab\u2009Les livres de l\u2019Institut la Bo\u00e9tie\u2009\u00bb aux \u00e9ditions Amsterdam. L\u2019\u00e9v\u00e8nement se tiendra \u00e0 <strong>la librairie Kl\u00e9ber<\/strong> et est <strong>pr\u00e9vu \u00e0 18h<\/strong>. Apr\u00e8s une prise de parole, Jean-Luc M\u00e9lenchon devrait \u00e9changer avec les personnes sur place.<\/p>\n<p>    <a href=\"https:\/\/www.google.com\/maps\/embed?pb=!1m18!1m12!1m3!1d2639.396534322889!2d7.743562018251574!3d48.58310587622706!2m3!1f0!2f0!3f0!3m2!1i1024!2i768!4f13.1!3m3!1m2!1s0x4796c84ddcfa6b8f%3A0xaec5b0d5ecc9fed1!2sLibrairie%20Kl%C3%A9ber!5e0!3m2!1sfr!2sfr!4v1759315728857!5m2!1sfr!2sfr\" title=\"Ouvrie le lien\" target=\"_blank\" rel=\"noopener\">Cliquez ici pour visualiser le contenu<\/a><\/p>\n<p class=\" wall-content\">La librairie pr\u00e9vient, \u00ab\u2009afin de contenter le plus grand nombre de personnes, Jean-Luc M\u00e9lenchon ne d\u00e9dicacera que le livre <a href=\"https:\/\/www.librairie-kleber.com\/livre\/9782354803223-nouveau-peuple-nouvelle-gauche-julien-talpin\/?utm_source=dma\" target=\"_blank\" rel=\"noopener\">Nouveau peuple, nouvelle gauche<\/a>. Les d\u00e9dicaces sont <strong>r\u00e9serv\u00e9es aux personnes ayant achet\u00e9 le livre \u00e0 la librairie Kl\u00e9ber<\/strong>, veillez \u00e0 conserver vos tickets de caisse.\u2009\u00bb<\/p>\n<p>Qu\u2019est-ce que l\u2019Institut la Bo\u00e9tie\u2009?<\/p>\n<p class=\" wall-content\">\u00ab\u2009L\u2019Institut La Bo\u00e9tie se donne l\u2019ambition d\u2019\u00eatre \u00e0 la fois un lieu d\u2019<strong>\u00e9laboration intellectuelle<\/strong> de haut niveau et un outil d\u2019\u00e9ducation populaire\u2009\u00bb peut-on lire sur son site internet.<\/p>\n<p class=\" wall-content\">Cr\u00e9\u00e9 en 2019 pour soutenir la candidature de Jean-Luc M\u00e9lenchon \u00e0 la pr\u00e9sidentielle de 2022, il publie des <strong>notes th\u00e9matiques<\/strong> et <strong>propose des conf\u00e9rences<\/strong>.<\/p>\n<p>Vendredi 3\u00a0octobre<br \/>18h<br \/>Librairie Kl\u00e9ber, 1 rue des Francs Bourgeois, 67000 Strasbourg<\/p>\n<p class=\" wall-content\">Personnalisez votre actualit\u00e9 en ajoutant vos villes et m\u00e9dias en favori avec <a href=\"https:\/\/moncompte.actu.fr\" title=\"D\u00e9couvez Mon Actu\" rel=\"nofollow noopener\" data-trk=\"{&quot;cta&quot;:{&quot;action&quot;:&quot;https:\\\/\\\/moncompte.actu.fr&quot;,&quot;category&quot;:&quot;mon compte&quot;,&quot;from&quot;:&quot;article footer&quot;,&quot;name&quot;:&quot;Mon actu&quot;,&quot;type&quot;:&quot;cta&quot;}}\" target=\"_blank\">Mon Actu<\/a>.<\/p>\n","protected":false},"excerpt":{"rendered":"Par Thomas Blanc Publi\u00e9 le 1 oct. 2025 \u00e0 16h13 ; mis \u00e0 jour le 1 oct. 2025&hellip;\n","protected":false},"author":2,"featured_media":431650,"comment_status":"","ping_status":"","sticky":false,"template":"","format":"standard","meta":{"footnotes":""},"categories":[2820],"tags":[1111,11,1777,674,1011,27,775,3081,1023,12,316,25,640],"class_list":{"0":"post-431649","1":"post","2":"type-post","3":"status-publish","4":"format-standard","5":"has-post-thumbnail","7":"category-strasbourg","8":"tag-actu","9":"tag-actualites","10":"tag-eu","11":"tag-europe","12":"tag-fr","13":"tag-france","14":"tag-grand-est","15":"tag-jean-luc-melenchon","16":"tag-la-france-insoumise-lfi","17":"tag-news","18":"tag-politique","19":"tag-republique-francaise","20":"tag-strasbourg"},"share_on_mastodon":{"url":"https:\/\/pubeurope.com\/@fr\/115300132764660181","error":""},"_links":{"self":[{"href":"https:\/\/www.europesays.com\/fr\/wp-json\/wp\/v2\/posts\/431649","targetHints":{"allow":["GET"]}}],"collection":[{"href":"https:\/\/www.europesays.com\/fr\/wp-json\/wp\/v2\/posts"}],"about":[{"href":"https:\/\/www.europesays.com\/fr\/wp-json\/wp\/v2\/types\/post"}],"author":[{"embeddable":true,"href":"https:\/\/www.europesays.com\/fr\/wp-json\/wp\/v2\/users\/2"}],"replies":[{"embeddable":true,"href":"https:\/\/www.europesays.com\/fr\/wp-json\/wp\/v2\/comments?post=431649"}],"version-history":[{"count":0,"href":"https:\/\/www.europesays.com\/fr\/wp-json\/wp\/v2\/posts\/431649\/revisions"}],"wp:featuredmedia":[{"embeddable":true,"href":"https:\/\/www.europesays.com\/fr\/wp-json\/wp\/v2\/media\/431650"}],"wp:attachment":[{"href":"https:\/\/www.europesays.com\/fr\/wp-json\/wp\/v2\/media?parent=431649"}],"wp:term":[{"taxonomy":"category","embeddable":true,"href":"https:\/\/www.europesays.com\/fr\/wp-json\/wp\/v2\/categories?post=431649"},{"taxonomy":"post_tag","embeddable":true,"href":"https:\/\/www.europesays.com\/fr\/wp-json\/wp\/v2\/tags?post=431649"}],"curies":[{"name":"wp","href":"https:\/\/api.w.org\/{rel}","templated":true}]}}