{"id":431657,"date":"2025-10-01T17:42:12","date_gmt":"2025-10-01T17:42:12","guid":{"rendered":"https:\/\/www.europesays.com\/fr\/431657\/"},"modified":"2025-10-01T17:42:12","modified_gmt":"2025-10-01T17:42:12","slug":"32-chambres-neonatales-vont-voir-le-jour-a-la-maternite-un-projet-inedit","status":"publish","type":"post","link":"https:\/\/www.europesays.com\/fr\/431657\/","title":{"rendered":"32 chambres n\u00e9onatales vont voir le jour \u00e0 la maternit\u00e9, un projet in\u00e9dit"},"content":{"rendered":"<p>            Par<br \/>\n        <strong><br \/>\n            <a href=\"https:\/\/actu.fr\/auteur\/clemence-pays02-actu-fr\" title=\"Consulter tous les articles de Cl\u00e9mence Pays\" rel=\"nofollow noopener\" target=\"_blank\">Cl\u00e9mence Pays<\/a><br \/>\n        <\/strong><\/p>\n<p>        Publi\u00e9 le<\/p>\n<p>            1 oct. 2025 \u00e0 18h57        <\/p>\n<p>Au sein de <strong>la maternit\u00e9 de Nantes,<\/strong> il y a des couloirs o\u00f9 le calme est de rigueur, encore plus que dans le reste du b\u00e2timent. Chuchotements, pas feutr\u00e9s et gel hydroalcoolique font partie de l\u2019ambiance g\u00e9n\u00e9rale. Ici, c\u2019est <strong>le service de n\u00e9onatalogie<\/strong> qui prend soin des pr\u00e9matur\u00e9s et nouveau-n\u00e9s en difficult\u00e9.<\/p>\n<p class=\" wall-content\">Bient\u00f4t, l\u2019int\u00e9gralit\u00e9 du service d\u00e9m\u00e9nagera sur l\u2019\u00eele de Nantes pour prendre ses quartiers dans <a href=\"https:\/\/actu.fr\/tag\/chu-de-nantes\" rel=\"nofollow noopener\" target=\"_blank\">le nouveau CHU<\/a>. Ce <a href=\"https:\/\/actu.fr\/pays-de-la-loire\/nantes_44109\/futur-chu-de-nantes-les-images-d-un-chantier-titanesque-a-plus-d-un-milliard-d-euros_62203876.html\" rel=\"nofollow noopener\" target=\"_blank\">futur h\u00f4pital<\/a>, qui doit ouvrir en 2027, se veut \u00eatre \u00e0 la pointe. Et la maternit\u00e9 compte bien suivre le mouvement puisqu\u2019en plus de b\u00e9n\u00e9ficier de locaux neufs, le <strong>professeur Cyril Flamant,<\/strong> chef de service de la R\u00e9animation p\u00e9diatrique et n\u00e9onatale, et ses \u00e9quipes souhaitent <strong>mettre en place 32 chambres n\u00e9onatales,<\/strong> pens\u00e9es pour le bien-\u00eatre des parents et leur enfant.<\/p>\n<p>500 pr\u00e9matur\u00e9s par an \u00e0 Nantes<\/p>\n<p>Chaque ann\u00e9e, 75 000 b\u00e9b\u00e9s sont hospitalis\u00e9s \u00e0 la naissance en France, dont 60 000 pr\u00e9matur\u00e9s. \u00c0 la maternit\u00e9 de Nantes, ce sont 500 nouveau-n\u00e9s qui sont hospitalis\u00e9s chaque ann\u00e9e.<\/p>\n<p>Am\u00e9liorer le d\u00e9veloppement des pr\u00e9matur\u00e9s<\/p>\n<p class=\" wall-content\">L\u2019id\u00e9e de ces chambres est d\u2019<strong>am\u00e9nager un espace permettant aux parents de rester pr\u00e8s de leur b\u00e9b\u00e9 pr\u00e9matur\u00e9,<\/strong> le plus souvent possible, notamment gr\u00e2ce \u00e0 la pr\u00e9sence d\u2019un lit.<\/p>\n<blockquote class=\"ac-article-quote wall-content\">\n<p>Ce projet est parti de publications scientifiques qui ont montr\u00e9 que la pr\u00e9sence des parents aupr\u00e8s des b\u00e9b\u00e9s pr\u00e9matur\u00e9s est associ\u00e9e \u00e0 un meilleur devenir des enfants, \u00e0 1 an et \u00e0 5 ans. Cela veut dire qu\u2019il faut qu\u2019on favorise autant que possible la pr\u00e9sence de ces parents, puisque cette pr\u00e9sence-l\u00e0 permet de favoriser le peau \u00e0 peau et promouvoir l\u2019allaitement maternel en aidant la m\u00e8re \u00e0 allaiter. Ces deux pratiques sont associ\u00e9es \u00e0 un meilleur d\u00e9veloppement psychomoteur des pr\u00e9matur\u00e9s.<\/p>\n<p>    <strong>Pr Cyril Flamant<\/strong><br \/>\n        Chef de service de la R\u00e9animation p\u00e9diatrique et n\u00e9onatale au sein de la maternit\u00e9 du CHU de Nantes    <\/p><\/blockquote>\n<p class=\" wall-content\">La question de savoir<strong>\u00a0comment favoriser cette pr\u00e9sence\u2009<\/strong>des parents s\u2019est alors pos\u00e9. La r\u00e9ponse\u2009? \u00ab\u2009Leur <strong>d\u00e9dier un espace,<\/strong> dans les chambres de m\u00e9decine n\u00e9onatale, y compris dans les chambres de r\u00e9animation\u2009\u00bb, retrace le professeur Cyril Flamant.<\/p>\n<p class=\" wall-content\">Si en n\u00e9onatalogie, il n\u2019y a pas de limite du nombre de visite et de leur dur\u00e9e, \u00ab\u2009la question est de savoir, comment on accueille les parents\u2009\u00bb. Le premier pas a \u00e9t\u00e9 de mettre \u00e0 disposition <strong>des lits d\u2019appoints<\/strong> dans les chambres du service, \u00ab\u2009il y a une quinzaine d\u2019ann\u00e9es\u2009\u00bb.<\/p>\n<p>Votre r\u00e9gion, votre actu !<\/p>\n<p>Recevez chaque jour les infos qui comptent pour vous.<\/p>\n<p>\t<a href=\"https:\/\/actu.fr\/newsletter\" class=\"ac-btn ac-btn--corner ac-btn--medium ac-btn--blue800\" rel=\"nofollow noopener\" target=\"_blank\">S&rsquo;incrire<\/a><br \/>\nTrois chambres tests<\/p>\n<p class=\" wall-content\">En parall\u00e8le, le projet du futur CHU a vu le jour. \u00ab\u2009On a voulu <strong>cr\u00e9er des chambres tests<\/strong> pour se projeter dans le futur CHU et montrer qu\u2019avoir un espace pour les parents permet de favoriser leur pr\u00e9sence\u2009\u00bb, explique le chef de service.<\/p>\n<p class=\" wall-content\">Avec l\u2019aide de l\u2019association Berse et de l\u2019\u00c9cole de design de Nantes, une <strong>premi\u00e8re chambre pilote a vu le jour en 2021,<\/strong> en r\u00e9animation, dans l\u2019actuel service de n\u00e9onatalogie. Apr\u00e8s cette exp\u00e9rimentation, \u00ab\u2009on a tir\u00e9 des conclusions sur ce qui \u00e9tait bien et moins bien\u2009\u00bb.<\/p>\n<p>    <img   decoding=\"async\" loading=\"lazy\" src=\"https:\/\/www.europesays.com\/fr\/wp-content\/uploads\/2025\/10\/2-chambres-neonatales-chu-nantes-neonatalogie-professeur-cyril-flamant-prematures-bebes-960x640.jpeg\" alt=\"Une chambre n\u00e9onatale test en soins intensifs a \u00e9t\u00e9 mises en place. Elle fait 14m2 (soit 5m2 de moins que celles qui seront dans le futur CHU) et permet de s\u00e9parer la zone de soins de la zone accueil parents.\" width=\"960\" height=\"640\"\/><br \/>\n    Une chambre n\u00e9onatale test en soins intensifs a \u00e9t\u00e9 mise en place. Elle fait 14m2 (soit 5m2 de moins que celles qui seront dans le futur CHU) et permet de s\u00e9parer la zone de soins de la zone accueil parents. (\u00a9Cl\u00e9mence Pays\/actu Nantes)<\/p>\n<p class=\" wall-content\">L\u2019\u00e9quipe a ensuite mis en place <strong>une deuxi\u00e8me chambre, <\/strong>cette fois en soins intensifs (moins intensifs que la r\u00e9animation). Dans celle-ci, pour r\u00e9pondre aux demandes des familles, l\u2019espace est plus marqu\u00e9 entre la partie soins et la zone d\u00e9di\u00e9e aux parents.<\/p>\n<p class=\" wall-content\">Une <strong>troisi\u00e8me chambre<\/strong> a ensuite \u00e9t\u00e9 am\u00e9nag\u00e9e. \u00ab\u2009On a eu des <strong>retours positifs<\/strong> des parents et des soignants. On a constat\u00e9 que la pr\u00e9sence des parents \u00e9tait plus importante\u2009\u00bb, se satisfait le professeur Cyril Flamant.<\/p>\n<p>9\u2009985\u00a0euros par chambre<\/p>\n<p class=\" wall-content\">Face \u00e0 ce constat le chef de service et les membres du projet ont d\u00e9pos\u00e9 un dossier pour que l\u2019ensemble des chambres en soins intensifs et r\u00e9animation n\u00e9onatales soient dot\u00e9es d\u2019un espace similaire, soit <strong>\u00ab\u200932 chambres, dont 7 doubles\u2009; ce qui fait au total 39 espaces \u00e0 \u00e9quiper\u2009\u00bb. <\/strong>Chaque chambre fera environ 19m2.<\/p>\n<blockquote class=\"ac-article-quote wall-content\">\n<p>Certains centres ont d\u00e9j\u00e0 des espaces d\u00e9di\u00e9s pour les parents. En revanche, Nantes sera le premier centre \u00e0 le proposer pour toutes les chambres, de la maternit\u00e9 jusqu\u2019\u00e0 la r\u00e9animation.<\/p>\n<p>    <strong>Pr Cyril Flamant<\/strong><br \/>\n        Chef de service de la R\u00e9animation p\u00e9diatrique et n\u00e9onatale au sein de la maternit\u00e9 du CHU de Nantes    <\/p><\/blockquote>\n<p class=\" wall-content\">\u00ab\u2009C\u2019est pour \u00e7a qu\u2019on lance <a href=\"https:\/\/3.de-1.isolation.mimecastprotect.com\/?sessionID=1ebeed9a2819451d1a2c\" rel=\"nofollow noopener\" target=\"_blank\">un appel aux dons<\/a> pour subventionner ce projet\u2009\u00bb, argumente le soignant. En effet, le <strong>fonds de dotation du CHU de Nantes,<\/strong> Naovie, a pris en charge le dossier.<\/p>\n<p class=\" wall-content\">\u00ab\u2009On fait appel aux entreprises, aux grandes fondations\u2026 On a lanc\u00e9 la <strong>campagne de collectes<\/strong> il y a quelques mois et on a d\u00e9j\u00e0 des promesses de dons. C\u2019est un travail de longue haleine\u2009\u00bb, d\u00e9taille B\u00e9n\u00e9dicte H\u00e9riss\u00e9, responsable des relations entreprises et du m\u00e9c\u00e9nat pour Naovie.<\/p>\n<p class=\" wall-content\">\n<p class=\" wall-content\">Concr\u00e8tement, les murs des chambres et les \u00e9quipements m\u00e9dicaux sont assur\u00e9s par le CHU, mais ce sont<strong> les \u00e9quipements annexes pour les parents qui vont \u00eatre financ\u00e9s par le fonds de dotation.<\/strong> \u00ab\u2009C\u2019est un projet majeur, <strong>on devient co-soignant en subventionnant ces chambres<\/strong>, estime le professeur Cyril Flamant. C\u2019est un projet concret, leur argent va servir \u00e0 acheter un r\u00e9frig\u00e9rateur, un lit double, un espace bureau\u2026\u2009\u00bb<\/p>\n<p class=\" wall-content\">Pour pouvoir \u00e9quiper ces chambres, le besoin a \u00e9t\u00e9 \u00e9valu\u00e9 \u00e0 <strong>9\u2009985\u00a0euros<\/strong> par chambre.<\/p>\n<p><strong>Infos pratiques\u2009:<\/strong><br \/>\nPour r\u00e9aliser un don rendez-vous sur la page Helloasso <a href=\"https:\/\/www.helloasso.com\/associations\/fonds-de-dotation-du-chu-de-nantes\/formulaires\/38\" rel=\"nofollow noopener\" target=\"_blank\">en cliquant ici<\/a>.<\/p>\n<p class=\" wall-content\">Personnalisez votre actualit\u00e9 en ajoutant vos villes et m\u00e9dias en favori avec <a href=\"https:\/\/moncompte.actu.fr\" title=\"D\u00e9couvez Mon Actu\" rel=\"nofollow noopener\" data-trk=\"{&quot;cta&quot;:{&quot;action&quot;:&quot;https:\\\/\\\/moncompte.actu.fr&quot;,&quot;category&quot;:&quot;mon compte&quot;,&quot;from&quot;:&quot;article footer&quot;,&quot;name&quot;:&quot;Mon actu&quot;,&quot;type&quot;:&quot;cta&quot;}}\" target=\"_blank\">Mon Actu<\/a>.<\/p>\n","protected":false},"excerpt":{"rendered":"Par Cl\u00e9mence Pays Publi\u00e9 le 1 oct. 2025 \u00e0 18h57 Au sein de la maternit\u00e9 de Nantes, il&hellip;\n","protected":false},"author":2,"featured_media":431658,"comment_status":"","ping_status":"","sticky":false,"template":"","format":"standard","meta":{"footnotes":""},"categories":[2818],"tags":[1111,11,7426,1777,674,1011,27,15761,766,12,2636,25,71,104],"class_list":{"0":"post-431657","1":"post","2":"type-post","3":"status-publish","4":"format-standard","5":"has-post-thumbnail","7":"category-nantes","8":"tag-actu","9":"tag-actualites","10":"tag-chu-de-nantes","11":"tag-eu","12":"tag-europe","13":"tag-fr","14":"tag-france","15":"tag-maternite","16":"tag-nantes","17":"tag-news","18":"tag-pays-de-la-loire","19":"tag-republique-francaise","20":"tag-sante","21":"tag-societe"},"share_on_mastodon":{"url":"https:\/\/pubeurope.com\/@fr\/115300148536042454","error":""},"_links":{"self":[{"href":"https:\/\/www.europesays.com\/fr\/wp-json\/wp\/v2\/posts\/431657","targetHints":{"allow":["GET"]}}],"collection":[{"href":"https:\/\/www.europesays.com\/fr\/wp-json\/wp\/v2\/posts"}],"about":[{"href":"https:\/\/www.europesays.com\/fr\/wp-json\/wp\/v2\/types\/post"}],"author":[{"embeddable":true,"href":"https:\/\/www.europesays.com\/fr\/wp-json\/wp\/v2\/users\/2"}],"replies":[{"embeddable":true,"href":"https:\/\/www.europesays.com\/fr\/wp-json\/wp\/v2\/comments?post=431657"}],"version-history":[{"count":0,"href":"https:\/\/www.europesays.com\/fr\/wp-json\/wp\/v2\/posts\/431657\/revisions"}],"wp:featuredmedia":[{"embeddable":true,"href":"https:\/\/www.europesays.com\/fr\/wp-json\/wp\/v2\/media\/431658"}],"wp:attachment":[{"href":"https:\/\/www.europesays.com\/fr\/wp-json\/wp\/v2\/media?parent=431657"}],"wp:term":[{"taxonomy":"category","embeddable":true,"href":"https:\/\/www.europesays.com\/fr\/wp-json\/wp\/v2\/categories?post=431657"},{"taxonomy":"post_tag","embeddable":true,"href":"https:\/\/www.europesays.com\/fr\/wp-json\/wp\/v2\/tags?post=431657"}],"curies":[{"name":"wp","href":"https:\/\/api.w.org\/{rel}","templated":true}]}}