{"id":431659,"date":"2025-10-01T17:43:21","date_gmt":"2025-10-01T17:43:21","guid":{"rendered":"https:\/\/www.europesays.com\/fr\/431659\/"},"modified":"2025-10-01T17:43:21","modified_gmt":"2025-10-01T17:43:21","slug":"des-coups-de-feu-eclatent-en-plein-jour-dans-le-quartier-bottiere-a-nantes-une-enquete-ouverte","status":"publish","type":"post","link":"https:\/\/www.europesays.com\/fr\/431659\/","title":{"rendered":"Des coups de feu \u00e9clatent en plein jour dans le quartier Botti\u00e8re \u00e0 Nantes, une enqu\u00eate ouverte"},"content":{"rendered":"<p>            Par<br \/>\n        <strong><br \/>\n            <a href=\"https:\/\/actu.fr\/auteur\/clemence-pays02-actu-fr\" title=\"Consulter tous les articles de Cl\u00e9mence Pays\" target=\"_blank\" rel=\"noopener\">Cl\u00e9mence Pays<\/a><br \/>\n        <\/strong><\/p>\n<p>        Publi\u00e9 le<\/p>\n<p>            1 oct. 2025 \u00e0 18h34        <\/p>\n<p>L\u2019apr\u00e8s-midi de ce mercredi 1er\u00a0octobre 2025, a \u00e9t\u00e9 marqu\u00e9 par <strong>une salve de tirs d\u2019arme \u00e0 feu<\/strong> dans le <strong>quartier Botti\u00e8re,<\/strong> au nord-est de Nantes, a appris la r\u00e9daction de source polici\u00e8re, confirmant <a href=\"https:\/\/www.ouest-france.fr\/societe\/faits-divers\/une-nouvelle-salve-de-coups-de-feu-dans-le-quartier-de-la-bottiere-a-nantes-il-ny-a-pas-de-blesse-a34ff6ec-9ed4-11f0-b8c9-cb434b3a2a4e\" target=\"_blank\" rel=\"noopener\">Ouest-France<\/a>.<\/p>\n<p class=\" wall-content\">Une personne aurait tir\u00e9 <strong>vers 15h,<\/strong> au niveau de la rue Louis-Guiotton. Une <strong>quinzaine de douilles<\/strong> auraient \u00e9t\u00e9 d\u00e9couvertes sur place. Une enqu\u00eate est ouverte, confirme Antoine Leroy, procureur de la R\u00e9publique au parquet de Nantes.<\/p>\n<p>Un point de deal implant\u00e9<\/p>\n<p class=\" wall-content\">Le quartier de la Botti\u00e8re est connu pour abriter un point de deal. Mardi 30\u00a0septembre, la police, accompagn\u00e9e de CRS et de l\u2019unit\u00e9 K9, a men\u00e9 une <strong>\u00ab\u2009op\u00e9ration coup de poing\u2009\u00bb<\/strong>.<\/p>\n<p class=\" wall-content\">Lors de cette op\u00e9ration, <strong>\u00ab\u2009deux personnes ont \u00e9t\u00e9 interpell\u00e9es\u2009\u00bb,<\/strong> dont une \u00ab\u2009recherch\u00e9e pour des faits de violences et transf\u00e9r\u00e9e au parquet de Saint-Nazaire aujourd\u2019hui [mercredi 1er\u00a0octobre]\u2009\u00bb, a indiqu\u00e9 une source polici\u00e8re \u00e0 <a href=\"https:\/\/actu.fr\/nantes\/\" target=\"_blank\" rel=\"noopener\">actu Nantes<\/a>. Les individus proc\u00e9daient au <strong>blanchiment d\u2019argent liquide<\/strong> sur le point de deal.<\/p>\n<p class=\" wall-content\"><strong>Quinze sachets de r\u00e9sine de cannabis,<\/strong> pr\u00eats \u00e0 \u00eatre vendus, ont \u00e9galement \u00e9t\u00e9 saisis gr\u00e2ce aux chiens de la brigade cynotechnique.<\/p>\n<p class=\" wall-content\">\n<p class=\" wall-content\">La Direction interd\u00e9partementale de la police nationale (DIPN44) indique mener des contr\u00f4les \u00ab\u2009tous les jours\u2009\u00bb dans le secteur, pour lutter contre le narcotrafic.<\/p>\n<p class=\" wall-content\">Pour m\u00e9moire, <strong>un homme de 27\u00a0ans a \u00e9t\u00e9 gravement bless\u00e9 apr\u00e8s avoir \u00e9t\u00e9 vis\u00e9 par un tir d\u2019arme \u00e0 feu,<\/strong> dans la nuit du vendredi\u00a026 au samedi 27\u00a0septembre, quartier Botti\u00e8re.<\/p>\n<p class=\" wall-content\">Personnalisez votre actualit\u00e9 en ajoutant vos villes et m\u00e9dias en favori avec <a href=\"https:\/\/moncompte.actu.fr\" title=\"D\u00e9couvez Mon Actu\" rel=\"nofollow noopener\" data-trk=\"{&quot;cta&quot;:{&quot;action&quot;:&quot;https:\\\/\\\/moncompte.actu.fr&quot;,&quot;category&quot;:&quot;mon compte&quot;,&quot;from&quot;:&quot;article footer&quot;,&quot;name&quot;:&quot;Mon actu&quot;,&quot;type&quot;:&quot;cta&quot;}}\" target=\"_blank\">Mon Actu<\/a>.<\/p>\n","protected":false},"excerpt":{"rendered":"Par Cl\u00e9mence Pays Publi\u00e9 le 1 oct. 2025 \u00e0 18h34 L\u2019apr\u00e8s-midi de ce mercredi 1er\u00a0octobre 2025, a \u00e9t\u00e9&hellip;\n","protected":false},"author":2,"featured_media":431660,"comment_status":"","ping_status":"","sticky":false,"template":"","format":"standard","meta":{"footnotes":""},"categories":[2818],"tags":[1111,11,1052,1777,674,1011,27,766,813,12,2636,1072,25,104],"class_list":{"0":"post-431659","1":"post","2":"type-post","3":"status-publish","4":"format-standard","5":"has-post-thumbnail","7":"category-nantes","8":"tag-actu","9":"tag-actualites","10":"tag-drogue","11":"tag-eu","12":"tag-europe","13":"tag-fr","14":"tag-france","15":"tag-nantes","16":"tag-narcotrafiquants","17":"tag-news","18":"tag-pays-de-la-loire","19":"tag-police","20":"tag-republique-francaise","21":"tag-societe"},"share_on_mastodon":{"url":"https:\/\/pubeurope.com\/@fr\/115300152478306457","error":""},"_links":{"self":[{"href":"https:\/\/www.europesays.com\/fr\/wp-json\/wp\/v2\/posts\/431659","targetHints":{"allow":["GET"]}}],"collection":[{"href":"https:\/\/www.europesays.com\/fr\/wp-json\/wp\/v2\/posts"}],"about":[{"href":"https:\/\/www.europesays.com\/fr\/wp-json\/wp\/v2\/types\/post"}],"author":[{"embeddable":true,"href":"https:\/\/www.europesays.com\/fr\/wp-json\/wp\/v2\/users\/2"}],"replies":[{"embeddable":true,"href":"https:\/\/www.europesays.com\/fr\/wp-json\/wp\/v2\/comments?post=431659"}],"version-history":[{"count":0,"href":"https:\/\/www.europesays.com\/fr\/wp-json\/wp\/v2\/posts\/431659\/revisions"}],"wp:featuredmedia":[{"embeddable":true,"href":"https:\/\/www.europesays.com\/fr\/wp-json\/wp\/v2\/media\/431660"}],"wp:attachment":[{"href":"https:\/\/www.europesays.com\/fr\/wp-json\/wp\/v2\/media?parent=431659"}],"wp:term":[{"taxonomy":"category","embeddable":true,"href":"https:\/\/www.europesays.com\/fr\/wp-json\/wp\/v2\/categories?post=431659"},{"taxonomy":"post_tag","embeddable":true,"href":"https:\/\/www.europesays.com\/fr\/wp-json\/wp\/v2\/tags?post=431659"}],"curies":[{"name":"wp","href":"https:\/\/api.w.org\/{rel}","templated":true}]}}