{"id":431661,"date":"2025-10-01T17:44:10","date_gmt":"2025-10-01T17:44:10","guid":{"rendered":"https:\/\/www.europesays.com\/fr\/431661\/"},"modified":"2025-10-01T17:44:10","modified_gmt":"2025-10-01T17:44:10","slug":"une-premiere-aspirante-annonce-sa-candidature-dans-cette-ville-pres-de-bordeaux","status":"publish","type":"post","link":"https:\/\/www.europesays.com\/fr\/431661\/","title":{"rendered":"une premi\u00e8re aspirante annonce sa candidature dans cette ville pr\u00e8s de Bordeaux"},"content":{"rendered":"<p>            Par<br \/>\n        <strong><br \/>\n            <a href=\"https:\/\/actu.fr\/auteur\/edwin-bleunven\" title=\"Consulter tous les articles de Edwin Bleunven\" rel=\"nofollow noopener\" target=\"_blank\">Edwin Bleunven<\/a><br \/>\n        <\/strong><\/p>\n<p>        Publi\u00e9 le<\/p>\n<p>            1 oct. 2025 \u00e0 19h00        <\/p>\n<p>Qui succ\u00e9dera \u00e0 Christian Tamarelle\u2009? Le maire actuel de <a href=\"https:\/\/actu.fr\/nouvelle-aquitaine\/saint-medard-d-eyrans_33448\" rel=\"nofollow noopener\" target=\"_blank\">Saint-M\u00e9dard-d\u2019Eyrans<\/a>, en <a href=\"https:\/\/actu.fr\/nouvelle-aquitaine\/gironde_33\" rel=\"nofollow noopener\" target=\"_blank\">Gironde<\/a>, a annonc\u00e9 qu\u2019il ne se repr\u00e9senterait pas en <b>mars\u00a02026<\/b>. Pas de nouveau mandat pour celui install\u00e9 sur le fauteuil de maire de la commune depuis 1997. \u00c0 ses c\u00f4t\u00e9s depuis 2008 comme conseill\u00e8re puis adjointe, <b>Laure G\u00e9rard<\/b> esp\u00e8re \u00eatre la prochaine \u00e9dile. C\u2019est pourquoi elle lance officiellement sa candidature.<\/p>\n<p>Trois mandats en tant qu\u2019\u00e9lue au conseil municipal<\/p>\n<p class=\" wall-content\">Apr\u00e8s un premier mandat en tant qu\u2019\u00e9lue, elle \u00e9tait devenue <b>adjointe au maire<\/b> en charge des animations communales. Avant, lors de son troisi\u00e8me mandat (depuis 2020), de passer adjointe aux<b> affaires scolaires<\/b> et \u00e0 la jeunesse.<\/p>\n<p class=\" wall-content\">Aujourd\u2019hui, elle sent que c\u2019est le moment de se lancer et de <b>prendre la t\u00eate d\u2019une liste<\/b>\u2009:<\/p>\n<blockquote class=\"ac-article-quote wall-content\">\n<p>\u00c7a m\u2019a plu, j\u2019ai aim\u00e9 et j\u2019ai envie d\u2019y rester. Je sens que c\u2019est le moment.<\/p>\n<p>Laure G\u00e9rard<\/p><\/blockquote>\n<p>Faire dans la continuit\u00e9 et redynamiser Saint-M\u00e9dard-d\u2019Eyrans<\/p>\n<p class=\" wall-content\">La conductrice de chantier <b>ne veut pas s\u2019inscrire \u00e0 l\u2019oppos\u00e9<\/b> de ce qui a \u00e9t\u00e9 fait jusque-l\u00e0. Elle r\u00e9v\u00e8le d\u2019ailleurs qu\u2019elle serait repartie aux c\u00f4t\u00e9s du maire actuel en cas de nouvelle aventure \u00e9lectorale (Christian Tamarelle soutiendra une autre liste).<\/p>\n<p>Vid\u00e9os : en ce moment sur Actu<\/p>\n<blockquote class=\"ac-article-quote wall-content\">\n<p>On n\u2019est pas dans l\u2019opposition.<\/p>\n<p>Laure G\u00e9rard<\/p><\/blockquote>\n<p class=\" wall-content\">Elle souhaite s\u2019inscrire dans une <b>continuit\u00e9<\/b>, mais aussi dans un <b>redynamisme <\/b>communal.<\/p>\n<p>Votre r\u00e9gion, votre actu !<\/p>\n<p>Recevez chaque jour les infos qui comptent pour vous.<\/p>\n<p>\t<a href=\"https:\/\/actu.fr\/newsletter\" class=\"ac-btn ac-btn--corner ac-btn--medium ac-btn--blue800\" rel=\"nofollow noopener\" target=\"_blank\">S&rsquo;incrire<\/a><br \/>\nUne liste compl\u00e8te bient\u00f4t annonc\u00e9e,<\/p>\n<p class=\" wall-content\">Aussi, la quinquag\u00e9naire signale que <b>sa liste est compl\u00e8te<\/b>. Elle compte la pr\u00e9senter dans les prochaines semaines aux habitants de son village\u2009:<\/p>\n<blockquote class=\"ac-article-quote wall-content\">\n<p>J\u2019ai fait une liste qui me ressemble.<\/p>\n<p>Laure G\u00e9rard<\/p><\/blockquote>\n<p class=\" wall-content\">Enfin, elle reste encore vague sur son programme, mais fait savoir qu\u2019elle a d\u00e9j\u00e0 bien avanc\u00e9. Elle a notamment recueilli l\u2019avis de Saint-M\u00e9dardais \u00e0 l\u2019aide d\u2019<b>un questionnaire<\/b> mis \u00e0 leur disposition sur les r\u00e9seaux sociaux.<\/p>\n<p class=\" wall-content\">Une base sur laquelle elle va s\u2019appuyer pour pr\u00e9senter son programme. De plus, d\u00e8s le mois d\u2019octobre\u00a02025, la candidate ira<b> \u00e0 la rencontre des administr\u00e9s<\/b>.<\/p>\n<blockquote class=\"ac-article-quote wall-content\">\n<p>C\u2019est important de passer de l\u2019autre c\u00f4t\u00e9 de la barri\u00e8re et de savoir ce que veulent les Saint-M\u00e9dardais.<\/p>\n<p>Laure G\u00e9rard<\/p><\/blockquote>\n<p class=\" wall-content\">La course \u00e0 la mairie est lanc\u00e9e \u00e0 Saint-M\u00e9dard-d\u2019Eyrans.<\/p>\n<p class=\" wall-content\">Personnalisez votre actualit\u00e9 en ajoutant vos villes et m\u00e9dias en favori avec <a href=\"https:\/\/moncompte.actu.fr\" title=\"D\u00e9couvez Mon Actu\" rel=\"nofollow noopener\" data-trk=\"{&quot;cta&quot;:{&quot;action&quot;:&quot;https:\\\/\\\/moncompte.actu.fr&quot;,&quot;category&quot;:&quot;mon compte&quot;,&quot;from&quot;:&quot;article footer&quot;,&quot;name&quot;:&quot;Mon actu&quot;,&quot;type&quot;:&quot;cta&quot;}}\" target=\"_blank\">Mon Actu<\/a>.<\/p>\n","protected":false},"excerpt":{"rendered":"Par Edwin Bleunven Publi\u00e9 le 1 oct. 2025 \u00e0 19h00 Qui succ\u00e9dera \u00e0 Christian Tamarelle\u2009? Le maire actuel&hellip;\n","protected":false},"author":2,"featured_media":431662,"comment_status":"","ping_status":"","sticky":false,"template":"","format":"standard","meta":{"footnotes":""},"categories":[2817],"tags":[1111,11,1997,4188,1777,674,1011,27,3434,12,2219,316,25],"class_list":{"0":"post-431661","1":"post","2":"type-post","3":"status-publish","4":"format-standard","5":"has-post-thumbnail","7":"category-bordeaux","8":"tag-actu","9":"tag-actualites","10":"tag-bordeaux","11":"tag-elections-municipales","12":"tag-eu","13":"tag-europe","14":"tag-fr","15":"tag-france","16":"tag-municipales-2026","17":"tag-news","18":"tag-nouvelle-aquitaine","19":"tag-politique","20":"tag-republique-francaise"},"share_on_mastodon":{"url":"https:\/\/pubeurope.com\/@fr\/115300156334464169","error":""},"_links":{"self":[{"href":"https:\/\/www.europesays.com\/fr\/wp-json\/wp\/v2\/posts\/431661","targetHints":{"allow":["GET"]}}],"collection":[{"href":"https:\/\/www.europesays.com\/fr\/wp-json\/wp\/v2\/posts"}],"about":[{"href":"https:\/\/www.europesays.com\/fr\/wp-json\/wp\/v2\/types\/post"}],"author":[{"embeddable":true,"href":"https:\/\/www.europesays.com\/fr\/wp-json\/wp\/v2\/users\/2"}],"replies":[{"embeddable":true,"href":"https:\/\/www.europesays.com\/fr\/wp-json\/wp\/v2\/comments?post=431661"}],"version-history":[{"count":0,"href":"https:\/\/www.europesays.com\/fr\/wp-json\/wp\/v2\/posts\/431661\/revisions"}],"wp:featuredmedia":[{"embeddable":true,"href":"https:\/\/www.europesays.com\/fr\/wp-json\/wp\/v2\/media\/431662"}],"wp:attachment":[{"href":"https:\/\/www.europesays.com\/fr\/wp-json\/wp\/v2\/media?parent=431661"}],"wp:term":[{"taxonomy":"category","embeddable":true,"href":"https:\/\/www.europesays.com\/fr\/wp-json\/wp\/v2\/categories?post=431661"},{"taxonomy":"post_tag","embeddable":true,"href":"https:\/\/www.europesays.com\/fr\/wp-json\/wp\/v2\/tags?post=431661"}],"curies":[{"name":"wp","href":"https:\/\/api.w.org\/{rel}","templated":true}]}}