{"id":431675,"date":"2025-10-01T17:51:10","date_gmt":"2025-10-01T17:51:10","guid":{"rendered":"https:\/\/www.europesays.com\/fr\/431675\/"},"modified":"2025-10-01T17:51:10","modified_gmt":"2025-10-01T17:51:10","slug":"marseille-un-partenariat-entre-le-port-et-8-plateformes-multimodales","status":"publish","type":"post","link":"https:\/\/www.europesays.com\/fr\/431675\/","title":{"rendered":"Marseille : Un partenariat entre le port et 8 plateformes multimodales"},"content":{"rendered":"<p>Le 3 d\u00e9cembre, \u00e0 Paris, le grand port maritime de Marseille et les  plateformes de Pagny, Chalon, M\u00e2con, Villefranche, Avignon-Le Pontet et Arles concluront un partenariat de promotion qui s&rsquo;exercera sous le nom de Med Link Ports, avec le soutien de Voies Navigables de France. L&rsquo;objectif est notamment de promouvoir le d\u00e9veloppement du transport fluvial, qui a enregistr\u00e9 une forte croissance ces derni\u00e8res ann\u00e9es. De 2002 \u00e0 2007, le trafic fluvial a, ainsi, progress\u00e9 de 60%, toutes cat\u00e9gories confondues, au port de Marseille-Fos. Le tonnage de marchandises (conteneurs, hydrocarbures, vracs liquides, vrac solides) transport\u00e9 par voie fluviale est pass\u00e9 d&rsquo;1,8 million de tonnes en 2002 \u00e0 2,7 millions de tonnes en 2007. La part modale du fluvial atteint ainsi 5,34%, contre 3,65% en 2002. La croissance du mode fluvial est encore plus spectaculaire pour les trafics de conteneurs qui ont tripl\u00e9 sur la p\u00e9riode. Il y a six ans, moins de 20.000 conteneurs \u00e9taient transport\u00e9s via le fleuve contre 59.000 conteneurs en 2007 soit 8,3% des conteneurs trait\u00e9s \u00e0 Fos.  <\/p>\n","protected":false},"excerpt":{"rendered":"Le 3 d\u00e9cembre, \u00e0 Paris, le grand port maritime de Marseille et les plateformes de Pagny, Chalon, M\u00e2con,&hellip;\n","protected":false},"author":2,"featured_media":431676,"comment_status":"","ping_status":"","sticky":false,"template":"","format":"standard","meta":{"footnotes":""},"categories":[2814],"tags":[1111,11,6130,6141,6131,6138,2380,6135,554,1777,6136,674,1011,27,6139,6134,3135,6128,567,6129,884,6127,12,6132,4838,882,6133,25,6140,6137],"class_list":{"0":"post-431675","1":"post","2":"type-post","3":"status-publish","4":"format-standard","5":"has-post-thumbnail","7":"category-marseille","8":"tag-actu","9":"tag-actualites","10":"tag-chantiers","11":"tag-commando","12":"tag-construction-navale","13":"tag-costa","14":"tag-croisiere","15":"tag-dcns","16":"tag-defense","17":"tag-eu","18":"tag-euronaval","19":"tag-europe","20":"tag-fr","21":"tag-france","22":"tag-fremm","23":"tag-interviews","24":"tag-littoral","25":"tag-marine","26":"tag-marine-nationale","27":"tag-maritime","28":"tag-marseille","29":"tag-mer","30":"tag-news","31":"tag-offshore","32":"tag-peche","33":"tag-provence-alpes-cote-dazur","34":"tag-reportages","35":"tag-republique-francaise","36":"tag-sncm","37":"tag-stx"},"share_on_mastodon":{"url":"https:\/\/pubeurope.com\/@fr\/115300183915761805","error":""},"_links":{"self":[{"href":"https:\/\/www.europesays.com\/fr\/wp-json\/wp\/v2\/posts\/431675","targetHints":{"allow":["GET"]}}],"collection":[{"href":"https:\/\/www.europesays.com\/fr\/wp-json\/wp\/v2\/posts"}],"about":[{"href":"https:\/\/www.europesays.com\/fr\/wp-json\/wp\/v2\/types\/post"}],"author":[{"embeddable":true,"href":"https:\/\/www.europesays.com\/fr\/wp-json\/wp\/v2\/users\/2"}],"replies":[{"embeddable":true,"href":"https:\/\/www.europesays.com\/fr\/wp-json\/wp\/v2\/comments?post=431675"}],"version-history":[{"count":0,"href":"https:\/\/www.europesays.com\/fr\/wp-json\/wp\/v2\/posts\/431675\/revisions"}],"wp:featuredmedia":[{"embeddable":true,"href":"https:\/\/www.europesays.com\/fr\/wp-json\/wp\/v2\/media\/431676"}],"wp:attachment":[{"href":"https:\/\/www.europesays.com\/fr\/wp-json\/wp\/v2\/media?parent=431675"}],"wp:term":[{"taxonomy":"category","embeddable":true,"href":"https:\/\/www.europesays.com\/fr\/wp-json\/wp\/v2\/categories?post=431675"},{"taxonomy":"post_tag","embeddable":true,"href":"https:\/\/www.europesays.com\/fr\/wp-json\/wp\/v2\/tags?post=431675"}],"curies":[{"name":"wp","href":"https:\/\/api.w.org\/{rel}","templated":true}]}}