{"id":431677,"date":"2025-10-01T17:52:21","date_gmt":"2025-10-01T17:52:21","guid":{"rendered":"https:\/\/www.europesays.com\/fr\/431677\/"},"modified":"2025-10-01T17:52:21","modified_gmt":"2025-10-01T17:52:21","slug":"deux-accidents-coup-sur-coup-impliquant-velo-et-trottinette-sur-cet-axe-tres-frequente","status":"publish","type":"post","link":"https:\/\/www.europesays.com\/fr\/431677\/","title":{"rendered":"deux accidents coup sur coup impliquant v\u00e9lo et trottinette sur cet axe tr\u00e8s fr\u00e9quent\u00e9"},"content":{"rendered":"<p itemprop=\"description\"><strong>\u00c0 quelques centaines de m\u00e8tres l&rsquo;un de l&rsquo;autre&#8230;<\/strong><\/p>\n<p>Deux collisions distinctes se sont produites ce mercredi 1er octobre dans l\u2019apr\u00e8s-midi sur le cours Albert-Thomas, \u00e0 Lyon, non loin de la station de m\u00e9tro Sans-Souci.<\/p>\n<p>Le premier accident s\u2019est d\u00e9roul\u00e9 \u00e0 l\u2019angle de la rue Jeanne Koehler, devant le coll\u00e8ge Dargent. Un automobiliste a ouvert la porti\u00e8re de son v\u00e9hicule au moment o\u00f9 un cycliste arrivait. Le choc a provoqu\u00e9 la chute du cycliste, pris en charge par les sapeurs-pompiers et transport\u00e9 \u00e0 l\u2019h\u00f4pital en urgence relative, pr\u00e9cise Le Progr\u00e8s.\u00a0<\/p>\n<p>Quasi simultan\u00e9ment, une seconde intervention a mobilis\u00e9 les secours \u00e0 hauteur de l\u2019Universit\u00e9 Lyon 3, au num\u00e9ro 1 du cours Albert-Thomas. Cette fois, un conducteur de trottinette a \u00e9t\u00e9 bless\u00e9 lors d\u2019une collision avec une voiture. Lui aussi a \u00e9t\u00e9 \u00e9vacu\u00e9 vers l\u2019h\u00f4pital en urgence relative.<\/p>\n<p>Dans les deux cas, le pronostic vital des victimes n\u2019\u00e9tait pas engag\u00e9.<\/p>\n","protected":false},"excerpt":{"rendered":"\u00c0 quelques centaines de m\u00e8tres l&rsquo;un de l&rsquo;autre&#8230; Deux collisions distinctes se sont produites ce mercredi 1er octobre&hellip;\n","protected":false},"author":2,"featured_media":431678,"comment_status":"","ping_status":"","sticky":false,"template":"","format":"standard","meta":{"footnotes":""},"categories":[1889],"tags":[1111,11,2813,2190,2430,1109,251,1112,2811,1777,674,118,1011,27,1922,1110,1114,2428,2810,12,241,316,25,2812,517,800],"class_list":{"0":"post-431677","1":"post","2":"type-post","3":"status-publish","4":"format-standard","5":"has-post-thumbnail","7":"category-lyon","8":"tag-actu","9":"tag-actualites","10":"tag-article","11":"tag-asvel","12":"tag-auvergne-rhone-alpes","13":"tag-breves","14":"tag-culture","15":"tag-depeches","16":"tag-economique","17":"tag-eu","18":"tag-europe","19":"tag-faits-divers","20":"tag-fr","21":"tag-france","22":"tag-info","23":"tag-informations","24":"tag-infos","25":"tag-lyon","26":"tag-lyonmag","27":"tag-news","28":"tag-ol","29":"tag-politique","30":"tag-republique-francaise","31":"tag-sociale","32":"tag-sport","33":"tag-transports"},"share_on_mastodon":{"url":"https:\/\/pubeurope.com\/@fr\/115300187783703387","error":""},"_links":{"self":[{"href":"https:\/\/www.europesays.com\/fr\/wp-json\/wp\/v2\/posts\/431677","targetHints":{"allow":["GET"]}}],"collection":[{"href":"https:\/\/www.europesays.com\/fr\/wp-json\/wp\/v2\/posts"}],"about":[{"href":"https:\/\/www.europesays.com\/fr\/wp-json\/wp\/v2\/types\/post"}],"author":[{"embeddable":true,"href":"https:\/\/www.europesays.com\/fr\/wp-json\/wp\/v2\/users\/2"}],"replies":[{"embeddable":true,"href":"https:\/\/www.europesays.com\/fr\/wp-json\/wp\/v2\/comments?post=431677"}],"version-history":[{"count":0,"href":"https:\/\/www.europesays.com\/fr\/wp-json\/wp\/v2\/posts\/431677\/revisions"}],"wp:featuredmedia":[{"embeddable":true,"href":"https:\/\/www.europesays.com\/fr\/wp-json\/wp\/v2\/media\/431678"}],"wp:attachment":[{"href":"https:\/\/www.europesays.com\/fr\/wp-json\/wp\/v2\/media?parent=431677"}],"wp:term":[{"taxonomy":"category","embeddable":true,"href":"https:\/\/www.europesays.com\/fr\/wp-json\/wp\/v2\/categories?post=431677"},{"taxonomy":"post_tag","embeddable":true,"href":"https:\/\/www.europesays.com\/fr\/wp-json\/wp\/v2\/tags?post=431677"}],"curies":[{"name":"wp","href":"https:\/\/api.w.org\/{rel}","templated":true}]}}