{"id":431683,"date":"2025-10-01T17:56:13","date_gmt":"2025-10-01T17:56:13","guid":{"rendered":"https:\/\/www.europesays.com\/fr\/431683\/"},"modified":"2025-10-01T17:56:13","modified_gmt":"2025-10-01T17:56:13","slug":"a-quoi-faut-il-sattendre-dans-les-rer-et-transilien-en-ile-de-france","status":"publish","type":"post","link":"https:\/\/www.europesays.com\/fr\/431683\/","title":{"rendered":"\u00e0 quoi faut-il s&rsquo;attendre dans les RER et Transilien en Ile-de-France\u00a0?"},"content":{"rendered":"<p>            Par<br \/>\n        <strong><br \/>\n            <a href=\"https:\/\/actu.fr\/auteur\/redaction-paris\" title=\"Consulter tous les articles de R\u00e9daction Paris\" target=\"_blank\" rel=\"noopener\">R\u00e9daction Paris<\/a><br \/>\n        <\/strong><\/p>\n<p>        Publi\u00e9 le<\/p>\n<p>            1 oct. 2025 \u00e0 19h50        <\/p>\n<p>\u00c0 mesure que la journ\u00e9e approche, <strong>la mobilisation se pr\u00e9cise<\/strong>. Ce mercredi 1er octobre 2025, <a href=\"https:\/\/actu.fr\/ile-de-france\/paris_75056\/ratp-et-sncf-greve-du-2-octobre-quelles-perturbations-dans-le-metro-et-le-rer-a-paris-et-en-ile-de-france_63236367.html\" target=\"_blank\" rel=\"noopener\">les pr\u00e9visions du trafic des trains et RER<\/a> ont \u00e9t\u00e9 annonc\u00e9es par Transilien SNCF Voyageurs pour \u00cele-de-France Mobilit\u00e9s.\u00a0Le trafic des m\u00e9tros du r\u00e9seau RATP sera en revanche \u00ab\u2009normal\u2009\u00bb, jeudi 2 octobre 2025, en d\u00e9pit de l\u2019appel \u00e0 <a href=\"https:\/\/actu.fr\/ile-de-france\/paris_75056\/greve-du-2-octobre-le-parcours-et-l-horaire-de-depart-de-la-manifestation-prevue-a-paris_63239483.html\" target=\"_blank\" rel=\"noopener\">la gr\u00e8ve pour la mobilisation du 2 octobre<\/a> contre le Budget, avait annonc\u00e9 mardi le minist\u00e8re des Transports, \u00e0 l\u2019issue d\u2019une r\u00e9union mardi avec les exploitants.<\/p>\n<p>RER<\/p>\n<p class=\" wall-content\"><strong>RER A :<\/strong> \u00a0Service normal<\/p>\n<p class=\" wall-content\"><strong>RER B :<\/strong>\u00a0Trafic quasi normal. Pas de changement de train n\u00e9cessaire \u00e0 Gare du Nord<\/p>\n<p class=\" wall-content\"><strong>RER C : <\/strong>Pr\u00e9voir trois trains sur quatre<\/p>\n<p class=\" wall-content\"><strong>RER D :<\/strong> Pr\u00e9voir un train sur deux entre Creil et Corbeil-Essonnes<br \/>\u2013 Premier train en direction de Creil \u00e0 5h13, dernier train \u00e0 22h13.<br \/>\u2013 Premier train en direction de Corbeil-Essonnes \u00e0 5h46, dernier train \u00e0 22h48.<br \/>Un train sur deux entre Goussainville et Melun<br \/>\u2013 Premier train en direction de Goussainville \u00e0 5h38, dernier train \u00e0 22h43.<br \/>\u2013 Premier train en direction de Melun \u00e0 5h36, dernier train \u00e0 22h39.<br \/>Un train sur trois (uniquement entre 6h et 9h puis entre 17h et 20h30) entre Corbeil-Essonnes et Melun<br \/>\u2013 Premier train en direction de Corbeil-Essonnes \u00e0 6h11, dernier train \u00e0 19h56.<br \/>\u2013 Premier train en direction de Melun \u00e0 6h32, dernier train \u00e0 19h32.<br \/>Un train sur trois entre Juvisy et Malesherbes via Ris Orangis<br \/>\u2013 Premier train en direction de Corbeil-Essonnes \u00e0 5h18, dernier train \u00e0 19h48.<br \/>\u2013 Premier train en direction de Malesherbes \u00e0 6h04, dernier train \u00e0 21h25.<\/p>\n<p class=\" wall-content\"><strong>RER E :<\/strong> Pr\u00e9voir deux trains sur trois et les derniers trains \u00e0 circuler\u00a0<br \/>\u2013 D\u00e9part \u00e0 Nanterre-la-Folie vers Chelles Gournay\u00a0: 22h38<br \/>\u2013 D\u00e9part \u00e0 Nanterre-la-Folie vers Villiers-sur-Marne\u00a0: 22h11<br \/>\u2013 D\u00e9part \u00e0 Nanterre-la-Folie vers Tournan\u00a0: 21h34<br \/>\u2013 D\u00e9part \u00e0 Chelles Gournay vers Nanterre-la-Folie\u00a0: 22h33<br \/>\u2013 D\u00e9part \u00e0 Villiers-sur-Marne vers Nanterre-la-Folie\u00a0: 22h04<br \/>\u2013 D\u00e9part \u00e0 Tournan vers Nanterre-la-Folie\u00a0: 21h53<\/p>\n<p>Transilien<\/p>\n<p class=\" wall-content\"><strong>Ligne H :<\/strong> Pr\u00e9voir neuf trains sur dix except\u00e9 entre Pontoise et Creil, pr\u00e9voir deux trains sur trois.<\/p>\n<p>Votre r\u00e9gion, votre actu !<\/p>\n<p>Recevez chaque jour les infos qui comptent pour vous.<\/p>\n<p>\t<a href=\"https:\/\/actu.fr\/newsletter\" class=\"ac-btn ac-btn--corner ac-btn--medium ac-btn--blue800\" target=\"_blank\" rel=\"noopener\">S&rsquo;incrire<\/a><\/p>\n<p class=\" wall-content\"><strong>Ligne J :<\/strong> Service normal<\/p>\n<p class=\" wall-content\"><strong>Ligne K :<\/strong>\u00a0Service normal<\/p>\n<p class=\" wall-content\"><strong>Ligne L :<\/strong> Pr\u00e9voir deux trains sur trois<\/p>\n<p class=\" wall-content\"><strong>Ligne N : <\/strong>Pr\u00e9voir trois trains sur quatre<\/p>\n<p class=\" wall-content\"><strong>Ligne P :\u00a0<\/strong>Service normal<\/p>\n<p class=\" wall-content\"><strong>Ligne R :<\/strong> Pr\u00e9voir un train sur deux (uniquement entre 6h et 9h puis entre 16h30 et 22h30) entre Paris Gare de Lyon et Montereau via Moret\u00a0<br \/>\u2013 Premier train en direction de Montereau \u00e0 6h46, dernier train \u00e0 22h44.<br \/>\u2013 Premier train en direction de Gare de Lyon \u00e0 5h44, dernier train \u00e0 21h15.<br \/>Un train sur deux entre Paris Gare de Lyon et Montargis\u00a0<br \/>\u2013 Premier train en direction de Montargis \u00e0 6h16, dernier train \u00e0 20h16.<br \/>\u2013 Premier train en direction de Gare de Lyon \u00e0 4h48, dernier train \u00e0 19h02.<br \/>Un train sur trois (uniquement entre 6h et 9h puis entre 17h et 19h) entre Melun et Montereau via H\u00e9ricy<br \/>\u2013 Premier train en direction de Melun \u00e0 6h02, dernier train \u00e0 18h29.<br \/>\u2013 Premier train en direction de Montereau \u00e0 6h49, dernier train \u00e0 19h19.\u00a0<\/p>\n<p class=\" wall-content\"><strong>Ligne U :<\/strong> Pr\u00e9voir 3 trains sur 5<\/p>\n<p class=\" wall-content\"><strong>Ligne V : <\/strong>Service normal<\/p>\n<p class=\" wall-content\">Personnalisez votre actualit\u00e9 en ajoutant vos villes et m\u00e9dias en favori avec <a href=\"https:\/\/moncompte.actu.fr\" title=\"D\u00e9couvez Mon Actu\" rel=\"nofollow noopener\" data-trk=\"{&quot;cta&quot;:{&quot;action&quot;:&quot;https:\\\/\\\/moncompte.actu.fr&quot;,&quot;category&quot;:&quot;mon compte&quot;,&quot;from&quot;:&quot;article footer&quot;,&quot;name&quot;:&quot;Mon actu&quot;,&quot;type&quot;:&quot;cta&quot;}}\" target=\"_blank\">Mon Actu<\/a>.<\/p>\n","protected":false},"excerpt":{"rendered":"Par R\u00e9daction Paris Publi\u00e9 le 1 oct. 2025 \u00e0 19h50 \u00c0 mesure que la journ\u00e9e approche, la mobilisation&hellip;\n","protected":false},"author":2,"featured_media":431684,"comment_status":"","ping_status":"","sticky":false,"template":"","format":"standard","meta":{"footnotes":""},"categories":[1888],"tags":[1111,1928,11,1927,1777,674,1011,27,6151,12,1926,626,1925,25,2215,104,2803],"class_list":{"0":"post-431683","1":"post","2":"type-post","3":"status-publish","4":"format-standard","5":"has-post-thumbnail","7":"category-paris","8":"tag-actu","9":"tag-actu-paris","10":"tag-actualites","11":"tag-actualites-paris","12":"tag-eu","13":"tag-europe","14":"tag-fr","15":"tag-france","16":"tag-greve","17":"tag-news","18":"tag-news-paris","19":"tag-paris","20":"tag-paris-news","21":"tag-republique-francaise","22":"tag-sncf","23":"tag-societe","24":"tag-transport"},"share_on_mastodon":{"url":"https:\/\/pubeurope.com\/@fr\/115300203486206913","error":""},"_links":{"self":[{"href":"https:\/\/www.europesays.com\/fr\/wp-json\/wp\/v2\/posts\/431683","targetHints":{"allow":["GET"]}}],"collection":[{"href":"https:\/\/www.europesays.com\/fr\/wp-json\/wp\/v2\/posts"}],"about":[{"href":"https:\/\/www.europesays.com\/fr\/wp-json\/wp\/v2\/types\/post"}],"author":[{"embeddable":true,"href":"https:\/\/www.europesays.com\/fr\/wp-json\/wp\/v2\/users\/2"}],"replies":[{"embeddable":true,"href":"https:\/\/www.europesays.com\/fr\/wp-json\/wp\/v2\/comments?post=431683"}],"version-history":[{"count":0,"href":"https:\/\/www.europesays.com\/fr\/wp-json\/wp\/v2\/posts\/431683\/revisions"}],"wp:featuredmedia":[{"embeddable":true,"href":"https:\/\/www.europesays.com\/fr\/wp-json\/wp\/v2\/media\/431684"}],"wp:attachment":[{"href":"https:\/\/www.europesays.com\/fr\/wp-json\/wp\/v2\/media?parent=431683"}],"wp:term":[{"taxonomy":"category","embeddable":true,"href":"https:\/\/www.europesays.com\/fr\/wp-json\/wp\/v2\/categories?post=431683"},{"taxonomy":"post_tag","embeddable":true,"href":"https:\/\/www.europesays.com\/fr\/wp-json\/wp\/v2\/tags?post=431683"}],"curies":[{"name":"wp","href":"https:\/\/api.w.org\/{rel}","templated":true}]}}