{"id":431689,"date":"2025-10-01T17:59:13","date_gmt":"2025-10-01T17:59:13","guid":{"rendered":"https:\/\/www.europesays.com\/fr\/431689\/"},"modified":"2025-10-01T17:59:13","modified_gmt":"2025-10-01T17:59:13","slug":"fashion-week-de-paris-chez-dior-jonathan-anderson-releve-le-defi-du-feminin-actualites","status":"publish","type":"post","link":"https:\/\/www.europesays.com\/fr\/431689\/","title":{"rendered":"Fashion Week de Paris: chez Dior, Jonathan Anderson rel\u00e8ve le d\u00e9fi du f\u00e9minin : Actualit\u00e9s"},"content":{"rendered":"<p class=\"lead \">Pari r\u00e9ussi pour Jonathan Anderson: le nouveau directeur artistique de Dior a d\u00e9voil\u00e9 mercredi \u00e0 Paris une premi\u00e8re collection femme m\u00ealant les codes embl\u00e9matiques de la maison \u00e0 son style avant-gardiste, salu\u00e9e par une standing ovation.<\/p>\n<p class=\"lead \">Le d\u00e9fil\u00e9, organis\u00e9 au c\u0153ur d&rsquo;une structure \u00e9ph\u00e9m\u00e8re install\u00e9e dans le Jardin des Tuileries, \u00e9tait l&rsquo;un des moments les plus attendus de la Fashion Week printemps-\u00e9t\u00e9 2026, avec les d\u00e9buts de Matthieu Blazy chez Chanel lundi prochain.<\/p>\n<p class=\"lead \">\u00ab\u00a0Oserez-vous entrer dans la maison Dior?\u00a0\u00bb, a interrog\u00e9 le couturier nord-irlandais de 41 ans avant le show en projetant une vid\u00e9o retra\u00e7ant certains grands moments de ses pr\u00e9d\u00e9cesseurs, du fondateur Christian Dior en passant par John Galliano ou encore Maria Grazia Chiuri. <\/p>\n<p class=\"lead \">Dans la continuit\u00e9 de sa collection masculine de juin, Jonathan Anderson a r\u00e9interpr\u00e9t\u00e9 les classiques de la maison en revisitant une nouvelle fois la robe Delft \u00e0 plis multiples via des shorts et r\u00e9actualis\u00e9 l&#8217;embl\u00e9matique tailleur Bar, \u00e0 la veste tr\u00e8s cintr\u00e9e \u00e0 la taille et aux hanches arrondies, en version tr\u00e8s raccourcie.<\/p>\n<p class=\"lead \">Les longues capes, mais aussi des plus courtes, \u00e9taient \u00e9galement au rendez-vous, dans un esprit plus romantique, aux c\u00f4t\u00e9s de robes du soir courtes amplement \u00e9vas\u00e9es, \u00e0 la taille cintr\u00e9e et au pliss\u00e9 ma\u00eetris\u00e9, de robes boules largement d\u00e9collet\u00e9es dans le dos et de mini-jupes en jean ou en cuir.<\/p>\n<p class=\"lead \">Le tout accessoiris\u00e9 par d&rsquo;immenses chapeaux en feutre venus d&rsquo;une autre \u00e9poque, qui ne sont pas sans rappeler le style du fantasque John Galliano.<\/p>\n<p class=\"lead \">\u00ab\u00a0C&rsquo;est sublime\u00a0\u00bb, \u00ab\u00a0digne d&rsquo;une performance\u00a0\u00bb: les avis \u00e9taient enthousiastes \u00e0 la sortie du d\u00e9fil\u00e9 qui a rassembl\u00e9 de nombreuses personnalit\u00e9s, telles que la premi\u00e8re dame Brigitte Macron, les acteurs am\u00e9ricains Johnny Depp et Jennifer Lawrence ou encore les com\u00e9diennes fran\u00e7aises Camille Cottin et Juliette Binoche.<\/p>\n<p class=\"lead \">&#8211; R\u00e9volution &#8211;<\/p>\n<p class=\"lead \">\u00ab\u00a0Les d\u00e9buts de Jonathan Anderson chez Dior marquent une r\u00e9volution plut\u00f4t qu&rsquo;une \u00e9volution\u00a0\u00bb, commente aupr\u00e8s de l&rsquo;AFP Simon Longland, directeur des achats \u2013 Mode chez Harrods, le grand magasin de luxe londonien. <\/p>\n<p class=\"lead \">\u00ab\u00a0Frappante par sa modernit\u00e9, son \u00e9nergie juv\u00e9nile et son \u00e9l\u00e9gance d\u00e9contract\u00e9e\u00a0\u00bb, cette premi\u00e8re collection \u00ab\u00a0donne le ton d&rsquo;un nouveau chapitre audacieux chez Dior\u00a0\u00bb, poursuit-il. <\/p>\n<p class=\"lead \">\u00ab\u00a0Il a su m\u00e9taboliser les codes de la maison, en y amenant la modernit\u00e9 qui \u00e9tait attendue\u00a0\u00bb, souligne de son c\u00f4t\u00e9 Pierre Groppo r\u00e9dacteur en chef mode et lifestyle de Vanity Fair France.<\/p>\n<p class=\"lead \">Jonathan Anderson, 41 ans, est consid\u00e9r\u00e9 comme l&rsquo;un des enfants prodiges de la mode. Salu\u00e9 pour avoir propuls\u00e9 sur le devant de la sc\u00e8ne la griffe espagnole Loewe, \u00e9galement propri\u00e9t\u00e9 de LVMH, il s&rsquo;est forg\u00e9 une r\u00e9putation de cr\u00e9ateur aux coupes impeccables, avec une utilisation g\u00e9n\u00e9reuse de mat\u00e9riaux nobles, comme le cuir et le m\u00e9tal.<\/p>\n<p class=\"lead \">Parmi ses cr\u00e9ations phares, des tenues de sc\u00e8ne pour Beyonc\u00e9 ou Rihanna. Il a \u00e9galement con\u00e7u les costumes de \u00ab\u00a0Challengers\u00a0\u00bb et \u00ab\u00a0Queer\u00a0\u00bb, deux films de l&rsquo;Italien Luca Guadagnino. <\/p>\n<p class=\"lead \">Nomm\u00e9 en juin en remplacement de Maria Grazia Chiuri, quelques semaines apr\u00e8s son arriv\u00e9e chez Dior Homme, il est devenu le premier styliste depuis Christian Dior \u00e0 superviser les trois lignes de la maison phare de LVMH, avec la haute couture.<\/p>\n<p class=\"lead \">\u00ab\u00a0Mon id\u00e9e, c&rsquo;est qu&rsquo;il faut d\u00e9crypter et reprogrammer Dior\u00a0\u00bb, affirmait-il en juin lors de son premier d\u00e9fil\u00e9, \u00e9galement acclam\u00e9.<\/p>\n<p class=\"lead \">Cette troisi\u00e8me journ\u00e9e a \u00e9galement \u00e9t\u00e9 marqu\u00e9e par le d\u00e9fil\u00e9 d&rsquo;Alain Paul. Le styliste fran\u00e7ais, \u00e0 la t\u00eate de sa marque \u00e9ponyme, a pr\u00e9sent\u00e9 une nouvelle collection l\u00e9g\u00e8re et a\u00e9rienne, avec des robes et des tops port\u00e9es de travers, des chemises \u00e9l\u00e9gamment d\u00e9braill\u00e9es et des robes d&rsquo;\u00e9t\u00e9 fleuries. <\/p>\n<p class=\"lead \">Plus de 110 marques pr\u00e9sentent jusqu&rsquo;au 7 octobre leurs collections pr\u00eat-\u00e0-porter printemps-\u00e9t\u00e9 2026, \u00e0 travers 76 d\u00e9fil\u00e9s et 37 pr\u00e9sentations. Une Fashion Week parisienne marqu\u00e9e par un mercato in\u00e9dit et un renouveau artistique sans pr\u00e9c\u00e9dent.<\/p>\n<p class=\"lead \">Outre les premiers pas de Jonathan Anderson et Matthieu Blazy, les regards se tourneront \u00e9galement vers les d\u00e9buts de Pierpaolo Piccioli chez Balenciaga et ceux de Duran Lantink chez Jean Paul Gaultier.<\/p>\n<p class=\"small font-weight-bold text-gray3 \"> publi\u00e9 le 1 octobre \u00e0 19h38, AFP<\/p>\n<p>                             Partager<\/p>\n","protected":false},"excerpt":{"rendered":"Pari r\u00e9ussi pour Jonathan Anderson: le nouveau directeur artistique de Dior a d\u00e9voil\u00e9 mercredi \u00e0 Paris une premi\u00e8re&hellip;\n","protected":false},"author":2,"featured_media":431690,"comment_status":"","ping_status":"","sticky":false,"template":"","format":"standard","meta":{"footnotes":""},"categories":[1888],"tags":[11,1971,2105,1777,674,1011,27,2425,985,12,626,25],"class_list":{"0":"post-431689","1":"post","2":"type-post","3":"status-publish","4":"format-standard","5":"has-post-thumbnail","7":"category-paris","8":"tag-actualites","9":"tag-clbrits","10":"tag-distribution","11":"tag-eu","12":"tag-europe","13":"tag-fr","14":"tag-france","15":"tag-luxe","16":"tag-mode","17":"tag-news","18":"tag-paris","19":"tag-republique-francaise"},"share_on_mastodon":{"url":"https:\/\/pubeurope.com\/@fr\/115300215314439986","error":""},"_links":{"self":[{"href":"https:\/\/www.europesays.com\/fr\/wp-json\/wp\/v2\/posts\/431689","targetHints":{"allow":["GET"]}}],"collection":[{"href":"https:\/\/www.europesays.com\/fr\/wp-json\/wp\/v2\/posts"}],"about":[{"href":"https:\/\/www.europesays.com\/fr\/wp-json\/wp\/v2\/types\/post"}],"author":[{"embeddable":true,"href":"https:\/\/www.europesays.com\/fr\/wp-json\/wp\/v2\/users\/2"}],"replies":[{"embeddable":true,"href":"https:\/\/www.europesays.com\/fr\/wp-json\/wp\/v2\/comments?post=431689"}],"version-history":[{"count":0,"href":"https:\/\/www.europesays.com\/fr\/wp-json\/wp\/v2\/posts\/431689\/revisions"}],"wp:featuredmedia":[{"embeddable":true,"href":"https:\/\/www.europesays.com\/fr\/wp-json\/wp\/v2\/media\/431690"}],"wp:attachment":[{"href":"https:\/\/www.europesays.com\/fr\/wp-json\/wp\/v2\/media?parent=431689"}],"wp:term":[{"taxonomy":"category","embeddable":true,"href":"https:\/\/www.europesays.com\/fr\/wp-json\/wp\/v2\/categories?post=431689"},{"taxonomy":"post_tag","embeddable":true,"href":"https:\/\/www.europesays.com\/fr\/wp-json\/wp\/v2\/tags?post=431689"}],"curies":[{"name":"wp","href":"https:\/\/api.w.org\/{rel}","templated":true}]}}