{"id":431693,"date":"2025-10-01T18:01:10","date_gmt":"2025-10-01T18:01:10","guid":{"rendered":"https:\/\/www.europesays.com\/fr\/431693\/"},"modified":"2025-10-01T18:01:10","modified_gmt":"2025-10-01T18:01:10","slug":"armes-renseignement-comment-kiev-propose-daider-lue-a-renforcer-sa-securite","status":"publish","type":"post","link":"https:\/\/www.europesays.com\/fr\/431693\/","title":{"rendered":"Armes, renseignement&#8230; Comment Kiev propose d\u2019aider l\u2019UE \u00e0 renforcer sa s\u00e9curit\u00e9"},"content":{"rendered":"<p><strong>D\u00c9CRYPTAGE <\/strong>&#8211; Dans un renversement inattendu des r\u00f4les, les Ukrainiens ont propos\u00e9 de fournir leur aide aux partenaires europ\u00e9ens qui financent leur d\u00e9fense depuis 2022.<\/p>\n<p class=\"fig-paragraph\">Si les\u00a0<a href=\"http:\/\/www.lefigaro.fr\/international\/un-petrolier-fantome-repere-au-large-du-danemark-lors-des-survols-de-drones-20251001\" data-fig-type=\"NewsFlash\" data-gtm-custom-categorie=\"navigation\" data-gtm-custom-action=\"crossclick\" data-gtm-custom-label=\"Contextuel\" data-gtm-event=\"customEventSPE\" data-fig-domain=\"LEFIGARO\" target=\"_blank\" rel=\"noopener\">incursions de drones\u00a0<\/a>rev\u00eatent un caract\u00e8re exceptionnel au Danemark ou en Pologne, pour les Ukrainiens, les attaques constituent d\u00e9sormais une routine. Ce mercredi matin encore, des Shahed quadrillaient le nord de la capitale, rapidement neutralis\u00e9s par la d\u00e9fense antia\u00e9rienne ukrainienne. Apr\u00e8s ces incursions en Europe, dans un renversement inattendu des r\u00f4les, les Ukrainiens ont propos\u00e9 de fournir des armes, du renseignement et des technologies aux partenaires europ\u00e9ens qui financent leur d\u00e9fense depuis 2022.<a href=\"https:\/\/video.lefigaro.fr\/figaro\/international\/volodymyr-zelensky-affirme-que-poutine-ouvrira-dautres-voies-pour-la-guerre-en-europe-20250927\" data-fig-type=\"Video\" data-gtm-custom-categorie=\"navigation\" data-gtm-custom-action=\"crossclick\" data-gtm-custom-label=\"Contextuel\" data-gtm-event=\"customEventSPE\" data-fig-domain=\"LEFIGARO\" target=\"_blank\" rel=\"noopener\">\u00a0Volodymyr Zelensky<\/a>\u00a0a ainsi annonc\u00e9, mardi 30\u00a0septembre, l\u2019envoi d\u2019une \u00e9quipe militaire au Danemark pour partager l\u2019exp\u00e9rience de lutte contre les drones russes lors d\u2019exercices conjoints.<\/p>\n<p class=\"fig-paragraph\">\u00ab\u00a0Aujourd\u2019hui, l\u2019arm\u00e9e ukrainienne demeure, parmi toutes les arm\u00e9es europ\u00e9ennes, la seule qui poss\u00e8de une exp\u00e9rience r\u00e9elle de combat, c\u2019est un atout consid\u00e9rable pour l\u2019Europe\u00a0\u00bb, commente Serhiy Kyslytsya, premier vice-ministre ukrainien des Affaires \u00e9trang\u00e8res aupr\u00e8s du Figaro. \u00ab\u00a0Aussi\u2026<\/p>\n<p class=\"fig-premium-paywall__infos\">\n        Cet article est r\u00e9serv\u00e9 aux abonn\u00e9s.        Il vous reste 73% \u00e0 d\u00e9couvrir.\n    <\/p>\n<p>                <img  data- alt=\"Le Figaro\" class=\"fig-img--complete fig-img\"\/><\/p>\n<p class=\"fig-premium-paywall__title\">Vous avez envie de lire la suite ?<\/p>\n<p class=\"fig-premium-paywall__subtitle\">D\u00e9bloquez tous les articles imm\u00e9diatement.<\/p>\n<p class=\"fig-premium-paywall__connect\">\n                D\u00e9j\u00e0 abonn\u00e9\u00a0?                <a class=\"fig-premium-paywall__connect-link\" href=\"https:\/\/connect.lefigaro.fr\/login?client=horizon_web&amp;type=main&amp;redirect_uri=https%3A%2F%2Fwww.lefigaro.fr%2Finternational%2Farmes-renseignement-comment-kiev-propose-d-aider-l-ue-a-renforcer-sa-securite-20251001\" data-js-gtm=\"{&quot;customCategorie&quot;: &quot;conversion&quot;, &quot;customAction&quot;: &quot;before_Landing_Connexion_paywall_auto&quot;, &quot;customLabel&quot;: &quot;bGVmaWdhcm8uZnJfXzFmMDllZDgxLTljMDUtNjYyMC1hNmRiLTA3NmQ4YjUxMTI3ZV9fQXJ0aWNsZQ==_Armes, renseignement... Comment Kiev propose d\u2019aider l\u2019UE \u00e0 renforcer sa s\u00e9curit\u00e9_289&quot;, &quot;customIDSPE&quot;: &quot;bGVmaWdhcm8uZnJfXzFmMDllZDgxLTljMDUtNjYyMC1hNmRiLTA3NmQ4YjUxMTI3ZV9fQXJ0aWNsZQ==&quot;, &quot;event&quot;: &quot;customEventSPE&quot;}\" target=\"_blank\" rel=\"noopener\"><br \/>\n                    Connectez-vous<br \/>\n                <\/a>\n            <\/p>\n","protected":false},"excerpt":{"rendered":"D\u00c9CRYPTAGE &#8211; Dans un renversement inattendu des r\u00f4les, les Ukrainiens ont propos\u00e9 de fournir leur aide aux partenaires&hellip;\n","protected":false},"author":2,"featured_media":431694,"comment_status":"","ping_status":"","sticky":false,"template":"","format":"standard","meta":{"footnotes":""},"categories":[1590],"tags":[11,554,1777,674,12,1778,220,134],"class_list":{"0":"post-431693","1":"post","2":"type-post","3":"status-publish","4":"format-standard","5":"has-post-thumbnail","7":"category-ukraine","8":"tag-actualites","9":"tag-defense","10":"tag-eu","11":"tag-europe","12":"tag-news","13":"tag-ue","14":"tag-ukraine","15":"tag-volodymyr-zelensky"},"share_on_mastodon":{"url":"https:\/\/pubeurope.com\/@fr\/115300223226555148","error":""},"_links":{"self":[{"href":"https:\/\/www.europesays.com\/fr\/wp-json\/wp\/v2\/posts\/431693","targetHints":{"allow":["GET"]}}],"collection":[{"href":"https:\/\/www.europesays.com\/fr\/wp-json\/wp\/v2\/posts"}],"about":[{"href":"https:\/\/www.europesays.com\/fr\/wp-json\/wp\/v2\/types\/post"}],"author":[{"embeddable":true,"href":"https:\/\/www.europesays.com\/fr\/wp-json\/wp\/v2\/users\/2"}],"replies":[{"embeddable":true,"href":"https:\/\/www.europesays.com\/fr\/wp-json\/wp\/v2\/comments?post=431693"}],"version-history":[{"count":0,"href":"https:\/\/www.europesays.com\/fr\/wp-json\/wp\/v2\/posts\/431693\/revisions"}],"wp:featuredmedia":[{"embeddable":true,"href":"https:\/\/www.europesays.com\/fr\/wp-json\/wp\/v2\/media\/431694"}],"wp:attachment":[{"href":"https:\/\/www.europesays.com\/fr\/wp-json\/wp\/v2\/media?parent=431693"}],"wp:term":[{"taxonomy":"category","embeddable":true,"href":"https:\/\/www.europesays.com\/fr\/wp-json\/wp\/v2\/categories?post=431693"},{"taxonomy":"post_tag","embeddable":true,"href":"https:\/\/www.europesays.com\/fr\/wp-json\/wp\/v2\/tags?post=431693"}],"curies":[{"name":"wp","href":"https:\/\/api.w.org\/{rel}","templated":true}]}}