{"id":431698,"date":"2025-10-01T18:04:10","date_gmt":"2025-10-01T18:04:10","guid":{"rendered":"https:\/\/www.europesays.com\/fr\/431698\/"},"modified":"2025-10-01T18:04:10","modified_gmt":"2025-10-01T18:04:10","slug":"en-allemagne-trois-membres-presumes-du-hamas-arretes-pour-des-soupcons-de-projets-dattentats-liberation","status":"publish","type":"post","link":"https:\/\/www.europesays.com\/fr\/431698\/","title":{"rendered":"En Allemagne, trois membres pr\u00e9sum\u00e9s du Hamas arr\u00eat\u00e9s pour des soup\u00e7ons de projets d\u2019attentats \u2013 Lib\u00e9ration"},"content":{"rendered":"<p class=\"sc-cPiKLX AiZTS text-element\">\u00abUn fusil d\u2019assaut AK-47, plusieurs pistolets et une grande quantit\u00e9 de munitions ont \u00e9t\u00e9 d\u00e9couverts\u00bb au moment de leur interpellation. Trois membres pr\u00e9sum\u00e9s du Hamas ont \u00e9t\u00e9 arr\u00eat\u00e9s \u00e0 Berlin, ce mercredi 1er octobre. Selon le parquet f\u00e9d\u00e9ral allemand, ils sont suspect\u00e9s d\u2019avoir acquis des armes destin\u00e9es \u00e0 des \u00abattentats meurtriers visant des \u00e9tablissements isra\u00e9liens ou juifs en Allemagne\u00bb. Ces individus sont d\u00e9crits comme des \u00abop\u00e9rateurs \u00e9trangers\u00bb du mouvement islamiste, impliqu\u00e9 dans <a href=\"https:\/\/www.liberation.fr\/international\/moyen-orient\/dun-7-octobre-a-lautre-le-long-de-la-route-232-entre-la-bande-de-gaza-et-israel-20241006_UFRIHUTT6FEQZHVWC7VJOPULOI\/\" target=\"_blank\" rel=\"noopener\" title=\"https:\/\/www.liberation.fr\/international\/moyen-orient\/dun-7-octobre-a-lautre-le-long-de-la-route-232-entre-la-bande-de-gaza-et-israel-20241006_UFRIHUTT6FEQZHVWC7VJOPULOI\/\">les attaques du 7 octobre 2023<\/a> qui ont caus\u00e9 la mort de plus de 1 200 personnes en Isra\u00ebl. <\/p>\n<p class=\"sc-cPiKLX AiZTS text-element\">Le minist\u00e8re public identifie les trois hommes comme \u00e9tant Abed Al G. et Ahmad I., deux \u00abcitoyens allemands\u00bb, ainsi que Wael F. M., \u00abn\u00e9 au Liban\u00bb. La nationalit\u00e9 de ce dernier n\u2019a pas \u00e9t\u00e9 \u00e9tablie avec certitude. Selon le parquet, les suspects se consacraient \u00abdepuis au moins l\u2019\u00e9t\u00e9 2025\u00bb \u00e0 l\u2019acquisition \u00abd\u2019armes \u00e0 feu et de munitions\u00bb en Allemagne pour le compte du mouvement islamiste palestinien. Ils seront pr\u00e9sent\u00e9s jeudi \u00e0 un juge d\u2019instruction qui statuera sur les demandes de d\u00e9tention provisoire \u00e9mises par le parquet. <\/p>\n<p class=\"sc-cPiKLX AiZTS text-element\">La guerre en Isra\u00ebl et en Palestine trouve <a href=\"https:\/\/www.liberation.fr\/culture\/en-allemagne-la-guerre-israel-hamas-mine-le-champ-culturel-20231124_DXIEJAWQFNFF7CROIWCYFRDFTU\/\" target=\"_blank\" rel=\"noopener\" title=\"https:\/\/www.liberation.fr\/culture\/en-allemagne-la-guerre-israel-hamas-mine-le-champ-culturel-20231124_DXIEJAWQFNFF7CROIWCYFRDFTU\/\">une r\u00e9sonance particuli\u00e8re<\/a> en Allemagne, en raison de la responsabilit\u00e9 du pays dans la Shoah. Berlin est encore aujourd\u2019hui l\u2019un des plus grands soutiens de l\u2019Etat h\u00e9breu. Si l\u2019Allemagne a d\u00e9nonc\u00e9 les \u00absouffrances \u00e0 la population civile\u00bb inflig\u00e9es par Tsahal depuis le d\u00e9but de ses op\u00e9rations militaires en 2023 (plus de 66 000 Gazaouis ont \u00e9t\u00e9 tu\u00e9s, selon les chiffres du minist\u00e8re de la Sant\u00e9 dans l\u2019enclave, jug\u00e9s fiables par les organisations internationales), elle s\u2019est refus\u00e9e \u00e0 suivre la France et le Royaume-Uni dans leur d\u00e9cision de reconna\u00eetre un Etat palestinien.  <\/p>\n<p class=\"sc-cPiKLX AiZTS text-element\">Lors d\u2019un discours prononc\u00e9 mi-septembre dans l\u2019enceinte de la synagogue de Munich, le chancelier Friedrich Merz avait r\u00e9p\u00e9t\u00e9 vouloir faire \u00abtout ce qui est en [son] pouvoir pour permettre aux Juives et aux Juifs de vivre, c\u00e9l\u00e9brer et \u00e9tudier sans crainte dans toute l\u2019Allemagne\u00bb. <\/p>\n","protected":false},"excerpt":{"rendered":"\u00abUn fusil d\u2019assaut AK-47, plusieurs pistolets et une grande quantit\u00e9 de munitions ont \u00e9t\u00e9 d\u00e9couverts\u00bb au moment de&hellip;\n","protected":false},"author":2,"featured_media":431699,"comment_status":"","ping_status":"","sticky":false,"template":"","format":"standard","meta":{"footnotes":""},"categories":[1587],"tags":[11,672,6155,1804,1805,1803,1777,674,1801,3519,664,3523,12,1802],"class_list":{"0":"post-431698","1":"post","2":"type-post","3":"status-publish","4":"format-standard","5":"has-post-thumbnail","7":"category-allemagne","8":"tag-actualites","9":"tag-allemagne","10":"tag-antisemitisme","11":"tag-bundesrepublik-deutschland","12":"tag-de","13":"tag-deutschland","14":"tag-eu","15":"tag-europe","16":"tag-germany","17":"tag-hamas","18":"tag-israel","19":"tag-israel-palestine-conflit","20":"tag-news","21":"tag-republique-federale-dallemagne"},"share_on_mastodon":{"url":"https:\/\/pubeurope.com\/@fr\/115300235087774985","error":""},"_links":{"self":[{"href":"https:\/\/www.europesays.com\/fr\/wp-json\/wp\/v2\/posts\/431698","targetHints":{"allow":["GET"]}}],"collection":[{"href":"https:\/\/www.europesays.com\/fr\/wp-json\/wp\/v2\/posts"}],"about":[{"href":"https:\/\/www.europesays.com\/fr\/wp-json\/wp\/v2\/types\/post"}],"author":[{"embeddable":true,"href":"https:\/\/www.europesays.com\/fr\/wp-json\/wp\/v2\/users\/2"}],"replies":[{"embeddable":true,"href":"https:\/\/www.europesays.com\/fr\/wp-json\/wp\/v2\/comments?post=431698"}],"version-history":[{"count":0,"href":"https:\/\/www.europesays.com\/fr\/wp-json\/wp\/v2\/posts\/431698\/revisions"}],"wp:featuredmedia":[{"embeddable":true,"href":"https:\/\/www.europesays.com\/fr\/wp-json\/wp\/v2\/media\/431699"}],"wp:attachment":[{"href":"https:\/\/www.europesays.com\/fr\/wp-json\/wp\/v2\/media?parent=431698"}],"wp:term":[{"taxonomy":"category","embeddable":true,"href":"https:\/\/www.europesays.com\/fr\/wp-json\/wp\/v2\/categories?post=431698"},{"taxonomy":"post_tag","embeddable":true,"href":"https:\/\/www.europesays.com\/fr\/wp-json\/wp\/v2\/tags?post=431698"}],"curies":[{"name":"wp","href":"https:\/\/api.w.org\/{rel}","templated":true}]}}