{"id":431700,"date":"2025-10-01T18:05:11","date_gmt":"2025-10-01T18:05:11","guid":{"rendered":"https:\/\/www.europesays.com\/fr\/431700\/"},"modified":"2025-10-01T18:05:11","modified_gmt":"2025-10-01T18:05:11","slug":"pourquoi-le-danemark-fait-il-figure-de-cible-privilegiee-liberation","status":"publish","type":"post","link":"https:\/\/www.europesays.com\/fr\/431700\/","title":{"rendered":"pourquoi le Danemark fait-il figure de cible privil\u00e9gi\u00e9e\u00a0? \u2013 Lib\u00e9ration"},"content":{"rendered":"<p class=\"sc-cPiKLX AiZTS text-element\"><a href=\"https:\/\/www.liberation.fr\/international\/europe\/danemark-un-nouvel-aeroport-ferme-dans-la-nuit-apres-une-alerte-aux-drones-20250926_3I3KOCTOAFCCJHZHKZ3U7EGY3M\/\" target=\"_blank\" rel=\"noopener\" title=\"https:\/\/www.liberation.fr\/international\/europe\/danemark-un-nouvel-aeroport-ferme-dans-la-nuit-apres-une-alerte-aux-drones-20250926_3I3KOCTOAFCCJHZHKZ3U7EGY3M\/\">Des drones qui ont survol\u00e9 le Danemark<\/a> la semaine derni\u00e8re, on ne sait pas grand-chose. Ni le nombre d\u2019appareils, ni vraiment celui des incursions qu\u2019ils ont men\u00e9es, tant les signalements et les soup\u00e7ons se sont multipli\u00e9s, ni leur type, ni \u2013 et c\u2019est l\u00e0 le plus important \u2013 leur provenance. Les effets qu\u2019ils ont produits sont plus faciles \u00e0 mesurer. Le trafic a\u00e9rien a \u00e9t\u00e9 perturb\u00e9 dans au moins six a\u00e9roports du pays et tout le royaume s\u2019est mis \u00e0 se questionner sur la d\u00e9fense anti-a\u00e9rienne, la guerre hybride et les efforts de pr\u00e9paration en la mati\u00e8re, surtout apr\u00e8s l\u2019annonce que plusieurs <a href=\"https:\/\/www.liberation.fr\/international\/europe\/de-nouveaux-drones-reperes-au-dessus-de-la-plus-grande-base-militaire-du-danemark-20250927_WMXXXYGEV5AHDIGW3BRFIVIDNM\/\" target=\"_blank\" rel=\"noopener\" title=\"https:\/\/www.liberation.fr\/international\/europe\/de-nouveaux-drones-reperes-au-dessus-de-la-plus-grande-base-militaire-du-danemark-20250927_WMXXXYGEV5AHDIGW3BRFIVIDNM\/\">bases militaires auraient elles aussi \u00e9t\u00e9 survol\u00e9es<\/a> par des engins volants. <\/p>\n<p class=\"sc-cPiKLX AiZTS text-element\">Pour Copenhague, ces incidents tombent \u00e0 un moment d\u00e9licat : la capitale accueille ce j <\/p>\n","protected":false},"excerpt":{"rendered":"Des drones qui ont survol\u00e9 le Danemark la semaine derni\u00e8re, on ne sait pas grand-chose. Ni le nombre&hellip;\n","protected":false},"author":2,"featured_media":431701,"comment_status":"","ping_status":"","sticky":false,"template":"","format":"standard","meta":{"footnotes":""},"categories":[1586],"tags":[11,145,554,1777,674,1011,27,12,136,25,132,220],"class_list":{"0":"post-431700","1":"post","2":"type-post","3":"status-publish","4":"format-standard","5":"has-post-thumbnail","7":"category-europe","8":"tag-actualites","9":"tag-danemark","10":"tag-defense","11":"tag-eu","12":"tag-europe","13":"tag-fr","14":"tag-france","15":"tag-news","16":"tag-otan","17":"tag-republique-francaise","18":"tag-russie","19":"tag-ukraine"},"share_on_mastodon":{"url":"https:\/\/pubeurope.com\/@fr\/115300238947736898","error":""},"_links":{"self":[{"href":"https:\/\/www.europesays.com\/fr\/wp-json\/wp\/v2\/posts\/431700","targetHints":{"allow":["GET"]}}],"collection":[{"href":"https:\/\/www.europesays.com\/fr\/wp-json\/wp\/v2\/posts"}],"about":[{"href":"https:\/\/www.europesays.com\/fr\/wp-json\/wp\/v2\/types\/post"}],"author":[{"embeddable":true,"href":"https:\/\/www.europesays.com\/fr\/wp-json\/wp\/v2\/users\/2"}],"replies":[{"embeddable":true,"href":"https:\/\/www.europesays.com\/fr\/wp-json\/wp\/v2\/comments?post=431700"}],"version-history":[{"count":0,"href":"https:\/\/www.europesays.com\/fr\/wp-json\/wp\/v2\/posts\/431700\/revisions"}],"wp:featuredmedia":[{"embeddable":true,"href":"https:\/\/www.europesays.com\/fr\/wp-json\/wp\/v2\/media\/431701"}],"wp:attachment":[{"href":"https:\/\/www.europesays.com\/fr\/wp-json\/wp\/v2\/media?parent=431700"}],"wp:term":[{"taxonomy":"category","embeddable":true,"href":"https:\/\/www.europesays.com\/fr\/wp-json\/wp\/v2\/categories?post=431700"},{"taxonomy":"post_tag","embeddable":true,"href":"https:\/\/www.europesays.com\/fr\/wp-json\/wp\/v2\/tags?post=431700"}],"curies":[{"name":"wp","href":"https:\/\/api.w.org\/{rel}","templated":true}]}}