{"id":431702,"date":"2025-10-01T18:06:14","date_gmt":"2025-10-01T18:06:14","guid":{"rendered":"https:\/\/www.europesays.com\/fr\/431702\/"},"modified":"2025-10-01T18:06:14","modified_gmt":"2025-10-01T18:06:14","slug":"ski-a-121-km-h-sur-une-dune-de-sable-au-perou-il-bat-un-record-du-monde-je-nai-eu-quun-essai-parce-que-mes-skis-ont-brule","status":"publish","type":"post","link":"https:\/\/www.europesays.com\/fr\/431702\/","title":{"rendered":"Ski. \u00c0 121 km\/h sur une dune de sable au P\u00e9rou, il bat un record du monde : \u00ab Je n\u2019ai eu qu\u2019un essai parce que mes skis ont br\u00fbl\u00e9 \u00bb"},"content":{"rendered":"<p>Ce contenu est bloqu\u00e9 car vous n&rsquo;avez pas accept\u00e9 les cookies et autres traceurs.<\/p>\n<p>En cliquant sur \u00ab J\u2019accepte \u00bb, les cookies et autres traceurs seront d\u00e9pos\u00e9s et vous pourrez visualiser les contenus  (<a href=\"\" class=\"consentModule_policy\" target=\"_blank\" title=\"Consulter la politique de protection des donn\u00e9es du fournisseur\">plus d&rsquo;informations<\/a>).<\/p>\n<p>En cliquant sur \u00ab J\u2019accepte tous les cookies \u00bb, vous autorisez des d\u00e9p\u00f4ts de cookies et autres traceurs pour le stockage de vos donn\u00e9es sur nos sites et applications \u00e0 des fins de personnalisation et de ciblage publicitaire.<\/p>\n<p class=\"consentModule_secondaryText\">Vous gardez la possibilit\u00e9 de retirer votre consentement \u00e0 tout moment en consultant notre <a href=\"https:\/\/www.ledauphine.com\/protection-des-donnees\" target=\"_blank\" title=\"Consulter notre politique de protection des donn\u00e9es\" rel=\"noopener\">politique de protection des donn\u00e9es<\/a>. <br \/>&#13;<br \/>\n            <a href=\"https:\/\/www.ledauphine.com\/sport\/2025\/10\/01\/javascript:Didomi.notice.show()\" class=\"consentModule_cmp\" target=\"_blank\" rel=\"noopener\">G\u00e9rer mes choix<\/a>&#13;\n        <\/p>\n<p>&#13;<br \/>\n                        J&rsquo;accepte&#13;<br \/>\n            J&rsquo;accepte tous les cookies&#13;\n        <\/p>\n<p data-start=\"83\" data-end=\"361\">Apr\u00e8s les stations de ski des Alpes, <a href=\"https:\/\/www.ledauphine.com\/sport\/2025\/08\/30\/isere-gresse-en-vercors-mahe-freydier-a-reussi-son-premier-7-000-au-kirghizistan\" target=\"_blank\" rel=\"noopener\">Mah\u00e9 Freydier<\/a> s\u2019est attaqu\u00e9 \u00e0 la plus longue dune de sable du monde, Toro Mata, au P\u00e9rou. Cette discipline s\u2019appelle le sand skiing : des amateurs chaussent leurs skis et d\u00e9valent les douze kilom\u00e8tres de descente sur le sable.<\/p>\n<p data-start=\"83\" data-end=\"361\">Celui qui a grandi entre la vall\u00e9e de la Tarentaise (Savoie) et Gresse-en-Vercors (Is\u00e8re) s&rsquo;est offert le record du monde de vitesse sur le sable.\u00a0La performance a eu lieu le 25 septembre : d\u00e8s son premier essai, Mah\u00e9 Freydier a atteint la vitesse de 121 km\/h. \u00ab Au-dessus de 100 km\/h, il devient tr\u00e8s difficile de maintenir sa trajectoire, car le vent m\u2019a consid\u00e9rablement d\u00e9stabilis\u00e9, et tomber sur le sable peut \u00eatre tr\u00e8s dangereux. La pression en moi \u00e9tait intense \u00bb, \u00e9crit le moniteur de l&rsquo;ESF de Courchevel Village sur ses r\u00e9seaux sociaux.<\/p>\n<p>Ce contenu est bloqu\u00e9 car vous n&rsquo;avez pas accept\u00e9 les cookies et autres traceurs.<\/p>\n<p>En cliquant sur \u00ab J\u2019accepte \u00bb, les cookies et autres traceurs seront d\u00e9pos\u00e9s et vous pourrez visualiser les contenus  (<a href=\"\" class=\"consentModule_policy\" target=\"_blank\" title=\"Consulter la politique de protection des donn\u00e9es du fournisseur\">plus d&rsquo;informations<\/a>).<\/p>\n<p>En cliquant sur \u00ab J\u2019accepte tous les cookies \u00bb, vous autorisez des d\u00e9p\u00f4ts de cookies et autres traceurs pour le stockage de vos donn\u00e9es sur nos sites et applications \u00e0 des fins de personnalisation et de ciblage publicitaire.<\/p>\n<p class=\"consentModule_secondaryText\">Vous gardez la possibilit\u00e9 de retirer votre consentement \u00e0 tout moment en consultant notre <a href=\"https:\/\/www.ledauphine.com\/protection-des-donnees\" target=\"_blank\" title=\"Consulter notre politique de protection des donn\u00e9es\" rel=\"noopener\">politique de protection des donn\u00e9es<\/a>. <br \/>&#13;<br \/>\n            <a href=\"https:\/\/www.ledauphine.com\/sport\/2025\/10\/01\/javascript:Didomi.notice.show()\" class=\"consentModule_cmp\" target=\"_blank\" rel=\"noopener\">G\u00e9rer mes choix<\/a>&#13;\n        <\/p>\n<p>&#13;<br \/>\n                        J&rsquo;accepte&#13;<br \/>\n            J&rsquo;accepte tous les cookies&#13;\n        <\/p>\n<p>  Un seul essai br\u00fblant<\/p>\n<p data-start=\"81\" data-end=\"333\">En mai 2010, l\u2019Allemand Henrik May avait atteint la vitesse de 92,12 km\/h sur les dunes entre Walvis Bay et Swakopmund, en Namibie. Avec ses 121 km\/h, Mah\u00e9 Freydier r\u00e9alise un v\u00e9ritable exploit, d\u2019autant qu\u2019il l\u2019a accompli d\u00e8s son premier essai.<\/p>\n<p data-start=\"341\" data-end=\"638\">Sa descente record n\u2019aura pas \u00e9t\u00e9 sans cons\u00e9quence pour son mat\u00e9riel. En effet, le jeune homme a br\u00fbl\u00e9 ses\u00a0 skis : \u00ab Je n\u2019ai eu qu\u2019un essai parce que mes skis ont br\u00fbl\u00e9, donc il m\u2019\u00e9tait impossible de recommencer. Cela rend ce record encore plus sp\u00e9cial \u00bb, partage-t-il sur les r\u00e9seaux sociaux.<\/p>\n","protected":false},"excerpt":{"rendered":"Ce contenu est bloqu\u00e9 car vous n&rsquo;avez pas accept\u00e9 les cookies et autres traceurs. En cliquant sur \u00ab&hellip;\n","protected":false},"author":2,"featured_media":431703,"comment_status":"","ping_status":"","sticky":false,"template":"","format":"standard","meta":{"footnotes":""},"categories":[1586],"tags":[11,27806,113,7003,1777,674,1779,107,1701,1011,27,329,42865,1757,108,12,25,5508,273,14276,14279,517,1778,364],"class_list":{"0":"post-431702","1":"post","2":"type-post","3":"status-publish","4":"format-standard","5":"has-post-thumbnail","7":"category-europe","8":"tag-actualites","9":"tag-courchevel","10":"tag-edition-gresivaudan-oisans","11":"tag-edition-tarentaise-maurienne","12":"tag-eu","13":"tag-europe","14":"tag-european-union","15":"tag-fil-info","16":"tag-fil-info-sport","17":"tag-fr","18":"tag-france","19":"tag-france-monde","20":"tag-gresse-en-vercors","21":"tag-insolite","22":"tag-isere","23":"tag-news","24":"tag-republique-francaise","25":"tag-savoie","26":"tag-selection-de-la-redaction","27":"tag-ski-alpin","28":"tag-skichrono","29":"tag-sport","30":"tag-ue","31":"tag-union-europeenne"},"share_on_mastodon":{"url":"https:\/\/pubeurope.com\/@fr\/115300242889074811","error":""},"_links":{"self":[{"href":"https:\/\/www.europesays.com\/fr\/wp-json\/wp\/v2\/posts\/431702","targetHints":{"allow":["GET"]}}],"collection":[{"href":"https:\/\/www.europesays.com\/fr\/wp-json\/wp\/v2\/posts"}],"about":[{"href":"https:\/\/www.europesays.com\/fr\/wp-json\/wp\/v2\/types\/post"}],"author":[{"embeddable":true,"href":"https:\/\/www.europesays.com\/fr\/wp-json\/wp\/v2\/users\/2"}],"replies":[{"embeddable":true,"href":"https:\/\/www.europesays.com\/fr\/wp-json\/wp\/v2\/comments?post=431702"}],"version-history":[{"count":0,"href":"https:\/\/www.europesays.com\/fr\/wp-json\/wp\/v2\/posts\/431702\/revisions"}],"wp:featuredmedia":[{"embeddable":true,"href":"https:\/\/www.europesays.com\/fr\/wp-json\/wp\/v2\/media\/431703"}],"wp:attachment":[{"href":"https:\/\/www.europesays.com\/fr\/wp-json\/wp\/v2\/media?parent=431702"}],"wp:term":[{"taxonomy":"category","embeddable":true,"href":"https:\/\/www.europesays.com\/fr\/wp-json\/wp\/v2\/categories?post=431702"},{"taxonomy":"post_tag","embeddable":true,"href":"https:\/\/www.europesays.com\/fr\/wp-json\/wp\/v2\/tags?post=431702"}],"curies":[{"name":"wp","href":"https:\/\/api.w.org\/{rel}","templated":true}]}}