{"id":431706,"date":"2025-10-01T18:08:12","date_gmt":"2025-10-01T18:08:12","guid":{"rendered":"https:\/\/www.europesays.com\/fr\/431706\/"},"modified":"2025-10-01T18:08:12","modified_gmt":"2025-10-01T18:08:12","slug":"voici-le-symptome-typique-du-nouveau-variant-covid-frankenstein","status":"publish","type":"post","link":"https:\/\/www.europesays.com\/fr\/431706\/","title":{"rendered":"Voici LE sympt\u00f4me typique du nouveau variant Covid \u00ab\u00a0Frankenstein\u00a0\u00bb"},"content":{"rendered":"<p>D\u00e8s les premiers frimas d&rsquo;octobre, le ballet familier des maux de gorge et des voix enrou\u00e9es s&rsquo;intensifie dans les salles d&rsquo;attente. Mais cette ann\u00e9e, un ph\u00e9nom\u00e8ne intrigue et inqui\u00e8te tout autant patients que m\u00e9decins : un changement soudain et marqu\u00e9 de la voix, presque m\u00e9connaissable, associ\u00e9 \u00e0 une douleur de gorge inhabituelle. Au fil des conversations et des \u00e9changes sur les r\u00e9seaux sociaux, ce sympt\u00f4me revient avec insistance. Est-ce l\u00e0 le nouveau visage du variant Covid baptis\u00e9 \u00ab\u00a0Frankenstein\u00a0\u00bb ? Et surtout, que r\u00e9v\u00e8le-t-il de notre rapport au virus en cette rentr\u00e9e 2025 ?<\/p>\n<p>La voix qui change : un nouveau signal d&rsquo;alerte identifiable d\u00e8s les premiers mots<\/p>\n<p>Un ton rauque, une voix voil\u00e9e ou \u00e9raill\u00e9e\u2026 Voici d\u00e9sormais l&rsquo;un des signaux qui, selon plusieurs m\u00e9decins, devrait attirer l&rsquo;attention cet automne. Ce n&rsquo;est plus seulement une affaire de fi\u00e8vre ou de toux, mais de <strong>changement brutal de la voix<\/strong>, perceptible parfois d\u00e8s les premi\u00e8res paroles \u00e9chang\u00e9es.<\/p>\n<p> Pourquoi cette voix rauque fascine m\u00e9decins et patients<\/p>\n<p>Ce ph\u00e9nom\u00e8ne vocal intrigue car il diff\u00e8re nettement des sympt\u00f4mes auxquels les Fran\u00e7ais \u00e9taient habitu\u00e9s. \u00c0 la source, une g\u00eane profonde, que certains comparent \u00e0 la sensation d&rsquo;un spectateur assistant \u00e0 un spectacle de th\u00e9\u00e2tre jou\u00e9 sans micro, o\u00f9 les com\u00e9diens s&rsquo;\u00e9puisent la voix. L&rsquo;interrogation demeure : pourquoi ce sympt\u00f4me est-il d\u00e9sormais si <strong>r\u00e9pandu<\/strong>, et pour quelles raisons frappe-t-il parfois sans pr\u00e9venir ?<\/p>\n<p>Quand la gorge br\u00fble \u00ab\u00a0comme des lames de rasoir\u00a0\u00bb : une douleur singuli\u00e8re<\/p>\n<p>Ce qui marque les personnes atteintes est cette douleur intense, <strong>br\u00fblante et vive<\/strong>, s&rsquo;apparentant \u00e0 des lames de rasoir dans la gorge. Contrairement \u00e0 une simple irritation, ce type de mal de gorge est souvent per\u00e7u comme bien plus p\u00e9nible. Il entrave parfois m\u00eame la d\u00e9glutition ou la parole normale. En quelques heures seulement, la voix se transforme, et chaque mot prononc\u00e9 devient un v\u00e9ritable effort.<\/p>\n<p>Le variant \u00ab\u00a0Frankenstein\u00a0\u00bb, portrait d&rsquo;un mutant pas comme les autres<\/p>\n<p>Apparu r\u00e9cemment, le variant surnomm\u00e9 \u00ab\u00a0Frankenstein\u00a0\u00bb bouleverse les connaissances que l&rsquo;on avait des formes ant\u00e9rieures du Covid-19. Il attire particuli\u00e8rement l&rsquo;attention en raison de sa <strong>vitesse de propagation<\/strong> et de ses mutations in\u00e9dites.<\/p>\n<p> Ce qu&rsquo;on sait de ses particularit\u00e9s et de sa propagation<\/p>\n<p>D\u00e8s la fin de l&rsquo;\u00e9t\u00e9 2025, les r\u00e9seaux de surveillance sanitaire ont alert\u00e9 sur <strong>une hausse des contaminations<\/strong>, notamment chez les plus de 60 ans. Le variant \u00ab\u00a0Frankenstein\u00a0\u00bb se caract\u00e9rise par une contagiosit\u00e9 accrue, mais aussi par des signes cliniques modifi\u00e9s qui d\u00e9stabilisent la vigilance habituelle.<\/p>\n<p>Les sympt\u00f4mes classiques bouscul\u00e9s : ce qui surprend dans cette nouvelle version du Covid<\/p>\n<p>Si la fi\u00e8vre, la <a href=\"https:\/\/journaldesseniors.20minutes.fr\/sante\/vous-vous-sentez-epuise-depuis-le-changement-dheure-voici-ce-qui-se-passe-dans-votre-corps\/\" target=\"_blank\" rel=\"noopener\">fatigue<\/a> ou la toux restent possibles, l&rsquo;\u00e9l\u00e9ment vraiment distinctif, c&rsquo;est la modification de la voix. Plus qu&rsquo;un nez bouch\u00e9 ou une perte de l&rsquo;odorat, c&rsquo;est l&rsquo;enrouement soudain, ainsi qu&rsquo;une gorge tr\u00e8s inflamm\u00e9e, qui retiennent l&rsquo;attention des soignants comme des patients. Autre particularit\u00e9 : l&rsquo;absence parfois d&rsquo;autres sympt\u00f4mes classiques, rendant la d\u00e9tection plus complexe.<\/p>\n<p>Des cordes vocales en premi\u00e8re ligne : comment le virus atteint notre voix<\/p>\n<p>Pourquoi ce variant cible-t-il aussi distinctement la r\u00e9gion de la gorge et des cordes vocales ? Les sp\u00e9cialistes tentent de d\u00e9crypter le m\u00e9canisme d&rsquo;action du virus et les implications de ces <strong>sympt\u00f4mes atypiques<\/strong>.<\/p>\n<p> Le mode d&rsquo;attaque du variant sur la gorge et les voies respiratoires<\/p>\n<p>Depuis ses premi\u00e8res identifications, le variant \u00ab\u00a0Frankenstein\u00a0\u00bb semble <strong>coloniser plus rapidement les tissus de la gorge<\/strong>. Cette pr\u00e9dilection expliquerait l&rsquo;alt\u00e9ration de la voix et la sensation de br\u00fblure intense. La gorge devient ainsi le premier terrain d&rsquo;affrontement entre le virus et notre syst\u00e8me immunitaire.<\/p>\n<p> Pourquoi certaines personnes sont plus touch\u00e9es que d&rsquo;autres<\/p>\n<p>Il appara\u00eet que certains individus manifestent ce sympt\u00f4me bien plus intens\u00e9ment, en particulier ceux ayant une sensibilit\u00e9 accrue des voies respiratoires, ou un terrain fragilis\u00e9 par l&rsquo;\u00e2ge ou d&rsquo;autres pathologies pr\u00e9existantes. L&rsquo;absence de vaccination r\u00e9cente jouerait \u00e9galement un r\u00f4le significatif dans cette <strong>vuln\u00e9rabilit\u00e9 exacerb\u00e9e<\/strong>.<\/p>\n<p>Plus qu&rsquo;un rhume ou une angine : reconna\u00eetre le signe qui ne trompe pas<\/p>\n<p>\u00c0 l&rsquo;automne, rhume, grippe et angine cr\u00e9ent souvent la confusion. Cependant, certains indices permettent de distinguer une infection banale d&rsquo;un potentiel variant \u00ab\u00a0Frankenstein\u00a0\u00bb.<\/p>\n<p> Comparaison avec d&rsquo;autres infections saisonni\u00e8res<\/p>\n<p>Le rhume classique provoque rarement cette voix cass\u00e9e et cette douleur tranchante \u00e0 chaque d\u00e9glutition. L&rsquo;angine, quant \u00e0 elle, s&rsquo;accompagne g\u00e9n\u00e9ralement de fi\u00e8vre \u00e9lev\u00e9e et de gonflement important. <strong>Ce qui caract\u00e9rise le Covid \u00ab\u00a0Frankenstein\u00a0\u00bb<\/strong> est la combinaison d&rsquo;une voix tr\u00e8s alt\u00e9r\u00e9e et d&rsquo;une <strong>gorge \u00ab\u00a0en feu\u00a0\u00bb<\/strong>, sans n\u00e9cessairement pr\u00e9senter d&rsquo;autres signes \u00e9vidents.<\/p>\n<p>Quand s&rsquo;inqui\u00e9ter et consulter : les cas qui doivent alerter<\/p>\n<p>Si la douleur s&rsquo;intensifie, entrave s\u00e9rieusement la parole ou la d\u00e9glutition, ou s&rsquo;accompagne de difficult\u00e9s respiratoires ou d&rsquo;une d\u00e9gradation de l&rsquo;\u00e9tat g\u00e9n\u00e9ral, il est imp\u00e9ratif de <strong>consulter sans attendre<\/strong>. Cette vigilance concerne particuli\u00e8rement les personnes \u00e2g\u00e9es ou fragiles, pour lesquelles une intervention pr\u00e9coce peut pr\u00e9venir des complications graves.<\/p>\n<p>Les personnes \u00e2g\u00e9es et non vaccin\u00e9es : une vigilance \u00e0 redoubler<\/p>\n<p>D&rsquo;apr\u00e8s les observations cliniques des derni\u00e8res semaines, les seniors n&rsquo;ayant pas re\u00e7u de vaccin au cours de l&rsquo;ann\u00e9e \u00e9coul\u00e9e sont les plus s\u00e9v\u00e8rement touch\u00e9s par ce nouveau variant.<\/p>\n<p> Les observations cliniques actuelles<\/p>\n<p>Les premiers retours hospitaliers confirment que <strong>les voix ab\u00eem\u00e9es et les maux de gorge s\u00e9v\u00e8res<\/strong> s&rsquo;observent plus fr\u00e9quemment chez les personnes \u00e2g\u00e9es, notamment celles dont la derni\u00e8re dose de vaccin remonte \u00e0 plus d&rsquo;un an. Ces patients d\u00e9crivent une g\u00eane nettement sup\u00e9rieure \u00e0 celle d&rsquo;un simple rhume, et un enrouement qui peut persister plusieurs jours.<\/p>\n<p>Vaccination et protection : qui est le plus vuln\u00e9rable ?<\/p>\n<p>La diminution de l&rsquo;immunit\u00e9 avec le temps rappelle l&rsquo;importance <strong>d&rsquo;une vaccination r\u00e9guli\u00e8re<\/strong> pour les plus de 60 ans et les personnes \u00e0 risque. Un syst\u00e8me immunitaire affaibli ou insuffisamment prot\u00e9g\u00e9 laisse davantage de libert\u00e9 \u00e0 ce nouveau variant, qui cible alors plus facilement la sph\u00e8re ORL.<\/p>\n<p>Ce qu&rsquo;en disent les experts : la science derri\u00e8re ce sympt\u00f4me atypique<\/p>\n<p>Bien que des zones d&rsquo;ombre subsistent concernant l&rsquo;apparition de ce sympt\u00f4me aussi caract\u00e9ristique, plusieurs hypoth\u00e8ses \u00e9mergent quant aux raisons de cet enrouement soudain, devenu la nouvelle <strong>marque distinctive<\/strong> du variant.<\/p>\n<p> Hypoth\u00e8ses sur l&rsquo;origine de la voix rauque et du mal de gorge extr\u00eame<\/p>\n<p>Le virus pourrait provoquer une inflammation cibl\u00e9e des tissus entourant les cordes vocales, expliquant l&rsquo;apparition de cette voix atypique. La douleur pharyng\u00e9e intense serait due \u00e0 une attaque directe sur la muqueuse pharyng\u00e9e, <strong>amplifi\u00e9e<\/strong> par la fatigue ou le d\u00e9ficit immunitaire.<\/p>\n<p> \u00c9tudes en cours et conseils des infectiologues<\/p>\n<p>Les interrogations demeurent nombreuses : le ph\u00e9nom\u00e8ne va-t-il s&rsquo;intensifier avec l&rsquo;hiver, ou va-t-il s&rsquo;att\u00e9nuer avec le renouvellement des vaccinations ? Les recommandations de pr\u00e9vention insistent en tout cas sur la surveillance accrue des sympt\u00f4mes dans son entourage et sur la n\u00e9cessit\u00e9 de <strong>consulter rapidement<\/strong> en cas d&rsquo;alt\u00e9ration inhabituelle de la voix ou de mal de gorge prononc\u00e9.<\/p>\n<p>En r\u00e9sum\u00e9 : savoir \u00e9couter les signaux de votre corps pour mieux se prot\u00e9ger<br \/>\n Ce que r\u00e9v\u00e8le ce sympt\u00f4me-embl\u00e8me sur l&rsquo;\u00e9volution du Covid<\/p>\n<p>Le mal de gorge incisif et la voix m\u00e9connaissable sont devenus les marqueurs du variant \u00ab\u00a0Frankenstein\u00a0\u00bb. Ce <strong>signal distinctif<\/strong> t\u00e9moigne d&rsquo;une \u00e9volution du virus, qui se manifeste diff\u00e9remment en cette saison o\u00f9 la vigilance doit \u00eatre renforc\u00e9e.<\/p>\n<p> Comment rester vigilant et quelles pistes pour la suite ?<\/p>\n<p>Face \u00e0 ce nouveau sympt\u00f4me, il est essentiel d&rsquo;\u00eatre attentif aux messages de son corps, de surveiller sa voix et l&rsquo;\u00e9tat de sa gorge, et de ne pas minimiser ces changements soudains, particuli\u00e8rement en automne chez les personnes vuln\u00e9rables. L&rsquo;avenir nous dira si le \u00ab\u00a0Frankenstein\u00a0\u00bb s&rsquo;impose durablement, mais une certitude demeure : <strong>identifier ces signaux pr\u00e9cocement<\/strong> constitue d\u00e9j\u00e0 une premi\u00e8re ligne de d\u00e9fense efficace.<\/p>\n<p>Alors, si votre voix commence \u00e0 vous trahir ou qu&rsquo;un mal de gorge inhabituel perturbe votre quotidien, gardez \u00e0 l&rsquo;esprit que reconna\u00eetre ces signes contribue \u00e0 pr\u00e9server votre sant\u00e9 durant cette p\u00e9riode automnale.<\/p>\n","protected":false},"excerpt":{"rendered":"D\u00e8s les premiers frimas d&rsquo;octobre, le ballet familier des maux de gorge et des voix enrou\u00e9es s&rsquo;intensifie dans&hellip;\n","protected":false},"author":2,"featured_media":431707,"comment_status":"","ping_status":"","sticky":false,"template":"","format":"standard","meta":{"footnotes":""},"categories":[2],"tags":[11,1011,27,12,56,25],"class_list":{"0":"post-431706","1":"post","2":"type-post","3":"status-publish","4":"format-standard","5":"has-post-thumbnail","7":"category-actualites","8":"tag-actualites","9":"tag-fr","10":"tag-france","11":"tag-news","12":"tag-push","13":"tag-republique-francaise"},"share_on_mastodon":{"url":"https:\/\/pubeurope.com\/@fr\/115300250654563434","error":""},"_links":{"self":[{"href":"https:\/\/www.europesays.com\/fr\/wp-json\/wp\/v2\/posts\/431706","targetHints":{"allow":["GET"]}}],"collection":[{"href":"https:\/\/www.europesays.com\/fr\/wp-json\/wp\/v2\/posts"}],"about":[{"href":"https:\/\/www.europesays.com\/fr\/wp-json\/wp\/v2\/types\/post"}],"author":[{"embeddable":true,"href":"https:\/\/www.europesays.com\/fr\/wp-json\/wp\/v2\/users\/2"}],"replies":[{"embeddable":true,"href":"https:\/\/www.europesays.com\/fr\/wp-json\/wp\/v2\/comments?post=431706"}],"version-history":[{"count":0,"href":"https:\/\/www.europesays.com\/fr\/wp-json\/wp\/v2\/posts\/431706\/revisions"}],"wp:featuredmedia":[{"embeddable":true,"href":"https:\/\/www.europesays.com\/fr\/wp-json\/wp\/v2\/media\/431707"}],"wp:attachment":[{"href":"https:\/\/www.europesays.com\/fr\/wp-json\/wp\/v2\/media?parent=431706"}],"wp:term":[{"taxonomy":"category","embeddable":true,"href":"https:\/\/www.europesays.com\/fr\/wp-json\/wp\/v2\/categories?post=431706"},{"taxonomy":"post_tag","embeddable":true,"href":"https:\/\/www.europesays.com\/fr\/wp-json\/wp\/v2\/tags?post=431706"}],"curies":[{"name":"wp","href":"https:\/\/api.w.org\/{rel}","templated":true}]}}