{"id":431714,"date":"2025-10-01T18:13:09","date_gmt":"2025-10-01T18:13:09","guid":{"rendered":"https:\/\/www.europesays.com\/fr\/431714\/"},"modified":"2025-10-01T18:13:09","modified_gmt":"2025-10-01T18:13:09","slug":"atp-terrence-atmane-devoile-le-nom-de-son-idole-et-ce-nest-pas-federer-nadal-ou-djokovic-cela-peut-sembler-assez-aleatoire-quil-ait-ete-mon-joueur-prefere-mais-quand-jetais-enfant-jadorai","status":"publish","type":"post","link":"https:\/\/www.europesays.com\/fr\/431714\/","title":{"rendered":"ATP > Terrence Atmane d\u00e9voile le nom de son idole, et ce n&rsquo;est pas Federer, Nadal ou Djokovic : \u00ab\u00a0Cela peut sembler assez al\u00e9atoire qu&rsquo;il ait \u00e9t\u00e9 mon joueur pr\u00e9f\u00e9r\u00e9, mais quand j&rsquo;\u00e9tais enfant, j&rsquo;adorais le regarder jouer\u00a0\u00bb"},"content":{"rendered":"<p>Auteur d\u2019une tr\u00e8s belle fin de saison avec notam\u00adment une demi\u2010finale sur le Masters 1000 de Cincinnati (battu par Jannik Sinner) alors qu\u2019il \u00e9tait issu des quali\u00adfi\u00adca\u00adtions, Terrence Atmane, actuel 68e joueur mondial et oppos\u00e9 \u00e0 l\u2019Argentin Ugo Carabelli ce jeudi au premier tour \u00e0 Shanghai, s\u2019est confi\u00e9 pour le site de\u00a0l\u2019ATP.<\/p>\n<p>Et le Fran\u00e7ais a notam\u00adment parl\u00e9 de son idole de jeunesse, qui n\u2019est autre que le Chilien, Fernando Gonzalez, ex\u20105e mondial, et dont le coup droit surpuis\u00adsant est rest\u00e9 dans toutes les m\u00e9moires.\u00a0<\/p>\n<p><strong>\u00ab\u202fCela peut sembler assez al\u00e9a\u00adtoire qu\u2019il ait \u00e9t\u00e9 mon joueur pr\u00e9f\u00e9r\u00e9, mais quand j\u2019\u00e9tais enfant, j\u2019ado\u00adrais le regarder jouer. Il appor\u00adtait telle\u00adment d\u2019ex\u00adplo\u00adsi\u00advit\u00e9 \u00e0 chaque fois qu\u2019il jouait\u202f; son coup droit \u00e9tait toujours impres\u00adsion\u00adnant. J\u2019aimais beau\u00adcoup \u00e7a et j\u2019es\u00adsayais de l\u2019imiter un peu quand j\u2019\u00e9tais plus jeune. M\u00eame aujourd\u2019hui, je continue \u00e0 regarder ses matchs, d\u00e8s que j\u2019ai un moment de\u00a0libre.\u202f\u00bb<\/strong><\/p>\n<p class=\"post-published-date\" style=\"color: silver; font-size: 75%; text-align: left;\">Publi\u00e9 le mercredi 1 octobre 2025 \u00e0 18:24<\/p>\n","protected":false},"excerpt":{"rendered":"Auteur d\u2019une tr\u00e8s belle fin de saison avec notam\u00adment une demi\u2010finale sur le Masters 1000 de Cincinnati (battu&hellip;\n","protected":false},"author":2,"featured_media":420507,"comment_status":"","ping_status":"","sticky":false,"template":"","format":"standard","meta":{"footnotes":""},"categories":[1415],"tags":[105,2199,1011,27,1960,2127,60,1467],"class_list":{"0":"post-431714","1":"post","2":"type-post","3":"status-publish","4":"format-standard","5":"has-post-thumbnail","7":"category-tennis","8":"tag-djokovic","9":"tag-federer","10":"tag-fr","11":"tag-france","12":"tag-nadal","13":"tag-sinner","14":"tag-sports","15":"tag-tennis"},"share_on_mastodon":{"url":"https:\/\/pubeurope.com\/@fr\/115300270285542505","error":""},"_links":{"self":[{"href":"https:\/\/www.europesays.com\/fr\/wp-json\/wp\/v2\/posts\/431714","targetHints":{"allow":["GET"]}}],"collection":[{"href":"https:\/\/www.europesays.com\/fr\/wp-json\/wp\/v2\/posts"}],"about":[{"href":"https:\/\/www.europesays.com\/fr\/wp-json\/wp\/v2\/types\/post"}],"author":[{"embeddable":true,"href":"https:\/\/www.europesays.com\/fr\/wp-json\/wp\/v2\/users\/2"}],"replies":[{"embeddable":true,"href":"https:\/\/www.europesays.com\/fr\/wp-json\/wp\/v2\/comments?post=431714"}],"version-history":[{"count":0,"href":"https:\/\/www.europesays.com\/fr\/wp-json\/wp\/v2\/posts\/431714\/revisions"}],"wp:featuredmedia":[{"embeddable":true,"href":"https:\/\/www.europesays.com\/fr\/wp-json\/wp\/v2\/media\/420507"}],"wp:attachment":[{"href":"https:\/\/www.europesays.com\/fr\/wp-json\/wp\/v2\/media?parent=431714"}],"wp:term":[{"taxonomy":"category","embeddable":true,"href":"https:\/\/www.europesays.com\/fr\/wp-json\/wp\/v2\/categories?post=431714"},{"taxonomy":"post_tag","embeddable":true,"href":"https:\/\/www.europesays.com\/fr\/wp-json\/wp\/v2\/tags?post=431714"}],"curies":[{"name":"wp","href":"https:\/\/api.w.org\/{rel}","templated":true}]}}