{"id":431717,"date":"2025-10-01T18:16:10","date_gmt":"2025-10-01T18:16:10","guid":{"rendered":"https:\/\/www.europesays.com\/fr\/431717\/"},"modified":"2025-10-01T18:16:10","modified_gmt":"2025-10-01T18:16:10","slug":"en-direct-barcelone-psg-defi-xxl-pour-le-champion-parisien-en-ligue-des-champions","status":"publish","type":"post","link":"https:\/\/www.europesays.com\/fr\/431717\/","title":{"rendered":"EN DIRECT &#8211; Barcelone-PSG\u00a0: d\u00e9fi XXL pour le champion parisien en Ligue des champions"},"content":{"rendered":"<p class=\"fig-paragraph\">D\u00e9cim\u00e9e par les absences (Demb\u00e9l\u00e9, Dou\u00e9, Kvaratskhelia), l\u2019attaque parisienne s\u2019appuiera sur Barcola, mais \u00e9galement sur les jeunes Mayulu et Mbaye, pr\u00e9f\u00e9r\u00e9s \u00e0 Ramos et Lee. Joao Neves fait son retour au milieu, aux c\u00f4t\u00e9s de Vitinha qui avait \u00e9t\u00e9 sorti par pr\u00e9caution le week-end dernier en Ligue 1. Zabarnyi continue de pallier l\u2019absence Marquinhos en d\u00e9fense.<\/p>\n<p class=\"fig-paragraph\">Le onze parisien\u00a0: Chevalier &#8211; Hakimi (cap), Zabarnyi, Pacho, Mendes &#8211; Neves, Vitinha, Ruiz &#8211; Mbaye, Mayulu, Barcola<\/p>\n","protected":false},"excerpt":{"rendered":"D\u00e9cim\u00e9e par les absences (Demb\u00e9l\u00e9, Dou\u00e9, Kvaratskhelia), l\u2019attaque parisienne s\u2019appuiera sur Barcola, mais \u00e9galement sur les jeunes Mayulu&hellip;\n","protected":false},"author":2,"featured_media":431718,"comment_status":"","ping_status":"","sticky":false,"template":"","format":"standard","meta":{"footnotes":""},"categories":[1412],"tags":[4791,786,525,448,1981,1089,814,1451,5695,2257,63,1452,1453,1454,1455,1011,27,2705,447,1307,3490,955,4589,4789,93,4790,1980,60,455],"class_list":{"0":"post-431717","1":"post","2":"type-post","3":"status-publish","4":"format-standard","5":"has-post-thumbnail","7":"category-f1","8":"tag-barcelone","9":"tag-c1","10":"tag-calendrier","11":"tag-champions-league","12":"tag-classement","13":"tag-coupe-deurope","14":"tag-direct","15":"tag-f1","16":"tag-fc-barcelone","17":"tag-foot","18":"tag-football","19":"tag-formula-1","20":"tag-formula1","21":"tag-formule-1","22":"tag-formule1","23":"tag-fr","24":"tag-france","25":"tag-groupe","26":"tag-ligue-des-champions","27":"tag-lille","28":"tag-liverpool","29":"tag-match","30":"tag-phase-finale","31":"tag-poule","32":"tag-psg","33":"tag-real-madrid","34":"tag-resultats","35":"tag-sports","36":"tag-uefa"},"share_on_mastodon":{"url":"https:\/\/pubeurope.com\/@fr\/115300282157960565","error":""},"_links":{"self":[{"href":"https:\/\/www.europesays.com\/fr\/wp-json\/wp\/v2\/posts\/431717","targetHints":{"allow":["GET"]}}],"collection":[{"href":"https:\/\/www.europesays.com\/fr\/wp-json\/wp\/v2\/posts"}],"about":[{"href":"https:\/\/www.europesays.com\/fr\/wp-json\/wp\/v2\/types\/post"}],"author":[{"embeddable":true,"href":"https:\/\/www.europesays.com\/fr\/wp-json\/wp\/v2\/users\/2"}],"replies":[{"embeddable":true,"href":"https:\/\/www.europesays.com\/fr\/wp-json\/wp\/v2\/comments?post=431717"}],"version-history":[{"count":0,"href":"https:\/\/www.europesays.com\/fr\/wp-json\/wp\/v2\/posts\/431717\/revisions"}],"wp:featuredmedia":[{"embeddable":true,"href":"https:\/\/www.europesays.com\/fr\/wp-json\/wp\/v2\/media\/431718"}],"wp:attachment":[{"href":"https:\/\/www.europesays.com\/fr\/wp-json\/wp\/v2\/media?parent=431717"}],"wp:term":[{"taxonomy":"category","embeddable":true,"href":"https:\/\/www.europesays.com\/fr\/wp-json\/wp\/v2\/categories?post=431717"},{"taxonomy":"post_tag","embeddable":true,"href":"https:\/\/www.europesays.com\/fr\/wp-json\/wp\/v2\/tags?post=431717"}],"curies":[{"name":"wp","href":"https:\/\/api.w.org\/{rel}","templated":true}]}}