{"id":431723,"date":"2025-10-01T18:19:11","date_gmt":"2025-10-01T18:19:11","guid":{"rendered":"https:\/\/www.europesays.com\/fr\/431723\/"},"modified":"2025-10-01T18:19:11","modified_gmt":"2025-10-01T18:19:11","slug":"florent-pagny-la-fille-de-gilbert-becaud-lui-declare-sa-flamme-et-lui-fait-une-demande-toute-particuliere","status":"publish","type":"post","link":"https:\/\/www.europesays.com\/fr\/431723\/","title":{"rendered":"Florent Pagny : la fille de Gilbert Becaud lui d\u00e9clare sa flamme, et lui fait une demande toute particuli\u00e8re"},"content":{"rendered":"<p>Immense star de son vivant, Gilbert B\u00e9caud n\u2019a pas la reconnaissance qu\u2019il m\u00e9riterait en France <a href=\"https:\/\/www.public.fr\/gilbert-becaud-furax-son-heritiere-denonce-un-sabordage-de-20-ans\" rel=\"nofollow noopener\" target=\"_blank\">selon sa fille Emily<\/a>. En effet, ce mercredi 1er octobre 2025, la fille du chanteur d\u00e9c\u00e9d\u00e9 le 18 d\u00e9cembre 2001 \u00e9tait l\u2019invit\u00e9e de Bruce Toussaint <a href=\"https:\/\/www.public.fr\/bruce-toussaint-sa-tenue-a-deux-doigts-de-craquer-dans-bonjour-anais-grangerac-le-ridiculise-malaise-en-plateau\" rel=\"nofollow noopener\" target=\"_blank\">dans <strong>Bonjour!<\/strong>.<\/a> L\u2019occasion pour elle de faire part de <strong>ses regrets au sujet de son p\u00e8re<\/strong> et les hommages peu nombreux qu\u2019il re\u00e7oit depuis son d\u00e9c\u00e8s, ainsi que sa volont\u00e9 de voir <a href=\"https:\/\/www.public.fr\/tag\/florent-pagny\" rel=\"nofollow noopener\" target=\"_blank\">Florent Pagny<\/a> reprendre les morceaux de son p\u00e8re.\u00a0<\/p>\n<p><a href=\"https:\/\/vsd.fr\/84152-bruce-toussaint-gros-rebondissement-pour-sa-matinale-bonjour\/\" rel=\"nofollow noopener\" target=\"_blank\">Dans la matinale de TF1<\/a>, elle a d\u00e9plor\u00e9 le fait <strong>qu\u2019on n\u2019entende pas son p\u00e8re \u00ab\u00a0\u00e0 la radio\u00a0\u00bb ou \u00ab\u00a0\u00e0 la t\u00e9l\u00e9vision\u00a0\u00bb.<\/strong> Nombre de fans de son papa n\u2019ont pas manqu\u00e9 de le lui faire remarquer. \u00ab\u00a0\u00c0 force de me poser la question, j&rsquo;ai dit\u00a0: \u2018Mais arr\u00eatez de me poser la question \u00e0 moi, posez la question directement au programmateur de t\u00e9l\u00e9, au programmateur de radio\u2019. Je ne suis pas programmatrice des cha\u00eenes de quoi que ce soit\u00a0\u00bb, a-t-elle tenu \u00e0 rappeler.\u00a0<\/p>\n<p>Florent Pagny, candidat id\u00e9al pour rendre hommage \u00e0 Gilbert B\u00e9caud ?<\/p>\n<p>N\u00e9anmoins, Emily Becaud partage le m\u00eame avis que les fans de son p\u00e8re d\u00e9c\u00e9d\u00e9 le 18 d\u00e9cembre 2001. \u00ab\u00a0Il a \u00e9t\u00e9 chant\u00e9 dans tous les pays.<strong> Il est reconnu dans tous les pays encore aujourd&rsquo;hui<\/strong>. Et il n&rsquo;y a encore pas tr\u00e8s longtemps, \u00e0 The Voice UK, Tom Jones a chant\u00e9 Let It Be Me. C&rsquo;est un standard. Gilbert B\u00e9caud, dans les autres pays, est un standard, chose qui ne l&rsquo;est pas en France. Et je me dis\u00a0: \u2018Mais pourquoi ? Il est fran\u00e7ais.\u2019\u00a0\u00bb, a-t-enne une nouvelle fois regrett\u00e9.<\/p>\n<p>Bruce Toussaint a alors propos\u00e9 qu\u2019une star fran\u00e7aise reprenne ses plus grands titres pour que Gilbert B\u00e9caud se voit davantage honor\u00e9 en France. Et la fille du chanteur a visiblement d\u00e9j\u00e0 une id\u00e9e bien arr\u00eat\u00e9e sur <strong>l\u2019artiste qui pourrait endosser ce r\u00f4le : Florent Pagny.<\/strong>\u00a0<\/p>\n<p>\u00ab\u00a0Derni\u00e8re question. <strong>Si un artiste pouvait reprendre les chansons de Gilbert B\u00e9caud,<\/strong> vers qui votre choix se porterait ?\u00a0\u00bb, lui a demand\u00e9 Bruce Toussaint. \u00c0 quoi Emily B\u00e9caud a r\u00e9pondu, sans h\u00e9sitation : <strong>\u00ab\u00a0J\u2019adore Florent Pagny.\u00a0\u00bb<\/strong><\/p>\n<p>\u00ab\u00a0\u00c9coutez, on sait jamais. S&rsquo;il nous regarde\u00a0\u00bb, a alors poursuivi le pr\u00e9sentateur. L\u2019occasion pour la fille du chanteur d\u00e9c\u00e9d\u00e9 de rappeler \u00e0 quel point son p\u00e8re appr\u00e9ciait Florent Pagny \u00e0 ses d\u00e9buts : \u00ab\u00a0Papa l&rsquo;aimait beaucoup aussi. Il a dit\u00a0: \u2018Il ira loin, ce gars\u2019\u00a0\u00bb. Visiblement, l\u2019interpr\u00e8te de <strong>Et maintenant<\/strong> ne se trompait pas.\u00a0<\/p>\n<p>Un manque de reconnaissance en France<\/p>\n<p>Reste \u00e0 savoir si le compagnon d\u2019Azucena acceptera la proposition si celle-ci lui parvient. Qu\u2019il s\u2019agisse de Florent Pagny ou d\u2019un autre, Emily souhaite, dans tous les cas et de tout c\u0153ur, que l&rsquo;on \u00ab\u00a0voit\u00a0\u00bb beaucoup plus son p\u00e8re \u00e0 la t\u00e9l\u00e9vision.<\/p>\n<p>\u00ab\u00a0Moi, ce que je regrette, c&rsquo;est qu&rsquo;on ne le voit pas lui, lui l\u00e0, ce mec-l\u00e0, qui est beau comme un dieu (elle montre l\u2019image de son p\u00e8re \u00e0 l\u2019\u00e9cran:ndlr). C&rsquo;est mon papa. Mes enfants \u00e0 moi, qui sont jeunes, ne connaissent pas Gilbert B\u00e9caud, parce qu&rsquo;ils ne le voient pas \u00e0 la t\u00e9l\u00e9. Si ce n&rsquo;est pas mes archives qu&rsquo;ils voient, ils ne connaissent pas Gilbert B\u00e9caud. Je suis d\u00e9sol\u00e9e, il a des textes \u00e0 tomber par terre, il a des m\u00e9lodies \u00e0 tomber par terre, il fait partie du patrimoine fran\u00e7ais. Je ne comprends pas pourquoi tout le monde bug\u00a0\u00bb, a-t-elle \u00e9galement d\u00e9plor\u00e9.\u00a0<\/p>\n<p>      Mentionn\u00e9s dans cet article<\/p>\n<p>      Sur le m\u00eame sujet<\/p>\n","protected":false},"excerpt":{"rendered":"Immense star de son vivant, Gilbert B\u00e9caud n\u2019a pas la reconnaissance qu\u2019il m\u00e9riterait en France selon sa fille&hellip;\n","protected":false},"author":2,"featured_media":431724,"comment_status":"","ping_status":"","sticky":false,"template":"","format":"standard","meta":{"footnotes":""},"categories":[1359],"tags":[6778,6779,58,59,3109,1011,27,43784,973,199],"class_list":{"0":"post-431723","1":"post","2":"type-post","3":"status-publish","4":"format-standard","5":"has-post-thumbnail","7":"category-people","8":"tag-bonjour-la-matinale-tf1","9":"tag-bruce-toussaint","10":"tag-divertissement","11":"tag-entertainment","12":"tag-florent-pagny","13":"tag-fr","14":"tag-france","15":"tag-gilbert-becaud","16":"tag-people","17":"tag-tf1"},"share_on_mastodon":{"url":"https:\/\/pubeurope.com\/@fr\/115300293951034244","error":""},"_links":{"self":[{"href":"https:\/\/www.europesays.com\/fr\/wp-json\/wp\/v2\/posts\/431723","targetHints":{"allow":["GET"]}}],"collection":[{"href":"https:\/\/www.europesays.com\/fr\/wp-json\/wp\/v2\/posts"}],"about":[{"href":"https:\/\/www.europesays.com\/fr\/wp-json\/wp\/v2\/types\/post"}],"author":[{"embeddable":true,"href":"https:\/\/www.europesays.com\/fr\/wp-json\/wp\/v2\/users\/2"}],"replies":[{"embeddable":true,"href":"https:\/\/www.europesays.com\/fr\/wp-json\/wp\/v2\/comments?post=431723"}],"version-history":[{"count":0,"href":"https:\/\/www.europesays.com\/fr\/wp-json\/wp\/v2\/posts\/431723\/revisions"}],"wp:featuredmedia":[{"embeddable":true,"href":"https:\/\/www.europesays.com\/fr\/wp-json\/wp\/v2\/media\/431724"}],"wp:attachment":[{"href":"https:\/\/www.europesays.com\/fr\/wp-json\/wp\/v2\/media?parent=431723"}],"wp:term":[{"taxonomy":"category","embeddable":true,"href":"https:\/\/www.europesays.com\/fr\/wp-json\/wp\/v2\/categories?post=431723"},{"taxonomy":"post_tag","embeddable":true,"href":"https:\/\/www.europesays.com\/fr\/wp-json\/wp\/v2\/tags?post=431723"}],"curies":[{"name":"wp","href":"https:\/\/api.w.org\/{rel}","templated":true}]}}