{"id":431729,"date":"2025-10-01T18:22:14","date_gmt":"2025-10-01T18:22:14","guid":{"rendered":"https:\/\/www.europesays.com\/fr\/431729\/"},"modified":"2025-10-01T18:22:14","modified_gmt":"2025-10-01T18:22:14","slug":"la-villa-des-coeurs-brises-saison-10-episode-39-du-1-octobre-2025-la-villa-des-coeurs-brises","status":"publish","type":"post","link":"https:\/\/www.europesays.com\/fr\/431729\/","title":{"rendered":"La Villa des C\u0153urs Bris\u00e9s &#8211; Saison 10 Episode 39 du 1 octobre 2025 &#8211; La Villa des C\u0153urs Bris\u00e9s"},"content":{"rendered":"<p id=\"descriptionPanel\" class=\"text-secondary mr-2 line-clamp-2 pr-2.5 overflow-visible\">Pendant la soir\u00e9e, Lisa-Marie re\u00e7oit une vid\u00e9o de Gabriel qui discute avec son ex. Elle a peur que Gab d\u00e9passe les limites. A-t-il vraiment m\u00fbri ? Elle aura vite une r\u00e9ponse ! Pendant ce temps, Giovanni fait connaissance avec une pr\u00e9tendante qui lui pla\u00eet beaucoup. Les filles, elles aussi, sont d&rsquo;humeur s\u00e9ductrice : Clarysse approfondit avec Ben et Oc\u00e9ane s&rsquo;isole avec Maxime. Finalement, cette soir\u00e9e pourrait redistribuer toutes les cartes de l&rsquo;aventure ! D&rsquo;autant que du c\u00f4t\u00e9 des gar\u00e7ons, un \u00ab\u00a0Action v\u00e9rit\u00e9\u00a0\u00bb vient juste de commencer&#8230; La Villa des C\u0153urs Bris\u00e9s Saison 10 Episode 39<br \/>En savoir plus sur <a class=\"text-white hover:text-blue-500\" href=\"https:\/\/www.tf1.fr\/dossier\/clarysse-pereira-29349590\" target=\"_blank\" rel=\"noopener\">Clarysse Pereira<\/a>, <a class=\"text-white hover:text-blue-500\" href=\"https:\/\/www.tf1.fr\/dossier\/gabriel-ayuso-04623479\" target=\"_blank\" rel=\"noopener\">Gabriel Ayuso<\/a>, <a class=\"text-white hover:text-blue-500\" href=\"https:\/\/www.tf1.fr\/dossier\/maissane-aghioul-61458410\" target=\"_blank\" rel=\"noopener\">Maissane Aghioul<\/a>, <a class=\"text-white hover:text-blue-500\" href=\"https:\/\/www.tf1.fr\/dossier\/giovanni-prat-47518092\" target=\"_blank\" rel=\"noopener\">Giovanni Prat<\/a>, <a class=\"text-white hover:text-blue-500\" href=\"https:\/\/www.tf1.fr\/dossier\/daniel-mkongo-85411245\" target=\"_blank\" rel=\"noopener\">Daniel Mkongo<\/a>, <a class=\"text-white hover:text-blue-500\" href=\"https:\/\/www.tf1.fr\/dossier\/oceane-el-himer-97296149\" target=\"_blank\" rel=\"noopener\">Oc\u00e9ane El Himer<\/a>, <a class=\"text-white hover:text-blue-500\" href=\"https:\/\/www.tf1.fr\/dossier\/melanie-orlenko-98845143\" target=\"_blank\" rel=\"noopener\">M\u00e9lanie Orlenko<\/a>, <a class=\"text-white hover:text-blue-500\" href=\"https:\/\/www.tf1.fr\/dossier\/lisa-marie-giocanti-18932665\" target=\"_blank\" rel=\"noopener\">Lisa-Marie Giocanti<\/a>, <a class=\"text-white hover:text-blue-500\" href=\"https:\/\/www.tf1.fr\/dossier\/patrick-fuhrer-01845320\" target=\"_blank\" rel=\"noopener\">Patrick Fuhrer<\/a>, <a class=\"text-white hover:text-blue-500\" href=\"https:\/\/www.tf1.fr\/dossier\/maxence-secret-story-2024-00089350\" target=\"_blank\" rel=\"noopener\">Maxence Mellerowicz<\/a> ou <a class=\"text-white hover:text-blue-500\" href=\"https:\/\/www.tf1.fr\/dossier\/emine-emine-92117839\" target=\"_blank\" rel=\"noopener\">Emine Mkhini<\/a><\/p>\n<p>Afficher la version longue du r\u00e9sum\u00e9<a class=\"shrink-0\" href=\"https:\/\/www.tf1.fr\/tfx\/la-villa-des-coeurs-brises\" target=\"_blank\" rel=\"noopener\"><img decoding=\"async\" src=\"https:\/\/www.europesays.com\/fr\/wp-content\/uploads\/2025\/08\/program-card-portrait-1-la-villa-2025-75e2fc-899f4e-0@1x.jpg\" width=\"138\" height=\"184\" alt=\"\" loading=\"eager\" fetchpriority=\"auto\" class=\"rounded-3px aspect-[3\/4] h-24 w-auto\" aria-hidden=\"true\"\/><\/a><img alt=\"Sous-Titrage T\u00e9l\u00e9texte\" loading=\"lazy\" width=\"27\" height=\"20\" decoding=\"async\" data-nimg=\"1\" style=\"color:transparent\" src=\"https:\/\/www.tf1.fr\/public\/_next\/static\/media\/sme.b8f879c0.svg\"\/>1 oct. 2025 \u00e0 20:00<\/p>\n","protected":false},"excerpt":{"rendered":"Pendant la soir\u00e9e, Lisa-Marie re\u00e7oit une vid\u00e9o de Gabriel qui discute avec son ex. Elle a peur que&hellip;\n","protected":false},"author":2,"featured_media":431730,"comment_status":"","ping_status":"","sticky":false,"template":"","format":"standard","meta":{"footnotes":""},"categories":[1356],"tags":[58,59,1365,44370,44371,43632,1011,27,38731,44372,44373,44380,44384,44369,44381,44385,44377,44376,44382,44383,44378,44379,252,1364,44374,44375],"class_list":{"0":"post-431729","1":"post","2":"type-post","3":"status-publish","4":"format-standard","5":"has-post-thumbnail","7":"category-television","8":"tag-divertissement","9":"tag-entertainment","10":"tag-episode","11":"tag-episode-la-villa-des-coeurs-brises","12":"tag-episode-la-villa-des-coeurs-brises-tfx","13":"tag-episode-tfx","14":"tag-fr","15":"tag-france","16":"tag-la-villa-des-coeurs-brises","17":"tag-la-villa-des-coeurs-brises-episode","18":"tag-la-villa-des-coeurs-brises-episode-tfx","19":"tag-la-villa-des-coeurs-brises-streaming","20":"tag-la-villa-des-coeurs-brises-streaming-gratuit","21":"tag-la-villa-des-coeurs-brises-tfx","22":"tag-la-villa-des-coeurs-brises-tfx-streaming","23":"tag-la-villa-des-coeurs-brises-tfx-streaming-gratuit","24":"tag-la-villa-des-coeurs-brises-tfx-video","25":"tag-la-villa-des-coeurs-brises-video","26":"tag-streaming-gratuit-la-villa-des-coeurs-brises","27":"tag-streaming-gratuit-la-villa-des-coeurs-brises-tfx","28":"tag-streaming-la-villa-des-coeurs-brises","29":"tag-streaming-la-villa-des-coeurs-brises-tfx","30":"tag-television","31":"tag-tv","32":"tag-video-la-villa-des-coeurs-brises","33":"tag-video-la-villa-des-coeurs-brises-tfx"},"share_on_mastodon":{"url":"","error":"Validation failed: Text character limit of 500 exceeded"},"_links":{"self":[{"href":"https:\/\/www.europesays.com\/fr\/wp-json\/wp\/v2\/posts\/431729","targetHints":{"allow":["GET"]}}],"collection":[{"href":"https:\/\/www.europesays.com\/fr\/wp-json\/wp\/v2\/posts"}],"about":[{"href":"https:\/\/www.europesays.com\/fr\/wp-json\/wp\/v2\/types\/post"}],"author":[{"embeddable":true,"href":"https:\/\/www.europesays.com\/fr\/wp-json\/wp\/v2\/users\/2"}],"replies":[{"embeddable":true,"href":"https:\/\/www.europesays.com\/fr\/wp-json\/wp\/v2\/comments?post=431729"}],"version-history":[{"count":0,"href":"https:\/\/www.europesays.com\/fr\/wp-json\/wp\/v2\/posts\/431729\/revisions"}],"wp:featuredmedia":[{"embeddable":true,"href":"https:\/\/www.europesays.com\/fr\/wp-json\/wp\/v2\/media\/431730"}],"wp:attachment":[{"href":"https:\/\/www.europesays.com\/fr\/wp-json\/wp\/v2\/media?parent=431729"}],"wp:term":[{"taxonomy":"category","embeddable":true,"href":"https:\/\/www.europesays.com\/fr\/wp-json\/wp\/v2\/categories?post=431729"},{"taxonomy":"post_tag","embeddable":true,"href":"https:\/\/www.europesays.com\/fr\/wp-json\/wp\/v2\/tags?post=431729"}],"curies":[{"name":"wp","href":"https:\/\/api.w.org\/{rel}","templated":true}]}}