{"id":431735,"date":"2025-10-01T18:25:15","date_gmt":"2025-10-01T18:25:15","guid":{"rendered":"https:\/\/www.europesays.com\/fr\/431735\/"},"modified":"2025-10-01T18:25:15","modified_gmt":"2025-10-01T18:25:15","slug":"la-fin-de-commercialisation-de-lancienne-formule-encore-repoussee-a-fin-2028","status":"publish","type":"post","link":"https:\/\/www.europesays.com\/fr\/431735\/","title":{"rendered":"la fin de commercialisation de l&rsquo;ancienne formule encore repouss\u00e9e \u00e0 fin 2028"},"content":{"rendered":"<p>                             Par Le Figaro avec AFP<\/p>\n<p>                Le 1 octobre 2025 \u00e0 13h58<\/p>\n<p>    L\u2019Euthyrox, un m\u00e9dicament contre l\u2019hypothyro\u00efdie correspondant \u00e0 l\u2019ancienne formulation du Levothyrox, est import\u00e9 depuis 2017.<br \/>\n                GEORGE CALIN \/ MoiraM &#8211; stock.adobe.com<\/p>\n<p>Le changement de formulation de ce m\u00e9dicament contre l\u2019hypothyro\u00efdie avait entra\u00een\u00e9 une crise en 2017, de nombreux patients se plaignant d\u2019effets secondaires.<\/p>\n<p class=\"fig-paragraph\">Mal anticip\u00e9, le\u00a0<a href=\"https:\/\/sante.lefigaro.fr\/article\/levothyrox-un-changement-de-composition-mal-accepte\" target=\"_blank\" data-fig-type=\"Article\" rel=\"sponsored noopener\" data-gtm-custom-categorie=\"navigation\" data-gtm-custom-action=\"crossclick\" data-gtm-custom-label=\"Contextuel\" data-gtm-event=\"customEventSPE\" data-fig-domain=\"SANTE\">changement de formulation<\/a>\u00a0du Levothyrox avait provoqu\u00e9 une crise en 2017, de nombreux patients atteints de maladies thyro\u00efdienne d\u00e9clarant\u00a0<a href=\"https:\/\/sante.lefigaro.fr\/article\/levothyrox-le-nombre-de-signalements-explose\" target=\"_blank\" data-fig-type=\"Article\" rel=\"sponsored noopener\" data-gtm-custom-categorie=\"navigation\" data-gtm-custom-action=\"crossclick\" data-gtm-custom-label=\"Contextuel\" data-gtm-event=\"customEventSPE\" data-fig-domain=\"SANTE\">des effets ind\u00e9sirables,<\/a>\u00a0ce qui avait contraint le laboratoire Merck \u00e0 importer un traitement \u00e9quivalent \u00e0 l\u2019ancienne formule, l\u2019Euthyrox. L&rsquo;Agence fran\u00e7aise du m\u00e9dicament (ANSM) a annonc\u00e9 mercredi que celui-ci continuera \u00e0 \u00eatre distribu\u00e9 \u00ab\u00a0jusqu&rsquo;\u00e0 fin 2028\u00a0\u00bb en France. La fin de commercialisation avait d\u00e9j\u00e0 \u00e9t\u00e9 repouss\u00e9e \u00e0 plusieurs reprises \u00e0 la demande des autorit\u00e9s sanitaires. L\u2019ANSM recommande aux m\u00e9decins de ne plus initier de traitement par Euthyrox en vue de l\u2019arr\u00eat d\u00e9finitif de commercialisation.<\/p>\n<p class=\"fig-paragraph\">La distribution de l&rsquo;Euthyrox, import\u00e9 d&rsquo;Allemagne, devait s&rsquo;arr\u00eater initialement en 2020 en France mais elle a d\u00e9j\u00e0 \u00e9t\u00e9 prolong\u00e9e plusieurs fois sur fond de bataille judiciaire autour de cette nouvelle formule, qui utilise le m\u00eame principe actif, la l\u00e9vothyroxine, mais avec de nouveaux excipients. \u00ab\u00a0Cette prolongation des approvisionnements permet de poursuivre l&rsquo;accompagnement des patients toujours trait\u00e9s par Euthyrox vers un autre m\u00e9dicament \u00e0 base de l\u00e9vothyroxine\u00a0\u00bb, souligne l&rsquo;ANSM.<\/p>\n<p>                                    <a class=\"fig-a11y-skip a11y-hidden\" href=\"#fig-a11y-skip-main-inarticle\"><br \/>\n        Passer la publicit\u00e9<br \/>\n    <\/a><\/p>\n<p>La m\u00eame hormone<\/p>\n<p class=\"fig-paragraph\">Les diff\u00e9rentes sp\u00e9cialit\u00e9s contenant cette m\u00eame hormone, qui sont disponibles en France avec leurs diff\u00e9rentes compositions (excipients), sont commercialis\u00e9es \u00e9galement \u00e0 l&rsquo;\u00e9tranger depuis plusieurs ann\u00e9es, rappelle la vigie du m\u00e9dicament. \u00ab\u00a0Les effets ind\u00e9sirables signal\u00e9s peuvent avoir diff\u00e9rentes causes, notamment le fait que la dose doit \u00eatre adapt\u00e9e au patient\u00a0\u00bb, souligne l&rsquo;agence dans une fiche pratique \u00e0 l&rsquo;attention des patients et m\u00e9decins pour s\u00e9curiser la transition, rappelant que ce \u00ab\u00a0r\u00e9\u00e9quilibrage peut prendre entre quelques semaines et plusieurs mois\u00a0\u00bb.<\/p>\n<p class=\"fig-paragraph\">L&rsquo;ANSM a \u00e9t\u00e9\u00a0<a href=\"http:\/\/www.lefigaro.fr\/flash-eco\/levothyrox-l-agence-du-medicament-mise-en-examen-pour-tromperie-20221205\" data-fig-type=\"NewsFlash\" data-gtm-custom-categorie=\"navigation\" data-gtm-custom-action=\"crossclick\" data-gtm-custom-label=\"Contextuel\" data-gtm-event=\"customEventSPE\" data-fig-domain=\"LEFIGARO\" target=\"_blank\" rel=\"noopener\">mise en examen en d\u00e9cembre 2022<\/a>\u00a0pour \u00ab\u00a0tromperie\u00a0\u00bb, puis en 2024 pour \u00ab\u00a0tromperie aggrav\u00e9e\u00a0\u00bb, une proc\u00e9dure semblable\u00a0<a href=\"http:\/\/www.lefigaro.fr\/actualite-france\/levothyrox-le-laboratoire-merck-annonce-sa-mise-en-examen-pour-tromperie-aggravee-20221019\" data-fig-type=\"NewsFlash\" data-gtm-custom-categorie=\"navigation\" data-gtm-custom-action=\"crossclick\" data-gtm-custom-label=\"Contextuel\" data-gtm-event=\"customEventSPE\" data-fig-domain=\"LEFIGARO\" target=\"_blank\" rel=\"noopener\">ciblant d\u00e9j\u00e0 le groupe pharmaceutique allemand Merck<\/a>. Apr\u00e8s la confirmation de ces mises en examen, l&rsquo;agence comme le laboratoire ont form\u00e9 un pourvoi en cassation.<\/p>\n<p class=\"fig-paragraph\">L&rsquo;affaire avait d\u00e9but\u00e9 en 2017 avec l&rsquo;arriv\u00e9e sur le march\u00e9 fran\u00e7ais d&rsquo;une nouvelle formule du Levothyrox, alors utilis\u00e9 quotidiennement par plus de deux millions de patients en France. Cette formule comprenait le m\u00eame principe actif, la l\u00e9vothyroxine, mais avec de nouveaux excipients. Plus de 30\u00a0000 patients se sont alors plaints d&rsquo;effets secondaires (maux de t\u00eate, insomnies, vertiges&#8230;). Les autorit\u00e9s sanitaires, \u00e0 commencer par l&rsquo;ANSM, ont d&rsquo;abord rejet\u00e9 l&rsquo;id\u00e9e d&rsquo;un m\u00e9canisme directement induit par la nouvelle formule, pour ensuite conclure que le changement n&rsquo;avait pas occasionn\u00e9 de probl\u00e8mes de sant\u00e9 \u00ab\u00a0graves\u00a0\u00bb.<\/p>\n","protected":false},"excerpt":{"rendered":"Par Le Figaro avec AFP Le 1 octobre 2025 \u00e0 13h58 L\u2019Euthyrox, un m\u00e9dicament contre l\u2019hypothyro\u00efdie correspondant \u00e0&hellip;\n","protected":false},"author":2,"featured_media":431736,"comment_status":"","ping_status":"","sticky":false,"template":"","format":"standard","meta":{"footnotes":""},"categories":[10],"tags":[1011,27,39483,72,39484,55959,71],"class_list":{"0":"post-431735","1":"post","2":"type-post","3":"status-publish","4":"format-standard","5":"has-post-thumbnail","7":"category-sante","8":"tag-fr","9":"tag-france","10":"tag-glande-thyroide","11":"tag-health","12":"tag-hypothyroidie","13":"tag-levothyrox","14":"tag-sante"},"share_on_mastodon":{"url":"https:\/\/pubeurope.com\/@fr\/115300318359333993","error":""},"_links":{"self":[{"href":"https:\/\/www.europesays.com\/fr\/wp-json\/wp\/v2\/posts\/431735","targetHints":{"allow":["GET"]}}],"collection":[{"href":"https:\/\/www.europesays.com\/fr\/wp-json\/wp\/v2\/posts"}],"about":[{"href":"https:\/\/www.europesays.com\/fr\/wp-json\/wp\/v2\/types\/post"}],"author":[{"embeddable":true,"href":"https:\/\/www.europesays.com\/fr\/wp-json\/wp\/v2\/users\/2"}],"replies":[{"embeddable":true,"href":"https:\/\/www.europesays.com\/fr\/wp-json\/wp\/v2\/comments?post=431735"}],"version-history":[{"count":0,"href":"https:\/\/www.europesays.com\/fr\/wp-json\/wp\/v2\/posts\/431735\/revisions"}],"wp:featuredmedia":[{"embeddable":true,"href":"https:\/\/www.europesays.com\/fr\/wp-json\/wp\/v2\/media\/431736"}],"wp:attachment":[{"href":"https:\/\/www.europesays.com\/fr\/wp-json\/wp\/v2\/media?parent=431735"}],"wp:term":[{"taxonomy":"category","embeddable":true,"href":"https:\/\/www.europesays.com\/fr\/wp-json\/wp\/v2\/categories?post=431735"},{"taxonomy":"post_tag","embeddable":true,"href":"https:\/\/www.europesays.com\/fr\/wp-json\/wp\/v2\/tags?post=431735"}],"curies":[{"name":"wp","href":"https:\/\/api.w.org\/{rel}","templated":true}]}}