{"id":431737,"date":"2025-10-01T18:26:12","date_gmt":"2025-10-01T18:26:12","guid":{"rendered":"https:\/\/www.europesays.com\/fr\/431737\/"},"modified":"2025-10-01T18:26:12","modified_gmt":"2025-10-01T18:26:12","slug":"touche-a-la-cheville-facundo-medina-sera-absent-deux-mois","status":"publish","type":"post","link":"https:\/\/www.europesays.com\/fr\/431737\/","title":{"rendered":"touch\u00e9 \u00e0 la cheville, Facundo Medina sera absent deux mois"},"content":{"rendered":"<p>Les grimaces sur le visage du d\u00e9fenseur argentin ne laissaient rien pr\u00e9sager de bon, lui qui a d\u00e9j\u00e0 loup\u00e9 les rencontres face au Paris FC et Lyon en ao\u00fbt pour une blessure au m\u00eame endroit. Et moins de 24 heures apr\u00e8s, l&rsquo;OM a d\u00e9j\u00e0 communiqu\u00e9 sur son absence : Medina souffre d&rsquo;une entorse de la cheville droite et sera \u00e9loign\u00e9 des terrains pr\u00e8s de deux mois, ce qui devrait lui faire rater une dizaine de matches.<\/p>\n<p>\u00ab\u00a0L&rsquo;Olympique de Marseille souhaite un prompt r\u00e9tablissement \u00e0 Facundo et esp\u00e8re le voir le plus rapidement possible sur les terrains\u00a0\u00bb, conclut le club <a href=\"https:\/\/www.om.fr\/fr\/actualites\/4803\/equipe-1ere\/102344-communique-medical-de-lom\" target=\"_blank\" rel=\"noopener\">dans son communiqu\u00e9<\/a>.<\/p>\n","protected":false},"excerpt":{"rendered":"Les grimaces sur le visage du d\u00e9fenseur argentin ne laissaient rien pr\u00e9sager de bon, lui qui a d\u00e9j\u00e0&hellip;\n","protected":false},"author":2,"featured_media":431738,"comment_status":"","ping_status":"","sticky":false,"template":"","format":"standard","meta":{"footnotes":""},"categories":[9],"tags":[17,13766,8249,35747,1011,27,35748,149,6690,60,8066],"class_list":{"0":"post-431737","1":"post","2":"type-post","3":"status-publish","4":"format-standard","5":"has-post-thumbnail","7":"category-sports","8":"tag-17","9":"tag-absent","10":"tag-cheville","11":"tag-facundo","12":"tag-fr","13":"tag-france","14":"tag-medina","15":"tag-om","16":"tag-sera","17":"tag-sports","18":"tag-touche"},"share_on_mastodon":{"url":"https:\/\/pubeurope.com\/@fr\/115300321371162976","error":""},"_links":{"self":[{"href":"https:\/\/www.europesays.com\/fr\/wp-json\/wp\/v2\/posts\/431737","targetHints":{"allow":["GET"]}}],"collection":[{"href":"https:\/\/www.europesays.com\/fr\/wp-json\/wp\/v2\/posts"}],"about":[{"href":"https:\/\/www.europesays.com\/fr\/wp-json\/wp\/v2\/types\/post"}],"author":[{"embeddable":true,"href":"https:\/\/www.europesays.com\/fr\/wp-json\/wp\/v2\/users\/2"}],"replies":[{"embeddable":true,"href":"https:\/\/www.europesays.com\/fr\/wp-json\/wp\/v2\/comments?post=431737"}],"version-history":[{"count":0,"href":"https:\/\/www.europesays.com\/fr\/wp-json\/wp\/v2\/posts\/431737\/revisions"}],"wp:featuredmedia":[{"embeddable":true,"href":"https:\/\/www.europesays.com\/fr\/wp-json\/wp\/v2\/media\/431738"}],"wp:attachment":[{"href":"https:\/\/www.europesays.com\/fr\/wp-json\/wp\/v2\/media?parent=431737"}],"wp:term":[{"taxonomy":"category","embeddable":true,"href":"https:\/\/www.europesays.com\/fr\/wp-json\/wp\/v2\/categories?post=431737"},{"taxonomy":"post_tag","embeddable":true,"href":"https:\/\/www.europesays.com\/fr\/wp-json\/wp\/v2\/tags?post=431737"}],"curies":[{"name":"wp","href":"https:\/\/api.w.org\/{rel}","templated":true}]}}