{"id":431739,"date":"2025-10-01T18:27:13","date_gmt":"2025-10-01T18:27:13","guid":{"rendered":"https:\/\/www.europesays.com\/fr\/431739\/"},"modified":"2025-10-01T18:27:13","modified_gmt":"2025-10-01T18:27:13","slug":"morsures-des-fesses-dune-collaboratrice-vincent-cerutti-renvoye-en-correctionnelle-le-9-decembre","status":"publish","type":"post","link":"https:\/\/www.europesays.com\/fr\/431739\/","title":{"rendered":"Morsures des fesses d\u2019une collaboratrice\u00a0: Vincent Cerutti renvoy\u00e9 en correctionnelle le 9\u00a0d\u00e9cembre"},"content":{"rendered":"<p class=\"paragraph text_align_left lp-f-body-02\">L\u2019affaire des morsures de fesses de Vincent Cerutti sera tranch\u00e9e par la justice. Selon nos informations, l\u2019ancien animateur de \u00ab Danse avec les stars \u00bb, le populaire t\u00e9l\u00e9-crochet de TF 1, est renvoy\u00e9 en correctionnelle pour atteinte sexuelle, avec violence, contrainte, menace ou surprise, ce qui est la <a href=\"https:\/\/www.legifrance.gouv.fr\/codes\/article_lc\/LEGIARTI000043409030\" target=\"_blank\" rel=\"noreferrer nofollow noopener\">d\u00e9finition d\u2019une agression sexuelle, selon le code p\u00e9nal<\/a>.<\/p>\n<p class=\"paragraph text_align_left lp-f-body-02\">Vincent Cerruti sera jug\u00e9 par le tribunal correctionnel de Paris, le 9 d\u00e9cembre prochain. Il risque jusqu\u2019\u00e0 cinq ans d\u2019emprisonnement et 75 000 euros d\u2019amende. La radio Ch\u00e9rie FM et le producteur de la matinale de cette station, Vincent Soulet, contre lesquels des plaintes avaient \u00e9t\u00e9 d\u00e9pos\u00e9es en parall\u00e8le pour harc\u00e8lement moral, ont, quant \u00e0 eux, b\u00e9n\u00e9fici\u00e9 de non-lieu.<\/p>\n<p class=\"paragraph text_align_left lp-f-body-02\"><a href=\"https:\/\/www.leparisien.fr\/culture-loisirs\/tv\/lanimateur-vincent-cerutti-mis-en-examen-pour-avoir-mordu-les-fesses-dune-collaboratrice-20-10-2023-AWFZP25IQJEMVEAAMCKM7SFKNA.php\" target=\"_blank\" rel=\"noreferrer nofollow noopener\">L\u2019affaire, r\u00e9v\u00e9l\u00e9e en 2023 par Le Parisien-Aujourd\u2019hui en France, remonte \u00e0 2015<\/a>. Quelques mois apr\u00e8s son recrutement comme standardiste \u00e0 la matinale de la radio du groupe NRJ qui cible un public f\u00e9minin, Caroline Barel d\u00e9nonce un assaut de l\u2019animateur d\u2019aujourd\u2019hui 44 ans. En visite dans le bureau de son \u00e9quipe, le pr\u00e9sentateur, qui venait d\u2019\u00eatre \u00e9cart\u00e9 du concours de danse de salon de la Une, s\u2019\u00e9tait install\u00e9 sur une chaise et avait pos\u00e9 ses pieds sur le bureau de la plaignante. Agac\u00e9e, celle-ci avait saisi une des chaussures du pr\u00e9sentateur et l\u2019avait lanc\u00e9e \u00e0 travers la pi\u00e8ce.<\/p>\n<p>\u00ab Mon cri de douleur a \u00e9t\u00e9 si fort qu\u2019il a alert\u00e9 une h\u00f4tesse d\u2019accueil \u00bb<\/p>\n<p class=\"paragraph text_align_left lp-f-body-02\">Selon le r\u00e9cit que la plaignante a livr\u00e9 aux enqu\u00eateurs, Vincent Cerutti l\u2019a alors attrap\u00e9e pour la plaquer au sol, les mains dans le dos, avant de lui mordre les fesses \u00e0 travers son pantalon. \u00c0 son retour \u00e0 son domicile, la jeune femme avait constat\u00e9 la pr\u00e9sence d\u2019un h\u00e9matome \u00e0 l\u2019endroit de la morsure, qu\u2019elle a immortalis\u00e9 avec son t\u00e9l\u00e9phone. La sc\u00e8ne se serait r\u00e9p\u00e9t\u00e9e quelques semaines plus tard dans l\u2019escalier qui m\u00e8ne au studio du sous-sol lors d\u2019une photo de groupe, devant plusieurs t\u00e9moins.<\/p>\n<p class=\"paragraph text_align_left lp-f-body-02\">\u00ab Il avait l\u2019habitude de mordre les fesses de ses collaboratrices. Je l\u2019avais pr\u00e9venu qu\u2019il n\u2019\u00e9tait pas question qu\u2019il me touche. Pourtant, d\u00e8s 2015, alors que je ne m\u2019y attendais pas, il s\u2019est acharn\u00e9 comme un chien enrag\u00e9 sur mon fessier. Il a recommenc\u00e9 quelques mois plus tard lors d\u2019une s\u00e9ance photo destin\u00e9e aux r\u00e9seaux sociaux. Mon cri de douleur a \u00e9t\u00e9 si fort qu\u2019il a alert\u00e9 une h\u00f4tesse d\u2019accueil qui se trouvait un \u00e9tage au-dessus \u00bb, a d\u00e9clar\u00e9, en d\u00e9but d\u2019ann\u00e9e, Caroline Barel devant <a href=\"https:\/\/www.leparisien.fr\/culture-loisirs\/cinema\/metoo-dans-la-culture-la-commission-denquete-appelle-a-passer-aux-actes-09-04-2025-MXQTY24M7ZEJVODIL7R72N36JA.php\" target=\"_blank\" rel=\"noreferrer nofollow noopener\">la commission d\u2019enqu\u00eate de l\u2019Assembl\u00e9e nationale sur les violences commises dans les secteurs du cin\u00e9ma, de l\u2019audiovisuel, du spectacle vivant, de la mode et de la publicit\u00e9<\/a>.<\/p>\n<p class=\"paragraph text_align_left lp-f-body-02\">Ce penchant pour les morsures avait \u00e9t\u00e9 confirm\u00e9 au Parisien par plusieurs des anciens collaborateurs du pr\u00e9sentateur, sans m\u00e9dia en cette rentr\u00e9e puisqu\u2019il a perdu la matinale de M Radio qu\u2019il assurait depuis 2020.<\/p>\n<p>Vincent Cerutti attend cette audience \u00ab avec un certain soulagement \u00bb<\/p>\n<p class=\"paragraph text_align_left lp-f-body-02\">Pr\u00e9sum\u00e9 innocent, Vincent Cerutti n\u2019a jamais ni\u00e9 les faits mais d\u00e9ment formellement qu\u2019ils aient \u00ab jamais eu la moindre connotation sexuelle \u00bb comme l\u2019affirmaient ses avocats apr\u00e8s nos r\u00e9v\u00e9lations. Contact\u00e9 ce mercredi Antoine Vey, le nouvel avocat du pr\u00e9sentateur, nous a indiqu\u00e9 que son client attend cette audience \u00ab avec un certain soulagement \u00bb.<\/p>\n<p class=\"paragraph text_align_left lp-f-body-02\">\u00ab Elle sera l\u2019occasion de dire l\u2019\u00e9vidence : ces faits n\u2019avaient strictement rien de sexuel, ni d\u2019humiliant\u2026 Ils s\u2019inscrivaient dans une ambiance \u00e0 laquelle participaient tous les membres de l\u2019\u00e9quipe, et qui n\u2019avait donn\u00e9 lieu \u00e0 aucun probl\u00e8me particulier \u00e0 l\u2019\u00e9poque. Dire que ces comportements ne sont pas tr\u00e8s professionnels, c\u2019est une chose, mais leur donner une qualification p\u00e9nale c\u2019est diff\u00e9rent, et c\u2019est cela qui sera en jeu dans ce proc\u00e8s \u00bb, nous \u00e9crit l\u2019avocat, agac\u00e9 par la m\u00e9diatisation de cette affaire.<\/p>\n<p class=\"paragraph text_align_left lp-f-body-02\">\u00ab Ce qui est regrettable, c\u2019est qu\u2019ici comme ailleurs, on a le sentiment que monsieur Cerruti a \u00e9t\u00e9 lynch\u00e9 m\u00e9diatiquement, avant m\u00eame d\u2019avoir pu \u00eatre jug\u00e9. On a donc l\u2019espoir d\u2019une audience plus \u00e9quilibr\u00e9e et plus apais\u00e9e que le climat tr\u00e8s virulent entretenu dans ce dossier pour on ne sait quelle raison quand on regarde la r\u00e9alit\u00e9 des faits\u2026 \u00bb, conclut Antoine Vey, qui devrait r\u00e9p\u00e9ter tout cela le 9 d\u00e9cembre, au palais de justice de Paris.<\/p>\n","protected":false},"excerpt":{"rendered":"L\u2019affaire des morsures de fesses de Vincent Cerutti sera tranch\u00e9e par la justice. Selon nos informations, l\u2019ancien animateur&hellip;\n","protected":false},"author":2,"featured_media":431740,"comment_status":"","ping_status":"","sticky":false,"template":"","format":"standard","meta":{"footnotes":""},"categories":[8],"tags":[872,58,59,1011,27,2205],"class_list":{"0":"post-431739","1":"post","2":"type-post","3":"status-publish","4":"format-standard","5":"has-post-thumbnail","7":"category-divertissement","8":"tag-culture-et-loisirs","9":"tag-divertissement","10":"tag-entertainment","11":"tag-fr","12":"tag-france","13":"tag-television-medias"},"share_on_mastodon":{"url":"","error":""},"_links":{"self":[{"href":"https:\/\/www.europesays.com\/fr\/wp-json\/wp\/v2\/posts\/431739","targetHints":{"allow":["GET"]}}],"collection":[{"href":"https:\/\/www.europesays.com\/fr\/wp-json\/wp\/v2\/posts"}],"about":[{"href":"https:\/\/www.europesays.com\/fr\/wp-json\/wp\/v2\/types\/post"}],"author":[{"embeddable":true,"href":"https:\/\/www.europesays.com\/fr\/wp-json\/wp\/v2\/users\/2"}],"replies":[{"embeddable":true,"href":"https:\/\/www.europesays.com\/fr\/wp-json\/wp\/v2\/comments?post=431739"}],"version-history":[{"count":0,"href":"https:\/\/www.europesays.com\/fr\/wp-json\/wp\/v2\/posts\/431739\/revisions"}],"wp:featuredmedia":[{"embeddable":true,"href":"https:\/\/www.europesays.com\/fr\/wp-json\/wp\/v2\/media\/431740"}],"wp:attachment":[{"href":"https:\/\/www.europesays.com\/fr\/wp-json\/wp\/v2\/media?parent=431739"}],"wp:term":[{"taxonomy":"category","embeddable":true,"href":"https:\/\/www.europesays.com\/fr\/wp-json\/wp\/v2\/categories?post=431739"},{"taxonomy":"post_tag","embeddable":true,"href":"https:\/\/www.europesays.com\/fr\/wp-json\/wp\/v2\/tags?post=431739"}],"curies":[{"name":"wp","href":"https:\/\/api.w.org\/{rel}","templated":true}]}}