{"id":431741,"date":"2025-10-01T18:28:21","date_gmt":"2025-10-01T18:28:21","guid":{"rendered":"https:\/\/www.europesays.com\/fr\/431741\/"},"modified":"2025-10-01T18:28:21","modified_gmt":"2025-10-01T18:28:21","slug":"panne-navigo-du-1er-octobre-que-sest-il-passe","status":"publish","type":"post","link":"https:\/\/www.europesays.com\/fr\/431741\/","title":{"rendered":"Panne Navigo du 1er octobre : que s&rsquo;est-il pass\u00e9 ?"},"content":{"rendered":"<p>Les usagers des transports d\u2019\u00cele-de-France sont nombreux depuis ce matin \u00e0 remonter des probl\u00e8mes avec la recharge de la carte d\u2019abonnement Navigo sur smartphone. Le syst\u00e8me est en panne et les guichets sont congestionn\u00e9s.<\/p>\n<p><a href=\"https:\/\/images.frandroid.com\/wp-content\/uploads\/2025\/06\/navigo-liberte-iphone-scaled.jpg\" target=\"_blank\" class=\"article-content__figure\" rel=\"nofollow noopener\"><img fetchpriority=\"high\" decoding=\"async\" loading=\"eager\" width=\"1200\" height=\"898\" src=\"https:\/\/www.europesays.com\/fr\/wp-content\/uploads\/2025\/10\/navigo-liberte-iphone-scaled.jpg\" alt=\"\" class=\"wp-image-2652451 wp-image wp-image\"  \/><\/a>L\u2019application qui g\u00e8re les pass Navigo \/\/ Source : Frandroid<\/p>\n<p>Mise \u00e0 jour \u00e0 16h31 : la panne est r\u00e9solue et les usagers peuvent \u00e0 nouveau recharger leur passe Navigo gr\u00e2ce \u00e0 l\u2019application mobile. <\/p>\n<p>Contact\u00e9 par <a target=\"_blank\" href=\"https:\/\/www.01net.com\/actualites\/navigo-en-panne-impossible-de-recharger-son-passe-ce-matin-pour-des-milliers-dusagers.html\" rel=\"nofollow noopener\">01net<\/a> et Frandroid, IDF Mobilit\u00e9s reconnait deux couacs techniques ce mercredi 1er octobre. Le premier \u00e9t\u00e9 rapidement r\u00e9solu et concernait la souscription de nouveaux titres. Le second, celui remont\u00e9 en majorit\u00e9 par les internautes, s\u2019est \u00e9tendue sur la matin\u00e9e.<\/p>\n<p>Les conseils de Navigo<\/p>\n<p>Tout d\u2019abord, pour les usagers qui ont \u00e9t\u00e9 victime de la panne et souhaitent porter une r\u00e9clamation, IDF Mobilit\u00e9s nous indique un lien directe pour lui remonter le probl\u00e8me. <\/p>\n<p>C\u2019est par ce biais qu\u2019il sera possible de demander un remboursement si vous avez \u00e9t\u00e9 contraint d\u2019acheter un titre pendant la panne.<\/p>\n<p>                <img decoding=\"async\" width=\"1200\" height=\"446\" loading=\"lazy\" alt=\"Illustration\" title=\"Illustration\" class=\"is-radiusless placeholder-default wp-image\" src=\"https:\/\/www.europesays.com\/fr\/wp-content\/uploads\/2025\/09\/illustration-1200x446.jpg\" \/>            <\/p>\n<p>\n                    HONOR 400, le choix \u00e9vident                <\/p>\n<p class=\"has-text-weight-medium is-size-6 is-line-height-normal\">\n                    Parfois, il vaut mieux r\u00e9fl\u00e9chir \u00e0 deux fois avant de choisir son smartphone\u2026\u202fL\u2019innovation et la performance du HONOR 400, plus accessibles que jamais. Offre disponible jusqu\u2019au 07\/10                <\/p>\n<p>D\u2019autre part, IDF Mobilit\u00e9s indique qu\u2019il est possible de recharger son passe d\u00e8s le 20 du mois pr\u00e9c\u00e9dent. Par exemple ici, il \u00e9tait possible de recharger son passe pour le mois d\u2019octobre d\u00e8s le 20 septembre.<\/p>\n<p>La panne<\/p>\n<p>\u00ab Bonjour \u00cele-de-France Mobilit\u00e9s, impossible de me connecter \u00e0 mon compte pour recharger mon passe navigo ce matin sur mon t\u00e9l\u00e9phone, j\u2019ai d\u00fb payer un billet \u00e0 la place \u00bb. <\/p>\n<p>C\u2019est l\u2019un des tr\u00e8s nombreux messages que l\u2019on peut lire ce matin sur les r\u00e9seaux sociaux. L\u2019application sur smartphone Android et iPhone permettant de recharger son passe Navigo pour lui donner un forfait mensuel sans faire la queue en station ne fonctionne pas.<\/p>\n<p>Le journaliste Hugo Cl\u00e9ry de Frandroid confirme la panne : \u00ab Gros soucis d\u2019application pour IDF mobilit\u00e9 : impossible de recharger son navigo depuis l\u2019application avec son t\u00e9l\u00e9phone \u00bb.<\/p>\n<p>La plupart des internautes mentionnent des probl\u00e8mes d\u2019acc\u00e8s complet \u00e0 l\u2019application quand d\u2019autres sont bloqu\u00e9s dans une file d\u2019attente virtuelle avec plus de 2600 personnes indiqu\u00e9es dans la file.<\/p>\n<blockquote class=\"wp-block-quote is-layout-flow wp-block-quote-is-layout-flow\">\n<p>J\u2019ach\u00e8te des places de concert ou je recharge mon pass navigo ?<\/p>\n<\/blockquote>\n<p>Une affluence monstre en station<\/p>\n<p>Devant l\u2019impossibilit\u00e9 de recharger leur propre carte d\u2019abonnement avec leurs smartphones, les usagers se sont naturellement tourn\u00e9s vers la solution historique : se rendre aux bornes et guichets en station pour proc\u00e9der \u00e0 la recharge.<\/p>\n<p>R\u00e9sultat, les lieux en questions sont congestionn\u00e9s. C\u2019est d\u00e9j\u00e0 le cas habituellement le 1er jour ouvr\u00e9 du mois, mais le probl\u00e8me ici s\u2019accumule \u00e0 la panne en cours.<\/p>\n<blockquote class=\"twitter-tweet\" data-width=\"550\" data-dnt=\"true\">\n<p lang=\"fr\" dir=\"ltr\">Bonjour <a href=\"https:\/\/twitter.com\/IDFmobilites?ref_src=twsrc%5Etfw\" rel=\"nofollow noopener\" target=\"_blank\">@IDFmobilites<\/a> impossible de me connecter \u00e0 mon compte pour recharger mon pass navigo ce matin sur mon t\u00e9l\u00e9phone, j&rsquo;ai d\u00fb payer un billet \u00e0 la place. Je fais comment ?<\/p>\n<p>Merci <a href=\"https:\/\/t.co\/Fnh5jWIGfq\" rel=\"nofollow\">pic.twitter.com\/Fnh5jWIGfq<\/a><\/p>\n<p>\u2014 Nicolas (@ATSouhaits) <a href=\"https:\/\/twitter.com\/ATSouhaits\/status\/1973283738290360361?ref_src=twsrc%5Etfw\" rel=\"nofollow noopener\" target=\"_blank\">October 1, 2025<\/a><\/p><\/blockquote>\n<p>                Ce contenu est bloqu\u00e9 car vous n\u2019avez pas accept\u00e9 les cookies et autres traceurs. Ce contenu est fourni par Twitter.<br \/>Pour pouvoir le visualiser, vous devez accepter l\u2019usage \u00e9tant op\u00e9r\u00e9 par Twitter avec vos donn\u00e9es qui pourront \u00eatre utilis\u00e9es pour les finalit\u00e9s suivantes : vous permettre de visualiser et de partager des contenus avec des m\u00e9dias sociaux, favoriser le d\u00e9veloppement et l\u2019am\u00e9lioration des produits d\u2019Humanoid et de ses partenaires, vous afficher des publicit\u00e9s personnalis\u00e9es par rapport \u00e0 votre profil et activit\u00e9, vous d\u00e9finir un profil publicitaire personnalis\u00e9, mesurer la performance des publicit\u00e9s et du contenu de ce site et mesurer l\u2019audience de ce site <a href=\"#\" class=\"js-privacy\" target=\"_blank\">(en savoir plus)<\/a>            <\/p>\n<p>                En cliquant sur \u00ab J\u2019accepte tout \u00bb, vous consentez aux finalit\u00e9s susmentionn\u00e9es pour l\u2019ensemble des cookies et autres traceurs d\u00e9pos\u00e9s par Humanoid et <a class=\"embed-consent-overlay-vendors-link\" href=\"#preferences-vendeurs\">ses partenaires<\/a>.            <\/p>\n<p>                Vous gardez la possibilit\u00e9 de retirer votre consentement \u00e0 tout moment. Pour plus d\u2019informations, nous vous invitons \u00e0 prendre connaissance de notre <a href=\"https:\/\/www.frandroid.com\/politique-cookies\" rel=\"nofollow noopener\" target=\"_blank\">Politique cookies<\/a>.            <\/p>\n<p>            J\u2019accepte tout        <\/p>\n<p class=\"embed-consent-overlay-manage-choices\">            <a href=\"#preferences-publicitaires\">G\u00e9rer mes choix<\/a>        <\/p>\n<p>Par ailleurs, sans possibilit\u00e9 de recharger le passe navigo int\u00e9gr\u00e9 au smartphone, certains ont d\u00fb se tourner vers des tickets plus chers sur place. En esp\u00e9rant qu\u2019IDF Mobilit\u00e9s pr\u00e9voie une formule de remboursement pour les usagers touch\u00e9s.<\/p>\n<p>Retrouvez tous les articles de Frandroid directement sur Google. Abonnez-vous \u00e0 <a target=\"_blank\" href=\"https:\/\/shop.frandroid.com\/gpfrandroid\" rel=\"noopener nofollow\">notre profil Google<\/a> pour ne rien manquer !<\/p>\n<p>            <script async src=\"https:\/\/platform.twitter.com\/widgets.js\" charset=\"utf-8\"><\/script><\/p>\n","protected":false},"excerpt":{"rendered":"Les usagers des transports d\u2019\u00cele-de-France sont nombreux depuis ce matin \u00e0 remonter des probl\u00e8mes avec la recharge de&hellip;\n","protected":false},"author":2,"featured_media":431742,"comment_status":"","ping_status":"","sticky":false,"template":"","format":"standard","meta":{"footnotes":""},"categories":[7],"tags":[270,1011,27,10899,43,40,41,39,42,44],"class_list":{"0":"post-431741","1":"post","2":"type-post","3":"status-publish","4":"format-standard","5":"has-post-thumbnail","7":"category-sciences-et-technologies","8":"tag-breaking","9":"tag-fr","10":"tag-france","11":"tag-panne","12":"tag-science","13":"tag-science-and-technology","14":"tag-sciences","15":"tag-sciences-et-technologies","16":"tag-technologies","17":"tag-technology"},"share_on_mastodon":{"url":"https:\/\/pubeurope.com\/@fr\/115300330044701683","error":""},"_links":{"self":[{"href":"https:\/\/www.europesays.com\/fr\/wp-json\/wp\/v2\/posts\/431741","targetHints":{"allow":["GET"]}}],"collection":[{"href":"https:\/\/www.europesays.com\/fr\/wp-json\/wp\/v2\/posts"}],"about":[{"href":"https:\/\/www.europesays.com\/fr\/wp-json\/wp\/v2\/types\/post"}],"author":[{"embeddable":true,"href":"https:\/\/www.europesays.com\/fr\/wp-json\/wp\/v2\/users\/2"}],"replies":[{"embeddable":true,"href":"https:\/\/www.europesays.com\/fr\/wp-json\/wp\/v2\/comments?post=431741"}],"version-history":[{"count":0,"href":"https:\/\/www.europesays.com\/fr\/wp-json\/wp\/v2\/posts\/431741\/revisions"}],"wp:featuredmedia":[{"embeddable":true,"href":"https:\/\/www.europesays.com\/fr\/wp-json\/wp\/v2\/media\/431742"}],"wp:attachment":[{"href":"https:\/\/www.europesays.com\/fr\/wp-json\/wp\/v2\/media?parent=431741"}],"wp:term":[{"taxonomy":"category","embeddable":true,"href":"https:\/\/www.europesays.com\/fr\/wp-json\/wp\/v2\/categories?post=431741"},{"taxonomy":"post_tag","embeddable":true,"href":"https:\/\/www.europesays.com\/fr\/wp-json\/wp\/v2\/tags?post=431741"}],"curies":[{"name":"wp","href":"https:\/\/api.w.org\/{rel}","templated":true}]}}