{"id":431743,"date":"2025-10-01T18:29:13","date_gmt":"2025-10-01T18:29:13","guid":{"rendered":"https:\/\/www.europesays.com\/fr\/431743\/"},"modified":"2025-10-01T18:29:13","modified_gmt":"2025-10-01T18:29:13","slug":"le-congres-americain-dans-limpasse-budgetaire-au-premier-jour-du-shutdown-actualites","status":"publish","type":"post","link":"https:\/\/www.europesays.com\/fr\/431743\/","title":{"rendered":"Le Congr\u00e8s am\u00e9ricain dans l&rsquo;impasse budg\u00e9taire au premier jour du \u00ab\u00a0shutdown\u00a0\u00bb : Actualit\u00e9s"},"content":{"rendered":"<p class=\"lead \">Le S\u00e9nat am\u00e9ricain a affich\u00e9 mercredi le grand \u00e9cart persistant entre d\u00e9mocrates et r\u00e9publicains avec l&rsquo;\u00e9chec d&rsquo;un vote visant \u00e0 sortir les Etats-Unis de la paralysie budg\u00e9taire, au premier jour de ce \u00ab\u00a0shutdown\u00a0\u00bb qui met \u00e0 l&rsquo;arr\u00eat les services f\u00e9d\u00e9raux consid\u00e9r\u00e9s comme non-essentiels.<\/p>\n<p class=\"lead \">Un texte propos\u00e9 par les r\u00e9publicains, qui aurait prolong\u00e9 le financement de l&rsquo;Etat f\u00e9d\u00e9ral jusque fin novembre, n&rsquo;a re\u00e7u que 55 voix, dont trois d\u00e9mocrates, encore trop loin des 60 n\u00e9cessaires pour son adoption.<\/p>\n<p class=\"lead \">Plusieurs centaines de milliers de fonctionnaires ont \u00e9t\u00e9 mis au ch\u00f4mage technique depuis minuit et de fortes perturbations sont attendues pour les usagers des services publics. Une situation tr\u00e8s impopulaire aux Etats-Unis, in\u00e9dite depuis sept ans, et dont les deux camps se rejettent la responsabilit\u00e9.<\/p>\n<p class=\"lead \"> \u00ab\u00a0Les d\u00e9mocrates ont ferm\u00e9 les services de l&rsquo;Etat\u00a0\u00bb, affirme la Maison Blanche dans un message sur son site accompagn\u00e9 d&rsquo;une horloge qui fait le d\u00e9compte du blocage.<\/p>\n<p class=\"lead \">L&rsquo;opposition dit de son c\u00f4t\u00e9 regretter l&rsquo;absence de r\u00e9elles n\u00e9gociations avec les r\u00e9publicains. Les chefs d\u00e9mocrates au Congr\u00e8s, Hakeem Jeffries et Chuck Schumer, ont aussi d\u00e9nonc\u00e9 dans un communiqu\u00e9 conjoint le comportement \u00ab\u00a0irrationnel et d\u00e9traqu\u00e9\u00a0\u00bb de Donald Trump.<\/p>\n<p class=\"lead \">\u00ab\u00a0Au lieu de n\u00e9gocier un accord entre les deux partis de bonne foi, il poste de mani\u00e8re obsessive des trucages vid\u00e9os\u00a0\u00bb, ont-ils affirm\u00e9.<\/p>\n<p class=\"lead \">Le pr\u00e9sident a publi\u00e9 lundi sur sa plateforme Truth Social une vid\u00e9o g\u00e9n\u00e9r\u00e9e par l&rsquo;intelligence artificielle montrant Hakeem Jeffries affubl\u00e9 d&rsquo;une longue moustache et d&rsquo;un sombrero mexicain. Un montage \u00ab\u00a0raciste\u00a0\u00bb, a cingl\u00e9 le principal int\u00e9ress\u00e9.<\/p>\n<p class=\"lead \">&#8211; \u00ab\u00a0Posture intenable\u00a0\u00bb &#8211;<\/p>\n<p class=\"lead \">Sur Fox News, le vice-pr\u00e9sident JD Vance s&rsquo;est dit mercredi pr\u00eat \u00e0 n\u00e9gocier avec les d\u00e9mocrates, mais seulement apr\u00e8s la fin du blocage. \u00ab\u00a0Vous ne pouvez pas r\u00e9compenser la prise d&rsquo;otages\u00a0\u00bb, a-t-il soutenu.<\/p>\n<p class=\"lead \">Pour l&rsquo;heure, les r\u00e9publicains proposent une simple extension du budget actuel jusqu&rsquo;\u00e0 fin novembre, tandis que les d\u00e9mocrates exigent la prolongation de programmes publics d&rsquo;assurance sant\u00e9 pour les plus d\u00e9munis.<\/p>\n<p class=\"lead \">Donald Trump n&rsquo;est pas \u00e9tranger aux \u00ab\u00a0shutdowns\u00a0\u00bb puisque le dernier remonte \u00e0 son premier mandat, de d\u00e9cembre 2018 \u00e0 janvier 2019, soit un record de 35 jours.<\/p>\n<p class=\"lead \">\u00ab\u00a0On ne sait pas combien de temps les d\u00e9mocrates maintiendront leur posture intenable, rendant la dur\u00e9e du +shutdown+ compliqu\u00e9e \u00e0 pr\u00e9dire\u00a0\u00bb, a affirm\u00e9 le directeur du Bureau du budget \u00e0 la Maison Blanche, Russell Vought, dans une lettre aux responsables de services minist\u00e9riels.<\/p>\n<p class=\"lead \">Face \u00e0 l&rsquo;image d\u00e9sastreuse qu&rsquo;une paralysie budg\u00e9taire renvoie aux Am\u00e9ricains, les r\u00e9publicains esp\u00e8rent cependant que suffisamment de s\u00e9nateurs d\u00e9mocrates c\u00e9deront et voteront  leur texte pour mettre fin au blocage.<\/p>\n<p class=\"lead \">Le Bureau budg\u00e9taire du Congr\u00e8s estime qu&rsquo;environ 750.000 fonctionnaires seront chaque jour au ch\u00f4mage technique. Le trafic a\u00e9rien pourrait \u00eatre affect\u00e9, le versement de certaines aides sociales devrait \u00eatre fortement perturb\u00e9.<\/p>\n<p class=\"lead \">&#8211; Croissance amput\u00e9e &#8211;<\/p>\n<p class=\"lead \">Les parcs nationaux seront \u00e9galement priv\u00e9s des \u00ab\u00a0rangers\u00a0\u00bb charg\u00e9s d&rsquo;en assurer le maintien, alors que commence la saison du changement de couleur des feuilles d&rsquo;arbres, un \u00e9v\u00e9nement annuel auquel assistent des millions de touristes aux Etats-Unis.<\/p>\n<p class=\"lead \">Sur le site de la Nasa, un message mercredi dit que l&rsquo;agence spatiale \u00ab\u00a0est actuellement ferm\u00e9e en raison d&rsquo;une interruption du financement gouvernemental\u00a0\u00bb.<\/p>\n<p class=\"lead \">Selon les calculs des analystes de la compagnie d&rsquo;assurance Nationwide, chaque semaine de paralysie pourrait r\u00e9duire la croissance annuelle du PIB am\u00e9ricain de 0,2 point.<\/p>\n<p class=\"lead \">La Bourse de New York a ouvert en baisse mercredi, alors que la publication de certaines donn\u00e9es \u00e9conomiques risque d&rsquo;\u00eatre report\u00e9e en raison du \u00ab\u00a0shutdown\u00a0\u00bb.<\/p>\n<p class=\"lead \">S&rsquo;il a dit vouloir \u00e9viter la paralysie, Donald Trump se montre aussi mena\u00e7ant envers l&rsquo;opposition.<\/p>\n<p class=\"lead \">\u00ab\u00a0Beaucoup de bonnes choses peuvent ressortir des +shutdowns+, on peut se d\u00e9barrasser de beaucoup de choses dont nous ne voulons pas, et ce seraient des choses d\u00e9mocrates\u00a0\u00bb, a-t-il pr\u00e9venu mardi.<\/p>\n<p class=\"lead \">Une allusion \u00e0 son intention de profiter du gel de certaines administrations pour poursuivre sur la lanc\u00e9e de la Commission \u00e0 l&rsquo;efficacit\u00e9 gouvernementale (Doge) de son ex-alli\u00e9 Elon Musk et limoger des milliers de fonctionnaires f\u00e9d\u00e9raux.<\/p>\n<p class=\"small font-weight-bold text-gray3 \"> publi\u00e9 le 1 octobre \u00e0 18h56, AFP<\/p>\n<p>                             Partager<\/p>\n","protected":false},"excerpt":{"rendered":"Le S\u00e9nat am\u00e9ricain a affich\u00e9 mercredi le grand \u00e9cart persistant entre d\u00e9mocrates et r\u00e9publicains avec l&rsquo;\u00e9chec d&rsquo;un vote&hellip;\n","protected":false},"author":2,"featured_media":431744,"comment_status":"","ping_status":"","sticky":false,"template":"","format":"standard","meta":{"footnotes":""},"categories":[6],"tags":[1003,35,33,34,1273,1011,27,1050,316,308],"class_list":{"0":"post-431743","1":"post","2":"type-post","3":"status-publish","4":"format-standard","5":"has-post-thumbnail","7":"category-economie","8":"tag-budget","9":"tag-business","10":"tag-economie","11":"tag-economy","12":"tag-fonctionnaires","13":"tag-fr","14":"tag-france","15":"tag-parlement","16":"tag-politique","17":"tag-usa"},"share_on_mastodon":{"url":"https:\/\/pubeurope.com\/@fr\/115300333353879035","error":""},"_links":{"self":[{"href":"https:\/\/www.europesays.com\/fr\/wp-json\/wp\/v2\/posts\/431743","targetHints":{"allow":["GET"]}}],"collection":[{"href":"https:\/\/www.europesays.com\/fr\/wp-json\/wp\/v2\/posts"}],"about":[{"href":"https:\/\/www.europesays.com\/fr\/wp-json\/wp\/v2\/types\/post"}],"author":[{"embeddable":true,"href":"https:\/\/www.europesays.com\/fr\/wp-json\/wp\/v2\/users\/2"}],"replies":[{"embeddable":true,"href":"https:\/\/www.europesays.com\/fr\/wp-json\/wp\/v2\/comments?post=431743"}],"version-history":[{"count":0,"href":"https:\/\/www.europesays.com\/fr\/wp-json\/wp\/v2\/posts\/431743\/revisions"}],"wp:featuredmedia":[{"embeddable":true,"href":"https:\/\/www.europesays.com\/fr\/wp-json\/wp\/v2\/media\/431744"}],"wp:attachment":[{"href":"https:\/\/www.europesays.com\/fr\/wp-json\/wp\/v2\/media?parent=431743"}],"wp:term":[{"taxonomy":"category","embeddable":true,"href":"https:\/\/www.europesays.com\/fr\/wp-json\/wp\/v2\/categories?post=431743"},{"taxonomy":"post_tag","embeddable":true,"href":"https:\/\/www.europesays.com\/fr\/wp-json\/wp\/v2\/tags?post=431743"}],"curies":[{"name":"wp","href":"https:\/\/api.w.org\/{rel}","templated":true}]}}