{"id":431747,"date":"2025-10-01T18:31:11","date_gmt":"2025-10-01T18:31:11","guid":{"rendered":"https:\/\/www.europesays.com\/fr\/431747\/"},"modified":"2025-10-01T18:31:11","modified_gmt":"2025-10-01T18:31:11","slug":"au-proces-de-cedric-jubillar-la-defense-pour-la-premiere-fois-en-difficulte","status":"publish","type":"post","link":"https:\/\/www.europesays.com\/fr\/431747\/","title":{"rendered":"Au proc\u00e8s de C\u00e9dric Jubillar, la d\u00e9fense pour la premi\u00e8re fois en difficult\u00e9"},"content":{"rendered":"<p><strong>COMPTE RENDU D\u2019AUDIENCE &#8211; <\/strong>Un t\u00e9moin cr\u00e9dible a livr\u00e9 mercredi des d\u00e9tails embarrassants pour le peintre plaquiste accus\u00e9 du meurtre de son \u00e9pouse en 2020.<\/p>\n<p class=\"fig-paragraph\">La derni\u00e8re fois qu\u2019elle a vu\u00a0<a href=\"https:\/\/video.lefigaro.fr\/figaro\/faits-divers\/jubillzr-20250930\" data-fig-type=\"Video\" data-gtm-custom-categorie=\"navigation\" data-gtm-custom-action=\"crossclick\" data-gtm-custom-label=\"Contextuel\" data-gtm-event=\"customEventSPE\" data-fig-domain=\"LEFIGARO\" target=\"_blank\" rel=\"noopener\">Delphine Jubillar<\/a>, quelques heures avant sa disparition, celle-ci portait \u00ab\u00a0ses bottes en daim fines, un jean, un pull couleur camel-rouille, sa veste en laine marron clair-beige\u00a0\u00bb. Anne-Michelle Sirven est un t\u00e9moin pr\u00e9cis et pr\u00e9cieux, en ce qu\u2019elle donne \u00e0 voir autant qu\u2019\u00e0 entendre. L\u2019amie proche de Delphine, qui habitait \u00e0\u00a0<a href=\"http:\/\/www.lefigaro.fr\/faits-divers\/cedric-jubillar-est-arrive-a-cagnac-les-mines-pour-la-reconstitution-de-la-nuit-du-drame-20221213\" data-fig-type=\"NewsFlash\" data-gtm-custom-categorie=\"navigation\" data-gtm-custom-action=\"crossclick\" data-gtm-custom-label=\"Contextuel\" data-gtm-event=\"customEventSPE\" data-fig-domain=\"LEFIGARO\" target=\"_blank\" rel=\"noopener\">Cagnac-les-Mines\u00a0<\/a>pr\u00e8s du domicile des Jubillar, a livr\u00e9 mercredi aux assises du Tarn un r\u00e9cit ravageur pour la d\u00e9fense. Le premier depuis le d\u00e9but du proc\u00e8s pour meurtre sur conjointe du mari de Delphine, C\u00e9dric.<\/p>\n<p class=\"fig-paragraph\">Si elle embarrasse tant Mes\u00a0<a href=\"http:\/\/www.lefigaro.fr\/faits-divers\/me-emmanuelle-franck-dans-les-cours-d-assises-les-monstres-n-existent-pas-20250628\" data-fig-type=\"Article\" data-gtm-custom-categorie=\"navigation\" data-gtm-custom-action=\"crossclick\" data-gtm-custom-label=\"Contextuel\" data-gtm-event=\"customEventSPE\" data-fig-domain=\"LEFIGARO\" target=\"_blank\" rel=\"noopener\">Emmanuelle Franck\u00a0<\/a>et Alexandre Martin c\u2019est qu\u2019Anne-Michelle Sirven n\u2019est pas un t\u00e9moin du ressenti mais du factuel. Elle explique qu\u2019en ce mois de d\u00e9cembre 2020 \u00ab\u00a0Delphine s\u2019envole\u00a0\u00bb. La jeune infirmi\u00e8re \u00ab\u00a0n\u2019en peut plus\u00a0\u00bb de son \u00e9poux dont la vulgarit\u00e9 de comportement et de propos \u00ab\u00a0lui fait honte\u00a0\u00bb, de m\u00eame que sa s\u00e9v\u00e9rit\u00e9 condamnable vis-\u00e0-vis de leur fils Louis. Elle s\u2019appr\u00eate\u2026<\/p>\n<p class=\"fig-premium-paywall__infos\">\n        Cet article est r\u00e9serv\u00e9 aux abonn\u00e9s.        Il vous reste 80% \u00e0 d\u00e9couvrir.\n    <\/p>\n<p>                <img  data- alt=\"Le Figaro\" class=\"fig-img--complete fig-img\"\/><\/p>\n<p class=\"fig-premium-paywall__title\">Vous avez envie de lire la suite ?<\/p>\n<p class=\"fig-premium-paywall__subtitle\">D\u00e9bloquez tous les articles imm\u00e9diatement.<\/p>\n<p class=\"fig-premium-paywall__connect\">\n                D\u00e9j\u00e0 abonn\u00e9\u00a0?                <a class=\"fig-premium-paywall__connect-link\" href=\"https:\/\/connect.lefigaro.fr\/login?client=horizon_web&amp;type=main&amp;redirect_uri=https%3A%2F%2Fwww.lefigaro.fr%2Factualite-france%2Fau-proces-de-cedric-jubillar-la-defense-pour-la-premiere-fois-en-difficulte-20251001\" data-js-gtm=\"{&quot;customCategorie&quot;: &quot;conversion&quot;, &quot;customAction&quot;: &quot;before_Landing_Connexion_paywall_auto&quot;, &quot;customLabel&quot;: &quot;bGVmaWdhcm8uZnJfXzFmMDllZDcwLTIzZWUtNjc5Yy1iZmEyLTY1NzgzODk2NmM2M19fQXJ0aWNsZQ==_Au proc\u00e8s de C\u00e9dric Jubillar, la d\u00e9fense pour la premi\u00e8re fois en difficult\u00e9_425&quot;, &quot;customIDSPE&quot;: &quot;bGVmaWdhcm8uZnJfXzFmMDllZDcwLTIzZWUtNjc5Yy1iZmEyLTY1NzgzODk2NmM2M19fQXJ0aWNsZQ==&quot;, &quot;event&quot;: &quot;customEventSPE&quot;}\" target=\"_blank\" rel=\"noopener\"><br \/>\n                    Connectez-vous<br \/>\n                <\/a>\n            <\/p>\n","protected":false},"excerpt":{"rendered":"COMPTE RENDU D\u2019AUDIENCE &#8211; Un t\u00e9moin cr\u00e9dible a livr\u00e9 mercredi des d\u00e9tails embarrassants pour le peintre plaquiste accus\u00e9&hellip;\n","protected":false},"author":2,"featured_media":431748,"comment_status":"","ping_status":"","sticky":false,"template":"","format":"standard","meta":{"footnotes":""},"categories":[4],"tags":[11,7296,33030,20851,33031,1011,27,12,2694,25,8412],"class_list":{"0":"post-431747","1":"post","2":"type-post","3":"status-publish","4":"format-standard","5":"has-post-thumbnail","7":"category-france","8":"tag-actualites","9":"tag-albi","10":"tag-cedric-jubillar","11":"tag-cour-dassises","12":"tag-delphine-jubillar","13":"tag-fr","14":"tag-france","15":"tag-news","16":"tag-proces","17":"tag-republique-francaise","18":"tag-tarn"},"share_on_mastodon":{"url":"https:\/\/pubeurope.com\/@fr\/115300341143842657","error":""},"_links":{"self":[{"href":"https:\/\/www.europesays.com\/fr\/wp-json\/wp\/v2\/posts\/431747","targetHints":{"allow":["GET"]}}],"collection":[{"href":"https:\/\/www.europesays.com\/fr\/wp-json\/wp\/v2\/posts"}],"about":[{"href":"https:\/\/www.europesays.com\/fr\/wp-json\/wp\/v2\/types\/post"}],"author":[{"embeddable":true,"href":"https:\/\/www.europesays.com\/fr\/wp-json\/wp\/v2\/users\/2"}],"replies":[{"embeddable":true,"href":"https:\/\/www.europesays.com\/fr\/wp-json\/wp\/v2\/comments?post=431747"}],"version-history":[{"count":0,"href":"https:\/\/www.europesays.com\/fr\/wp-json\/wp\/v2\/posts\/431747\/revisions"}],"wp:featuredmedia":[{"embeddable":true,"href":"https:\/\/www.europesays.com\/fr\/wp-json\/wp\/v2\/media\/431748"}],"wp:attachment":[{"href":"https:\/\/www.europesays.com\/fr\/wp-json\/wp\/v2\/media?parent=431747"}],"wp:term":[{"taxonomy":"category","embeddable":true,"href":"https:\/\/www.europesays.com\/fr\/wp-json\/wp\/v2\/categories?post=431747"},{"taxonomy":"post_tag","embeddable":true,"href":"https:\/\/www.europesays.com\/fr\/wp-json\/wp\/v2\/tags?post=431747"}],"curies":[{"name":"wp","href":"https:\/\/api.w.org\/{rel}","templated":true}]}}