{"id":431749,"date":"2025-10-01T18:32:19","date_gmt":"2025-10-01T18:32:19","guid":{"rendered":"https:\/\/www.europesays.com\/fr\/431749\/"},"modified":"2025-10-01T18:32:19","modified_gmt":"2025-10-01T18:32:19","slug":"isere-ses-vaches-devront-sarreter-a-quelques-kilometres-de-sa-ferme-sous-peine-de-47-000-euros-damende-le-dauphine-libere","status":"publish","type":"post","link":"https:\/\/www.europesays.com\/fr\/431749\/","title":{"rendered":"Is\u00e8re. Ses vaches devront s\u2019arr\u00eater \u00e0 quelques kilom\u00e8tres de sa ferme sous peine de 47 000 euros d&#039;amende &#8211; Le Dauphin\u00e9 Lib\u00e9r\u00e9"},"content":{"rendered":"<ol>\n<li><a href=\"https:\/\/news.google.com\/rss\/articles\/CBMiggJBVV95cUxOdDN1eEZBSFp6RjhEeWtGSGV3LTFRNG03SldibG5vVDFTb3JHRlU1Mkl6bTdhYXVXLW83RFN2ZGdFN2QzMl9JWm1ZNUFNYjMxZVNKcjBXVndJcE5PVGxUS0w5UGlhalM1Z1lzYjd3ajZubFRzZDByNjV3X3hXUTkwMW1LcVlUSndmYnVGTDVldkwzZldjTWdKV2VTNjlMb2U3d0JBRlpsMXJ2bnJxMlJYYTEzUUFUR2lURlRPdGhJaW9nOERITDVkZ3BXc1BYYmowV3RCNnh4Zm01MmNTOXJnUmtmWERtSjFPOUY0MUN1THlYTDhObTNYS2dqOUhyMnlCX2c?oc=5\" target=\"_blank\" rel=\"noopener\">Is\u00e8re. Ses vaches devront s\u2019arr\u00eater \u00e0 quelques kilom\u00e8tres de sa ferme sous peine de 47 000 euros d&rsquo;amende<\/a>&nbsp;&nbsp;Le Dauphin\u00e9 Lib\u00e9r\u00e9<\/li>\n<li><a href=\"https:\/\/news.google.com\/rss\/articles\/CBMiygFBVV95cUxOXzFlUEF6ZHN1TU1LNXhfeDVnNXZnMXVKS0hrUWpCeGZ5d1RTX1R2SHZoQ1YxOUJSLThvUV8ybkFGTkViRk9Td0UzWUw1ZWhYbGlXTFdOQVRsTlN4N1ppcFM5eGJKMDhtejlPQ1Y5NVRzekt1X1dqM3hfektsZHNhMjZfbk5NMFI3THVQS3ZEZi1vZXFkdWFFdzFmOEhmXzUtQkc0aUZNNnlGVzFDUGZ5SEdydFVfSUMyMTc1MjBnUndNLXF3VDFrY0pR?oc=5\" target=\"_blank\" rel=\"noopener\">S\u2019il ram\u00e8ne ses vaches \u00e0 sa ferme, cet agriculteur devra payer 47 000 euros d\u2019amende<\/a>&nbsp;&nbsp;Midi Libre<\/li>\n<li><a href=\"https:\/\/news.google.com\/rss\/articles\/CBMirgFBVV95cUxONy15bHVPQ3JvOG9xR0t1T29vSFZFdHVRSGdScDc1SERrRVlacnlOTE9RR1loNDJYRVMtb1kwblFtLWNjOFBKNGppYUhDeDU0Z041SU9fZUhBNUVjZldfRUdtOU9FNXhQOVZtT29hcFdmZDM5cUpOSWVwZkxidk14Rl95VHdMU21IZ0FRQ182RmN2eW56bXFUQVlfZXlyMjM4Q3hEbEtaODRlSmxHQ2c?oc=5\" target=\"_blank\" rel=\"noopener\">Ch\u00e2tel. Dermatose nodulaire : 10 000 euros pour soutenir les agriculteurs<\/a>&nbsp;&nbsp;Le Dauphin\u00e9 Lib\u00e9r\u00e9<\/li>\n<li><a href=\"https:\/\/news.google.com\/rss\/articles\/CBMi1AFBVV95cUxNOWhKRXcyR1VaalFNYUlNcVdzY0ZaVmZTdnRha1ZDZFgzYm5mMS1YenpwX01kdWV2ZldrMW45RlNjRjBxRld0bXllYnlhMS16QmQ2YUFNVW9PWHRWeldiVHB2aUhna3F4T25rSXdVclVSSzR4bVFlVE1qMEZnajVzdUMyWnRvVThjVU1ka1hSVjdidmxrSGNkc0JCalNEd1hpcUp2cmtYaVJ4cHJldktERGRhOTNmTFZVVXlUX1ZDUG5SMTliS0hlWmJlYW5ENEFJT25MZA?oc=5\" target=\"_blank\" rel=\"noopener\">Rh\u00f4ne. \u00c0 cause de cette maladie contagieuse, la chasse est interdite dans une partie du d\u00e9partement<\/a>&nbsp;&nbsp;Le Progr\u00e8s<\/li>\n<li><a href=\"https:\/\/news.google.com\/rss\/articles\/CBMi4AFBVV95cUxOaUd2RTdaZTE3MHJpeDFGaTFHQm53QzAzdHJZS0xrRFlGVmsxUl9YTTBxWW5icTRQSUJwV1F5T2VFQ1dZSFU5TEJER2FUemRnTGlDaGZBQk8yd0oxNGZNWHhYd2h0WndGR3p0NDF2NDhTV3NmTGhDTFlfMVpabUhlLUQzSFJmc3BGZERKR05VWmJudUxsZjcwenl0VjVsU1FOaTNkR3FyMVRQNVljYjJnb2dvcEF1OUt2Vnc2MkpxSlZfNTc4ZXpJaThtR0xxa3RadzlLNXY3QUlYemRZMzlhSA?oc=5\" target=\"_blank\" rel=\"noopener\">\u00ab\u00a0On est sans r\u00e9ponse\u00a0\u00bb: des bovins confin\u00e9s dans les alpages \u00e0 cause de la dermatose nodulaire<\/a>&nbsp;&nbsp;BFMTV<\/li>\n<\/ol>\n","protected":false},"excerpt":{"rendered":"Is\u00e8re. Ses vaches devront s\u2019arr\u00eater \u00e0 quelques kilom\u00e8tres de sa ferme sous peine de 47 000 euros d&rsquo;amende&nbsp;&nbsp;Le&hellip;\n","protected":false},"author":2,"featured_media":431750,"comment_status":"","ping_status":"","sticky":false,"template":"","format":"standard","meta":{"footnotes":""},"categories":[2],"tags":[11,327,52764,33,112,113,114,274,107,1011,27,108,6225,12,11125,55960,71,42849],"class_list":{"0":"post-431749","1":"post","2":"type-post","3":"status-publish","4":"format-standard","5":"has-post-thumbnail","7":"category-actualites","8":"tag-actualites","9":"tag-agriculture","10":"tag-chirens","11":"tag-economie","12":"tag-edition-grenoble-agglomeration","13":"tag-edition-gresivaudan-oisans","14":"tag-edition-voiron-saint-marcellin","15":"tag-faits-divers-justice","16":"tag-fil-info","17":"tag-fr","18":"tag-france","19":"tag-isere","20":"tag-la-matinale","21":"tag-news","22":"tag-pays-voironnais","23":"tag-saint-blaise-du-buis","24":"tag-sante","25":"tag-tignes"},"share_on_mastodon":{"url":"https:\/\/pubeurope.com\/@fr\/115300345037859951","error":""},"_links":{"self":[{"href":"https:\/\/www.europesays.com\/fr\/wp-json\/wp\/v2\/posts\/431749","targetHints":{"allow":["GET"]}}],"collection":[{"href":"https:\/\/www.europesays.com\/fr\/wp-json\/wp\/v2\/posts"}],"about":[{"href":"https:\/\/www.europesays.com\/fr\/wp-json\/wp\/v2\/types\/post"}],"author":[{"embeddable":true,"href":"https:\/\/www.europesays.com\/fr\/wp-json\/wp\/v2\/users\/2"}],"replies":[{"embeddable":true,"href":"https:\/\/www.europesays.com\/fr\/wp-json\/wp\/v2\/comments?post=431749"}],"version-history":[{"count":0,"href":"https:\/\/www.europesays.com\/fr\/wp-json\/wp\/v2\/posts\/431749\/revisions"}],"wp:featuredmedia":[{"embeddable":true,"href":"https:\/\/www.europesays.com\/fr\/wp-json\/wp\/v2\/media\/431750"}],"wp:attachment":[{"href":"https:\/\/www.europesays.com\/fr\/wp-json\/wp\/v2\/media?parent=431749"}],"wp:term":[{"taxonomy":"category","embeddable":true,"href":"https:\/\/www.europesays.com\/fr\/wp-json\/wp\/v2\/categories?post=431749"},{"taxonomy":"post_tag","embeddable":true,"href":"https:\/\/www.europesays.com\/fr\/wp-json\/wp\/v2\/tags?post=431749"}],"curies":[{"name":"wp","href":"https:\/\/api.w.org\/{rel}","templated":true}]}}