{"id":431751,"date":"2025-10-01T18:33:10","date_gmt":"2025-10-01T18:33:10","guid":{"rendered":"https:\/\/www.europesays.com\/fr\/431751\/"},"modified":"2025-10-01T18:33:10","modified_gmt":"2025-10-01T18:33:10","slug":"que-voir-cette-saison-au-zenith","status":"publish","type":"post","link":"https:\/\/www.europesays.com\/fr\/431751\/","title":{"rendered":"que voir cette saison au Z\u00e9nith\u00a0?"},"content":{"rendered":"<p>Ce jeudi marque le top d\u00e9part de la saison du Z\u00e9nith de Saint-\u00c9tienne. Apr\u00e8s une pause estivale, la plus grande salle de spectacles de la Loire rouvre ses portes pour une saison marqu\u00e9e par de l\u2019humour, des nouveaut\u00e9s, et des retours\u00a0! Nous avons jet\u00e9 un petit \u0153il sur la programmation et dress\u00e9 une liste (non exhaustive) d\u2019\u00e9v\u00e9nements \u00e0 ne pas rater.<\/p>\n<p>D\u00e8s ce jeudi, pour l\u2019ouverture, on attaque avec une ic\u00f4ne du Z\u00e9nith, Matthieu Chedid. Adepte de la salle&#8230;<\/p>\n","protected":false},"excerpt":{"rendered":"Ce jeudi marque le top d\u00e9part de la saison du Z\u00e9nith de Saint-\u00c9tienne. Apr\u00e8s une pause estivale, la&hellip;\n","protected":false},"author":2,"featured_media":431752,"comment_status":"","ping_status":"","sticky":false,"template":"","format":"standard","meta":{"footnotes":""},"categories":[9653],"tags":[1111,11,2430,1687,7539,1777,674,1011,27,873,12,25,4001,7538],"class_list":{"0":"post-431751","1":"post","2":"type-post","3":"status-publish","4":"format-standard","5":"has-post-thumbnail","7":"category-saint-etienne","8":"tag-actu","9":"tag-actualites","10":"tag-auvergne-rhone-alpes","11":"tag-culture-loisirs","12":"tag-edition-loire-sud","13":"tag-eu","14":"tag-europe","15":"tag-fr","16":"tag-france","17":"tag-musique","18":"tag-news","19":"tag-republique-francaise","20":"tag-saint-etienne","21":"tag-saint-etienne-ville"},"share_on_mastodon":{"url":"https:\/\/pubeurope.com\/@fr\/115300349099192469","error":""},"_links":{"self":[{"href":"https:\/\/www.europesays.com\/fr\/wp-json\/wp\/v2\/posts\/431751","targetHints":{"allow":["GET"]}}],"collection":[{"href":"https:\/\/www.europesays.com\/fr\/wp-json\/wp\/v2\/posts"}],"about":[{"href":"https:\/\/www.europesays.com\/fr\/wp-json\/wp\/v2\/types\/post"}],"author":[{"embeddable":true,"href":"https:\/\/www.europesays.com\/fr\/wp-json\/wp\/v2\/users\/2"}],"replies":[{"embeddable":true,"href":"https:\/\/www.europesays.com\/fr\/wp-json\/wp\/v2\/comments?post=431751"}],"version-history":[{"count":0,"href":"https:\/\/www.europesays.com\/fr\/wp-json\/wp\/v2\/posts\/431751\/revisions"}],"wp:featuredmedia":[{"embeddable":true,"href":"https:\/\/www.europesays.com\/fr\/wp-json\/wp\/v2\/media\/431752"}],"wp:attachment":[{"href":"https:\/\/www.europesays.com\/fr\/wp-json\/wp\/v2\/media?parent=431751"}],"wp:term":[{"taxonomy":"category","embeddable":true,"href":"https:\/\/www.europesays.com\/fr\/wp-json\/wp\/v2\/categories?post=431751"},{"taxonomy":"post_tag","embeddable":true,"href":"https:\/\/www.europesays.com\/fr\/wp-json\/wp\/v2\/tags?post=431751"}],"curies":[{"name":"wp","href":"https:\/\/api.w.org\/{rel}","templated":true}]}}