{"id":431753,"date":"2025-10-01T18:34:10","date_gmt":"2025-10-01T18:34:10","guid":{"rendered":"https:\/\/www.europesays.com\/fr\/431753\/"},"modified":"2025-10-01T18:34:10","modified_gmt":"2025-10-01T18:34:10","slug":"securite-environnement-une-enquete-livre-les-priorites-des-habitants-de-saint-etienne-du-rouvray-pour-2026","status":"publish","type":"post","link":"https:\/\/www.europesays.com\/fr\/431753\/","title":{"rendered":"S\u00e9curit\u00e9, environnement&#8230; Une enqu\u00eate livre les priorit\u00e9s des habitants de Saint-\u00c9tienne-du-Rouvray pour 2026"},"content":{"rendered":"<p>            Par<br \/>\n        <strong><br \/>\n            <a href=\"https:\/\/actu.fr\/auteur\/yann-rivallan\" title=\"Consulter tous les articles de Yann Rivallan\" target=\"_blank\" rel=\"noopener\">Yann Rivallan<\/a><br \/>\n        <\/strong><\/p>\n<p>        Publi\u00e9 le<\/p>\n<p>            1 oct. 2025 \u00e0 19h46        <\/p>\n<p>Les <a href=\"https:\/\/actu.fr\/76actu\/politique\/elections-municipales\" target=\"_blank\" rel=\"noopener\">\u00e9lections municipales de mars\u00a02026<\/a> approchent \u00e0 grands pas. \u00c0 six mois du scrutin, les \u00e9lus sont souvent tourn\u00e9s vers les sondages. \u00c0 <strong>Saint-\u00c9tienne-du-Rouvray<\/strong>, commune de 28\u2009000\u00a0habitants pr\u00e8s de Rouen, un collectif de citoyens de gauche a organis\u00e9 une enqu\u00eate publique sur <strong>les attentes et priorit\u00e9s des habitants<\/strong> pour la prochaine \u00e9ch\u00e9ance \u00e9lectorale.<\/p>\n<p>Une enqu\u00eate dans tous les quartiers<\/p>\n<p class=\" wall-content\">David Fontaine, adjoint au maire et membre des \u00e9cologistes, revient sur les enseignements de cette enqu\u00eate. Men\u00e9e entre le mois de juin et la rentr\u00e9e de septembre\u00a02025, elle comptabilise <strong>267 r\u00e9ponses d\u2019habitants<\/strong> ou de familles st\u00e9phanaises. Un bon \u00e9chantillon pour estimer les attentes et id\u00e9es de la population.<\/p>\n<p class=\" wall-content\">Les habitants sond\u00e9s viennent \u00ab\u2009de tous les quartiers de la ville\u2009\u00bb, note-t-il. Et parmi les r\u00e9ponses, \u00ab<strong>\u2009toutes les g\u00e9n\u00e9rations sont repr\u00e9sent\u00e9es<\/strong>, m\u00eame s\u2019il y a davantage d\u2019adultes et de retrait\u00e9s que de jeunes\u2009\u00bb, confesse-t-il.<\/p>\n<p>Les priorit\u00e9s des habitants<\/p>\n<p class=\" wall-content\">\u00ab\u2009Sans grande surprise, entame David Fontaine, les deux plus grandes priorit\u00e9s sont la s\u00e9curit\u00e9 et l\u2019entretien.\u2009\u00bb<\/p>\n<p class=\" wall-content\"><strong>Le top\u00a010 de l\u2019enqu\u00eate\u2009:<\/strong><\/p>\n<p class=\" wall-content\">\u2022 <strong>1\u1d49\u02b3 ex \u00e6quo\u2009:<\/strong> la s\u00e9curit\u00e9 et l\u2019entretien des espaces publics (78\u2009% des sond\u00e9s).<\/p>\n<p class=\" wall-content\">\u2022 <strong>3\u1d49\u2009:<\/strong> les services de proximit\u00e9 et le commerce (52\u2009% des sond\u00e9s).<\/p>\n<p class=\" wall-content\">\u2022 <strong>4\u1d49\u2009:<\/strong> la renaturation, l\u2019ajout d\u2019arbres et la pr\u00e9servation de l\u2019environnement (48\u2009% des sond\u00e9s).<\/p>\n<p class=\" wall-content\">\u2022 <strong>5, 6 et 7\u1d49\u2009:<\/strong> l\u2019\u00e9ducation, les transports en commun et le d\u00e9veloppement du v\u00e9lo et d\u2019itin\u00e9raires pi\u00e9tons.<\/p>\n<p>Votre r\u00e9gion, votre actu !<\/p>\n<p>Recevez chaque jour les infos qui comptent pour vous.<\/p>\n<p>\t<a href=\"https:\/\/actu.fr\/newsletter\" class=\"ac-btn ac-btn--corner ac-btn--medium ac-btn--blue800\" target=\"_blank\" rel=\"noopener\">S&rsquo;incrire<\/a><\/p>\n<p class=\" wall-content\">\u2022 <strong>8\u1d49\u2009:<\/strong> le sport et la sant\u00e9.<\/p>\n<p class=\" wall-content\">\u2022 <strong>9\u1d49\u2009:<\/strong> l\u2019emploi.<\/p>\n<p class=\" wall-content\">\u2022 <strong>10\u1d49\u2009:<\/strong> les logements.<\/p>\n<p>Les enseignements de l\u2019enqu\u00eate publique<\/p>\n<p class=\" wall-content\">Avec ce retour d\u2019enqu\u00eate, David Fontaine et les \u00e9lus qui l\u2019accompagnent tirent plusieurs conclusions du mandat qui vient de s\u2019\u00e9couler. S\u2019il y a des points forts \u00e0 retenir\u2009: \u00ab\u2009C\u2019est que les gens <strong>aiment profond\u00e9ment leur ville<\/strong>. Le vivre ensemble, la culture et tout ce qui a attrait aux solidarit\u00e9s sont salu\u00e9s par les habitants.\u2009\u00bb<\/p>\n<p class=\" wall-content\">Mais il y a aussi des points n\u00e9gatifs\u2009: \u00ab\u2009La s\u00e9curit\u00e9 ou <strong>le sentiment d\u2019ins\u00e9curit\u00e9<\/strong> sont tr\u00e8s souvent point\u00e9s du doigt\u2009\u00bb, constate l\u2019adjoint. Un manque v\u00e9hicul\u00e9 par \u00ab\u2009les rod\u00e9os, les nuisances sonores, les cambriolages ou encore le trafic de stup\u00e9fiants\u2009\u00bb, admet l\u2019\u00e9lu local.<\/p>\n<p class=\" wall-content\">L\u2019image de la ville est aussi \u00e9gratign\u00e9e par \u00ab\u2009un manque d\u2019entretien g\u00e9n\u00e9ral\u2009\u00bb. Sur ce point, certains habitants ont le sentiment \u00ab\u2009d\u2019une ville n\u00e9glig\u00e9e, alors que ce n\u2019\u00e9tait pas forc\u00e9ment le cas avant\u2009\u00bb.<\/p>\n<p class=\" wall-content\">Et puis, le montant de <strong>la taxe fonci\u00e8re<\/strong> revient r\u00e9guli\u00e8rement dans les plaintes des habitants. Autant d\u2019\u00e9l\u00e9ments qui conduisent certaines familles \u00e0 \u00ab\u2009envisager de d\u00e9m\u00e9nager ailleurs\u2009\u00bb, regrette David Fontaine.<\/p>\n<p>Construire un programme sur ces priorit\u00e9s<\/p>\n<p class=\" wall-content\">Officiellement investis par les \u00e9cologistes \u00e0 Saint-\u00c9tienne-du-Rouvray, ni David Fontaine, ni ses sympathisants de tous les horizons de la gauche ne sont encore t\u00eate de liste pour les Municipales.<\/p>\n<blockquote class=\"ac-article-quote wall-content\">\n<p>Nous sommes encore en discussion avec les diff\u00e9rents partis de gauche.<\/p>\n<p>    <strong>David Fontaine<\/strong><br \/>\n        Adjoint au maire de Saint-\u00c9tienne-du-Rouvray    <\/p><\/blockquote>\n<p class=\" wall-content\">Quoi qu\u2019il en soit, c\u2019est bien sur les priorit\u00e9s des habitants qu\u2019il compte construire un programme. Le d\u00e9veloppement de la vid\u00e9oprotection, le <strong>renforcement de la police municipale<\/strong> sont d\u00e9j\u00e0 dans la t\u00eate de l\u2019\u00e9lu \u00e9cologiste pour la prochaine mandature.<\/p>\n<p class=\" wall-content\">C\u00f4t\u00e9 environnement, il pense aussi \u00e0 se concentrer sur la pr\u00e9servation de la for\u00eat du Madrillet et de l\u2019environnement dans la commune. Car il reste avant tout un \u00e9cologiste. \u00ab\u2009Mais je ne suis pas l\u00e0 pour faire chier les gens. Je veux une \u00e9cologie pragmatique, pas punitive.\u2009\u00bb<\/p>\n<p>Suivez l\u2019actualit\u00e9 de Rouen <a href=\"https:\/\/www.whatsapp.com\/channel\/0029VaKfnf99hXF2ddApFB1D\" target=\"_blank\" rel=\"noopener\">sur notre cha\u00eene WhatsApp<\/a> et <a href=\"https:\/\/www.tiktok.com\/@76actu.fr?lang=fr\" target=\"_blank\" rel=\"noopener\">sur notre compte TikTok<\/a><\/p>\n<p class=\" wall-content\">Personnalisez votre actualit\u00e9 en ajoutant vos villes et m\u00e9dias en favori avec <a href=\"https:\/\/moncompte.actu.fr\" title=\"D\u00e9couvez Mon Actu\" rel=\"nofollow noopener\" data-trk=\"{&quot;cta&quot;:{&quot;action&quot;:&quot;https:\\\/\\\/moncompte.actu.fr&quot;,&quot;category&quot;:&quot;mon compte&quot;,&quot;from&quot;:&quot;article footer&quot;,&quot;name&quot;:&quot;Mon actu&quot;,&quot;type&quot;:&quot;cta&quot;}}\" target=\"_blank\">Mon Actu<\/a>.<\/p>\n<p>                    <script async src=\"\/\/www.tiktok.com\/embed.js\"><\/script><\/p>\n","protected":false},"excerpt":{"rendered":"Par Yann Rivallan Publi\u00e9 le 1 oct. 2025 \u00e0 19h46 Les \u00e9lections municipales de mars\u00a02026 approchent \u00e0 grands&hellip;\n","protected":false},"author":2,"featured_media":431754,"comment_status":"","ping_status":"","sticky":false,"template":"","format":"standard","meta":{"footnotes":""},"categories":[9653],"tags":[1111,11,2430,436,1777,674,1011,27,2825,3434,12,316,25,4001],"class_list":{"0":"post-431753","1":"post","2":"type-post","3":"status-publish","4":"format-standard","5":"has-post-thumbnail","7":"category-saint-etienne","8":"tag-actu","9":"tag-actualites","10":"tag-auvergne-rhone-alpes","11":"tag-environnement","12":"tag-eu","13":"tag-europe","14":"tag-fr","15":"tag-france","16":"tag-insecurite","17":"tag-municipales-2026","18":"tag-news","19":"tag-politique","20":"tag-republique-francaise","21":"tag-saint-etienne"},"share_on_mastodon":{"url":"https:\/\/pubeurope.com\/@fr\/115300353008664170","error":""},"_links":{"self":[{"href":"https:\/\/www.europesays.com\/fr\/wp-json\/wp\/v2\/posts\/431753","targetHints":{"allow":["GET"]}}],"collection":[{"href":"https:\/\/www.europesays.com\/fr\/wp-json\/wp\/v2\/posts"}],"about":[{"href":"https:\/\/www.europesays.com\/fr\/wp-json\/wp\/v2\/types\/post"}],"author":[{"embeddable":true,"href":"https:\/\/www.europesays.com\/fr\/wp-json\/wp\/v2\/users\/2"}],"replies":[{"embeddable":true,"href":"https:\/\/www.europesays.com\/fr\/wp-json\/wp\/v2\/comments?post=431753"}],"version-history":[{"count":0,"href":"https:\/\/www.europesays.com\/fr\/wp-json\/wp\/v2\/posts\/431753\/revisions"}],"wp:featuredmedia":[{"embeddable":true,"href":"https:\/\/www.europesays.com\/fr\/wp-json\/wp\/v2\/media\/431754"}],"wp:attachment":[{"href":"https:\/\/www.europesays.com\/fr\/wp-json\/wp\/v2\/media?parent=431753"}],"wp:term":[{"taxonomy":"category","embeddable":true,"href":"https:\/\/www.europesays.com\/fr\/wp-json\/wp\/v2\/categories?post=431753"},{"taxonomy":"post_tag","embeddable":true,"href":"https:\/\/www.europesays.com\/fr\/wp-json\/wp\/v2\/tags?post=431753"}],"curies":[{"name":"wp","href":"https:\/\/api.w.org\/{rel}","templated":true}]}}