{"id":431755,"date":"2025-10-01T18:35:13","date_gmt":"2025-10-01T18:35:13","guid":{"rendered":"https:\/\/www.europesays.com\/fr\/431755\/"},"modified":"2025-10-01T18:35:13","modified_gmt":"2025-10-01T18:35:13","slug":"traque-entre-terre-et-ciel","status":"publish","type":"post","link":"https:\/\/www.europesays.com\/fr\/431755\/","title":{"rendered":"traque entre terre et ciel"},"content":{"rendered":"<p>  Surveillance polici\u00e8re renforc\u00e9e<\/p>\n<p>Force est de constater que les t\u00e9l\u00e9pilotes, qui ont recours \u00e0 du mat\u00e9riel de plus en plus sophistiqu\u00e9, parviennent \u00e0 <a href=\"https:\/\/www.estrepublicain.fr\/faits-divers-justice\/2025\/04\/29\/air-stups-a-la-prison-un-drone-pilote-depuis-un-appartement\" target=\"_blank\" rel=\"noopener\">d\u00e9jouer le brouilleur p\u00e9nitentiaire<\/a>. Comment\u00a0? D\u2019une part, avec des a\u00e9ronefs capables de monter en altitude, hors du champ du brouilleur afin de pouvoir larguer sans entamer outre mesure leur pr\u00e9cision et d\u2019autre part, en profitant semble-t-il d\u2019une partie du p\u00e9rim\u00e8tre non brouill\u00e9e.<\/p>\n<p>L\u2019intense activit\u00e9 a\u00e9rienne de ces a\u00e9ronefs dans la zone carc\u00e9rale a conduit les autorit\u00e9s et notamment les forces de police, \u00e0 effectuer des surveillances statiques et discr\u00e8tes sur le site. Avec l\u2019espoir d\u2019interpeller des suspects alors que dans le contexte du conflit Russie \u2013 Ukraine, de nombreux <a href=\"https:\/\/www.estrepublicain.fr\/defense-guerre-conflit\/2025\/09\/26\/nous-devons-agir-rapidement-comment-l-europe-veut-se-doter-d-un-bouclier-contre-les-drones\" target=\"_blank\" rel=\"noopener\">pays europ\u00e9ens, dont la France, sont survol\u00e9s par des drones<\/a> fant\u00f4mes. Des incursions qui pourraient \u00eatre imput\u00e9es \u00e0 la Russie, puissance suspect\u00e9e de vouloir tester la r\u00e9action de l\u2019UE et les forces de l\u2019Otan.<\/p>\n<p>  Deux suspects interpell\u00e9s<\/p>\n<p>Pas encore de drones moscovites dans le ciel nanc\u00e9ien mais l\u2019engagement et la patience des patrouilles ont fini par payer, mardi 30\u00a0septembre, vers 3\u00a0h puisqu\u2019un \u00e9quipage observait un drone qui venait de livrer \u00e0 la fen\u00eatre d\u2019une cellule. Dans le colis\u00a0: trois hamburgers et des paquets de cigarettes. Avant de s\u2019exfiltrer du p\u00e9rim\u00e8tre interdit et de reprendre son vol en direction de la ville de Max\u00e9ville.<\/p>\n<p>S\u2019engageait alors une course-poursuite d\u2019un nouveau genre, entre terre et ciel. Avec sur la chauss\u00e9e, des fonctionnaires \u00e0 bord de leur v\u00e9hicule qui, tout en roulant, parvenaient \u00e0 ne pas perdre de vue l\u2019appareil dans l\u2019espoir qu\u2019il les m\u00e8ne \u00e0 la source, au d\u00e9tenteur de la manette de contr\u00f4le.<\/p>\n<p>On aurait pu croire les policiers battus dans ce rapport sol \u2013 air mais leur obstination permettait de <a href=\"https:\/\/www.estrepublicain.fr\/faits-divers-justice\/2025\/09\/12\/centre-ville-et-prison-survoles-par-un-drone-trois-interpellations\" target=\"_blank\" rel=\"noopener\">localiser la zone d\u2019atterrissage du drone<\/a> , \u00e0 Max\u00e9ville, dans un secteur situ\u00e9 entre l\u2019autoroute A 31 et le boulevard de Scarpone.<\/p>\n<p>\u00c0 leur arriv\u00e9e, sur le site, les policiers observaient deux individus et un drone qui red\u00e9collait en direction de la prison, apr\u00e8s avoir survol\u00e9 l\u2019autoroute A 31. Patience encore jusqu\u2019au retour de l\u2019a\u00e9ronef qui donnait le \u00ab\u00a0top\u00a0\u00bb pour l\u2019interpellation des deux suspects \u00e2g\u00e9s de 25 et 50 ans et domicili\u00e9s dans le secteur de Pont-\u00e0-Mousson.<\/p>\n<p>  Argent liquide<\/p>\n<p>Le drone \u00e9tait saisi ainsi que son syst\u00e8me de largage et de contr\u00f4le. L\u2019un des individus \u00e9tait \u00e9galement en possession de quelque 1\u00a0000\u00a0\u20ac en petites coupures, sans \u00eatre toutefois en mesure de justifier pertinemment l\u2019origine de la somme.<\/p>\n<p>Les deux hommes \u00e9taient plac\u00e9s en garde \u00e0 vue au groupe d\u2019action judiciaire. Ils devaient \u00eatre pr\u00e9sent\u00e9s mercredi 1er \u00a0octobre aux magistrats de la cit\u00e9 judiciaire afin d\u2019\u00eatre fix\u00e9s sur leur sort.<\/p>\n","protected":false},"excerpt":{"rendered":"Surveillance polici\u00e8re renforc\u00e9e Force est de constater que les t\u00e9l\u00e9pilotes, qui ont recours \u00e0 du mat\u00e9riel de plus&hellip;\n","protected":false},"author":2,"featured_media":431756,"comment_status":"","ping_status":"","sticky":false,"template":"","format":"standard","meta":{"footnotes":""},"categories":[9635],"tags":[1111,11,271,3206,272,1704,1777,674,274,1011,27,775,3457,1702,1703,12,25,2803],"class_list":{"0":"post-431755","1":"post","2":"type-post","3":"status-publish","4":"format-standard","5":"has-post-thumbnail","7":"category-nancy","8":"tag-actu","9":"tag-actualites","10":"tag-crime","11":"tag-defense-guerre-conflit","12":"tag-delit-et-contravention","13":"tag-edition-nancy-et-agglomeration","14":"tag-eu","15":"tag-europe","16":"tag-faits-divers-justice","17":"tag-fr","18":"tag-france","19":"tag-grand-est","20":"tag-meurthe-et-moselle","21":"tag-nancy","22":"tag-nancy-ville-54b","23":"tag-news","24":"tag-republique-francaise","25":"tag-transport"},"share_on_mastodon":{"url":"https:\/\/pubeurope.com\/@fr\/115300357028121499","error":""},"_links":{"self":[{"href":"https:\/\/www.europesays.com\/fr\/wp-json\/wp\/v2\/posts\/431755","targetHints":{"allow":["GET"]}}],"collection":[{"href":"https:\/\/www.europesays.com\/fr\/wp-json\/wp\/v2\/posts"}],"about":[{"href":"https:\/\/www.europesays.com\/fr\/wp-json\/wp\/v2\/types\/post"}],"author":[{"embeddable":true,"href":"https:\/\/www.europesays.com\/fr\/wp-json\/wp\/v2\/users\/2"}],"replies":[{"embeddable":true,"href":"https:\/\/www.europesays.com\/fr\/wp-json\/wp\/v2\/comments?post=431755"}],"version-history":[{"count":0,"href":"https:\/\/www.europesays.com\/fr\/wp-json\/wp\/v2\/posts\/431755\/revisions"}],"wp:featuredmedia":[{"embeddable":true,"href":"https:\/\/www.europesays.com\/fr\/wp-json\/wp\/v2\/media\/431756"}],"wp:attachment":[{"href":"https:\/\/www.europesays.com\/fr\/wp-json\/wp\/v2\/media?parent=431755"}],"wp:term":[{"taxonomy":"category","embeddable":true,"href":"https:\/\/www.europesays.com\/fr\/wp-json\/wp\/v2\/categories?post=431755"},{"taxonomy":"post_tag","embeddable":true,"href":"https:\/\/www.europesays.com\/fr\/wp-json\/wp\/v2\/tags?post=431755"}],"curies":[{"name":"wp","href":"https:\/\/api.w.org\/{rel}","templated":true}]}}