{"id":431764,"date":"2025-10-01T18:40:11","date_gmt":"2025-10-01T18:40:11","guid":{"rendered":"https:\/\/www.europesays.com\/fr\/431764\/"},"modified":"2025-10-01T18:40:11","modified_gmt":"2025-10-01T18:40:11","slug":"la-deputee-nathalie-oziol-tete-de-liste-lfi-a-montpellier","status":"publish","type":"post","link":"https:\/\/www.europesays.com\/fr\/431764\/","title":{"rendered":"la d\u00e9put\u00e9e Nathalie Oziol, t\u00eate de liste LFI \u00e0 Montpellier"},"content":{"rendered":"<p>            Par<br \/>\n        <strong><br \/>\n            <a href=\"https:\/\/actu.fr\/auteur\/c-nithard\" title=\"Consulter tous les articles de C\u00e9dric Nithard\" rel=\"nofollow noopener\" target=\"_blank\">C\u00e9dric Nithard<\/a><br \/>\n        <\/strong><\/p>\n<p>        Publi\u00e9 le<\/p>\n<p>            1 oct. 2025 \u00e0 20h31        <\/p>\n<p>Sans trop de surprise,<strong> la d\u00e9put\u00e9e de l\u2019H\u00e9rault Nathalie Oziol<\/strong> a \u00e9t\u00e9 d\u00e9sign\u00e9e, lors d\u2019une assembl\u00e9e g\u00e9n\u00e9rale ce mardi 30 septembre,<strong> t\u00eate de liste<\/strong> pour<strong> les municipales<\/strong> \u00e0 <strong>Montpellier<\/strong>. Un meeting, avec <strong>Manuel Bompard<\/strong> comme invit\u00e9, est annonc\u00e9 le dimanche 12 octobre \u00e0 Celleneuve pour lancer la campagne.<\/p>\n<p>Seule candidate<\/p>\n<p class=\" wall-content\"><a href=\"https:\/\/actu.fr\/occitanie\/montpellier_34172\/montpellier-avec-quatre-chefs-de-file-la-france-insoumise-ne-se-prend-pas-encore-la-tete_62857092.html\" rel=\"nofollow noopener\" target=\"_blank\">Apr\u00e8s deux assembl\u00e9es g\u00e9n\u00e9rales ayant r\u00e9uni 130 personnes en juin dernier avec comme r\u00e9sultat une strat\u00e9gie et la d\u00e9signation de quatre co-chefs de file<\/a>, il \u00e9tait l\u2019heure pour les militants de La France Insoumise de choisir leur t\u00eate de liste pour les municipales. Et de choix, il n\u2019en n\u2019a pas \u00e9t\u00e9 vraiment question, faute de candidats. En effet, pr\u00e9sent\u00e9e par beaucoup comme possible challengeuse, la conseill\u00e8re d\u2019opposition et t\u00eate de liste pour Nous Sommes aux pr\u00e9c\u00e9dentes municipales, Alenka Doulain a act\u00e9 son engagement dans le mouvement Cause Commune. Seule donc \u00e0 se pr\u00e9senter, Nathalie Oziol a ainsi \u00e9t\u00e9 adoub\u00e9e par la quarantaine de militants r\u00e9unis ce mardi 30 septembre.<\/p>\n<p class=\" wall-content\">Si la t\u00eate de liste est d\u00e9sormais connue chez La France Insoumise, le temps des discussions s\u2019engage. Autour de la table devraient \u00eatre r\u00e9unis un bloc de gauche anti-Delafosse compos\u00e9 de Cause Commune et Les \u00c9cologistes. S\u2019ils n\u2019auront aucun mal \u00e0 s\u2019entendre sur les grandes lignes du projet, <a href=\"https:\/\/actu.fr\/occitanie\/montpellier_34172\/metropole-de-montpellier-face-au-fiasco-de-la-gestion-des-dechets-le-csr-aura-t-il-un-debat-serein_62726706.html\" rel=\"nofollow noopener\" target=\"_blank\">la question de la chaudi\u00e8re CSR reste le noeud gordien du trio<\/a>.<\/p>\n<p class=\" wall-content\">Le projet \u00e9tant d\u00e9fendu par Ren\u00e9 Revol, par ailleurs suppl\u00e9ant de Nathalie Oziol \u00e0 l\u2019Assembl\u00e9e nationale, en tant que vice-pr\u00e9sident en charge de d\u00e9chets \u00e0 la M\u00e9tropole, la proximit\u00e9 du maire insoumis avec Micha\u00ebl Delafosse constitue un point de crispation. Pour constituer une liste commune, la question devra \u00eatre tranch\u00e9e.<\/p>\n<p>Un meeting<\/p>\n<p class=\" wall-content\">Une autre interrogation se pose, \u00e9galement pour Jean-Louis Roum\u00e9gas chez Les \u00c9cologistes, maintenant que La France Insoumise a avanc\u00e9 ses pions. Que fera la d\u00e9put\u00e9e de la 2e circonscription de l\u2019H\u00e9rault en cas de destitution de l\u2019Assembl\u00e9e nationale comme certains l\u2019envisagent ? Une possibilit\u00e9 qui ajouterait un certain piquant \u00e0 la campagne\u2026 ou aux deux campagnes.<\/p>\n<p>Vid\u00e9os : en ce moment sur Actu<\/p>\n<p class=\" wall-content\">Pour l\u2019heure, La France Insoumise annonce un meeting \u00e0 Montpellier, le dimanche 12 octobre \u00e0 15h, \u00e0 l\u2019esplanade L\u00e9o Malet dans le quartier de Celleneuve \u00e0 Montpellier. Contrairement \u00e0 l\u2019ann\u00e9e derni\u00e8re, pas de Jean-Luc M\u00e9lenchon pour venir soutenir Nathalie Oziol, comme il l\u2019avait fait lors des l\u00e9gislatives, mais le coordinateur national de la France insoumise et d\u00e9put\u00e9 de la 4\u1d49 circonscription des Bouches-du-Rh\u00f4ne Manuel Bompard. Un qui meeting marquera le d\u00e9part officiel de la campagne municipale insoumise \u00e0 Montpellier.<\/p>\n<p class=\" wall-content\">Personnalisez votre actualit\u00e9 en ajoutant vos villes et m\u00e9dias en favori avec <a href=\"https:\/\/moncompte.actu.fr\" title=\"D\u00e9couvez Mon Actu\" rel=\"nofollow noopener\" data-trk=\"{&quot;cta&quot;:{&quot;action&quot;:&quot;https:\\\/\\\/moncompte.actu.fr&quot;,&quot;category&quot;:&quot;mon compte&quot;,&quot;from&quot;:&quot;article footer&quot;,&quot;name&quot;:&quot;Mon actu&quot;,&quot;type&quot;:&quot;cta&quot;}}\" target=\"_blank\">Mon Actu<\/a>.<\/p>\n","protected":false},"excerpt":{"rendered":"Par C\u00e9dric Nithard Publi\u00e9 le 1 oct. 2025 \u00e0 20h31 Sans trop de surprise, la d\u00e9put\u00e9e de l\u2019H\u00e9rault&hellip;\n","protected":false},"author":2,"featured_media":431765,"comment_status":"","ping_status":"","sticky":false,"template":"","format":"standard","meta":{"footnotes":""},"categories":[9599],"tags":[1111,11,4188,1777,674,1011,27,1023,2208,3434,12,2680,316,25],"class_list":{"0":"post-431764","1":"post","2":"type-post","3":"status-publish","4":"format-standard","5":"has-post-thumbnail","7":"category-montpellier","8":"tag-actu","9":"tag-actualites","10":"tag-elections-municipales","11":"tag-eu","12":"tag-europe","13":"tag-fr","14":"tag-france","15":"tag-la-france-insoumise-lfi","16":"tag-montpellier","17":"tag-municipales-2026","18":"tag-news","19":"tag-occitanie","20":"tag-politique","21":"tag-republique-francaise"},"share_on_mastodon":{"url":"","error":""},"_links":{"self":[{"href":"https:\/\/www.europesays.com\/fr\/wp-json\/wp\/v2\/posts\/431764","targetHints":{"allow":["GET"]}}],"collection":[{"href":"https:\/\/www.europesays.com\/fr\/wp-json\/wp\/v2\/posts"}],"about":[{"href":"https:\/\/www.europesays.com\/fr\/wp-json\/wp\/v2\/types\/post"}],"author":[{"embeddable":true,"href":"https:\/\/www.europesays.com\/fr\/wp-json\/wp\/v2\/users\/2"}],"replies":[{"embeddable":true,"href":"https:\/\/www.europesays.com\/fr\/wp-json\/wp\/v2\/comments?post=431764"}],"version-history":[{"count":0,"href":"https:\/\/www.europesays.com\/fr\/wp-json\/wp\/v2\/posts\/431764\/revisions"}],"wp:featuredmedia":[{"embeddable":true,"href":"https:\/\/www.europesays.com\/fr\/wp-json\/wp\/v2\/media\/431765"}],"wp:attachment":[{"href":"https:\/\/www.europesays.com\/fr\/wp-json\/wp\/v2\/media?parent=431764"}],"wp:term":[{"taxonomy":"category","embeddable":true,"href":"https:\/\/www.europesays.com\/fr\/wp-json\/wp\/v2\/categories?post=431764"},{"taxonomy":"post_tag","embeddable":true,"href":"https:\/\/www.europesays.com\/fr\/wp-json\/wp\/v2\/tags?post=431764"}],"curies":[{"name":"wp","href":"https:\/\/api.w.org\/{rel}","templated":true}]}}