{"id":431766,"date":"2025-10-01T18:41:14","date_gmt":"2025-10-01T18:41:14","guid":{"rendered":"https:\/\/www.europesays.com\/fr\/431766\/"},"modified":"2025-10-01T18:41:14","modified_gmt":"2025-10-01T18:41:14","slug":"de-mysterieuses-odeurs-de-brules-de-solvants-de-marqueur-de-tableau-blanc-senties-a-rouen-et-dans-son-agglo","status":"publish","type":"post","link":"https:\/\/www.europesays.com\/fr\/431766\/","title":{"rendered":"De myst\u00e9rieuses odeurs de br\u00fbl\u00e9s, de solvants, de \u00ab\u00a0marqueur de tableau blanc\u00a0\u00bb senties \u00e0 Rouen et dans son agglo"},"content":{"rendered":"<p class=\"article__intro\">Des odeurs de br\u00fbl\u00e9, de solvant ou encore de \u00ab\u00a0marqueur de tableau blanc\u00a0\u00bb ont \u00e9t\u00e9 senties sur le secteur de Rouen (Seine-Maritime) et dans son agglom\u00e9ration. Atmo Normandie a re\u00e7u plusieurs signalements mais pour le moment, aucune explication n&rsquo;a \u00e9t\u00e9 fournie. La pr\u00e9fecture n&rsquo;a pas non plus d&rsquo;informations sur cette odeur.<\/p>\n<p>\n      L\u2019actu des r\u00e9gions\n    <\/p>\n<p>\n      Chaque jour, un tour d\u2019horizon des principales infos de toutes les r\u00e9gions.\n    <\/p>\n<p>    France T\u00e9l\u00e9visions utilise votre adresse e-mail afin de vous envoyer la newsletter \u00ab\u00a0L\u2019actu des r\u00e9gions\u00a0\u00bb. Vous pouvez vous d\u00e9sinscrire \u00e0 tout moment via le lien en bas de cette newsletter. <a target=\"_blank\" href=\"https:\/\/www.francetelevisions.fr\/groupe\/confidentialite\/politique-de-confidentialite\/politique-de-confidentialite-de-france-televisions-6503\" rel=\"nofollow noopener\">Notre politique de confidentialit\u00e9<\/a><\/p>\n<p>Nous aussi, nous l&rsquo;avons sentie cette odeur de br\u00fbl\u00e9 sur les quais de Rouen dans les locaux de France 3 Normandie.<\/p>\n<p>Mercredi 1er octobre 2025, Atmo Normandie, l&rsquo;association charg\u00e9e de surveiller la qualit\u00e9 de l&rsquo;air normand a recens\u00e9 cinq signalements \u00e0 Rouen et dans ses alentours (Oissel, Mesnil Esnard, Saint-Aubin-l\u00e8s-Elbeuf).<\/p>\n<p>\u00ab\u00a0Nous avons donc convoqu\u00e9 notre r\u00e9seau de <a href=\"https:\/\/france3-regions.franceinfo.fr\/normandie\/seine-maritime\/rouen\/pollution-en-normandie-recherche-nez-benevoles-pour-tester-la-qualite-de-l-air-2411752.html\" target=\"_blank\" rel=\"noopener nofollow\">nez normands<\/a> et effectivement des odeurs de br\u00fbl\u00e9, solvant ou encore de marqueur de tableau blanc ont \u00e9t\u00e9 senties\u00a0\u00bb, explique Atmo Normandie.<\/p>\n<\/p>\n<p>Hormis le signalement de Saint-Aubin-l\u00e8s-Elbeuf \u00ab\u00a0qui est une odeur connue li\u00e9e \u00e0 l&rsquo;usine Euroapi\u00a0\u00bb, les autres odeurs signal\u00e9es n&rsquo;ont pas, pour l&rsquo;heure, pas d&rsquo;explications, assure Atmo Normandie. \u00ab\u00a0\u00c0 l&rsquo;exception peut-\u00eatre d&rsquo;un vent tr\u00e8s faible qui chasse moins vite les odeurs&#8230;\u00a0\u00bb<\/p>\n<p>De son c\u00f4t\u00e9, la pr\u00e9fecture n&rsquo;a recens\u00e9 aucun incident ou \u00e9v\u00e9nement qui pourrait expliquer ces odeurs.<\/p>\n","protected":false},"excerpt":{"rendered":"Des odeurs de br\u00fbl\u00e9, de solvant ou encore de \u00ab\u00a0marqueur de tableau blanc\u00a0\u00bb ont \u00e9t\u00e9 senties sur le&hellip;\n","protected":false},"author":2,"featured_media":431767,"comment_status":"","ping_status":"","sticky":false,"template":"","format":"standard","meta":{"footnotes":""},"categories":[9587],"tags":[1111,11,1777,674,1011,27,12,5161,25,9590],"class_list":{"0":"post-431766","1":"post","2":"type-post","3":"status-publish","4":"format-standard","5":"has-post-thumbnail","7":"category-rouen","8":"tag-actu","9":"tag-actualites","10":"tag-eu","11":"tag-europe","12":"tag-fr","13":"tag-france","14":"tag-news","15":"tag-normandie","16":"tag-republique-francaise","17":"tag-rouen"},"share_on_mastodon":{"url":"https:\/\/pubeurope.com\/@fr\/115300380432224602","error":""},"_links":{"self":[{"href":"https:\/\/www.europesays.com\/fr\/wp-json\/wp\/v2\/posts\/431766","targetHints":{"allow":["GET"]}}],"collection":[{"href":"https:\/\/www.europesays.com\/fr\/wp-json\/wp\/v2\/posts"}],"about":[{"href":"https:\/\/www.europesays.com\/fr\/wp-json\/wp\/v2\/types\/post"}],"author":[{"embeddable":true,"href":"https:\/\/www.europesays.com\/fr\/wp-json\/wp\/v2\/users\/2"}],"replies":[{"embeddable":true,"href":"https:\/\/www.europesays.com\/fr\/wp-json\/wp\/v2\/comments?post=431766"}],"version-history":[{"count":0,"href":"https:\/\/www.europesays.com\/fr\/wp-json\/wp\/v2\/posts\/431766\/revisions"}],"wp:featuredmedia":[{"embeddable":true,"href":"https:\/\/www.europesays.com\/fr\/wp-json\/wp\/v2\/media\/431767"}],"wp:attachment":[{"href":"https:\/\/www.europesays.com\/fr\/wp-json\/wp\/v2\/media?parent=431766"}],"wp:term":[{"taxonomy":"category","embeddable":true,"href":"https:\/\/www.europesays.com\/fr\/wp-json\/wp\/v2\/categories?post=431766"},{"taxonomy":"post_tag","embeddable":true,"href":"https:\/\/www.europesays.com\/fr\/wp-json\/wp\/v2\/tags?post=431766"}],"curies":[{"name":"wp","href":"https:\/\/api.w.org\/{rel}","templated":true}]}}