{"id":431768,"date":"2025-10-01T18:42:14","date_gmt":"2025-10-01T18:42:14","guid":{"rendered":"https:\/\/www.europesays.com\/fr\/431768\/"},"modified":"2025-10-01T18:42:14","modified_gmt":"2025-10-01T18:42:14","slug":"grandir-plus-vite-ensemble-la-nouvelle-team-normandie-presentee-objectif-jo-2028","status":"publish","type":"post","link":"https:\/\/www.europesays.com\/fr\/431768\/","title":{"rendered":"\u00ab\u00a0Grandir plus vite ensemble\u00a0\u00bb : la nouvelle Team Normandie pr\u00e9sent\u00e9e, objectif JO 2028"},"content":{"rendered":"<p>La nouvelle \u00ab\u00a0Team Normandie\u00a0\u00bb \u00e9tait pr\u00e9sent\u00e9e ce mercredi 1er octobre, \u00e0 Rouen. Une \u00e9quipe rassemblant les meilleurs sportifs normands, en vue notamment des Jeux Olympiques de 2028.<\/p>\n<p>21 athl\u00e8tes rassembl\u00e9s dans un amphith\u00e9\u00e2tre de l&rsquo;Universit\u00e9 de Rouen, tous avec leur polo de la \u00ab\u00a0Team Normandie\u00a0\u00bb. Une \u00e9quipe multisport, charg\u00e9e de <strong>faire briller les couleurs normandes<\/strong> \u00e0 l&rsquo;international. \u00catre s\u00e9lectionn\u00e9, c&rsquo;est b\u00e9n\u00e9ficier d&rsquo;<strong>appuis financiers<\/strong>, logistiques, mais aussi d&rsquo;entrer dans un petit club des perles normandes, pr\u00eates \u00e0 progresser ensemble. La \u00ab\u00a0Team\u00a0\u00bb doit faire grandir plus vite ces jeunes sportifs, qui r\u00eavent tous des Jeux Olympiques de Los Angeles en 2028.<\/p>\n<p>Distiller les conseils aux plus jeunes<\/p>\n<p>\u00ab\u00a0On se parle tout le temps, s&rsquo;amuse la boxeuse havraise Amina Zidani. On a un groupe WhatsApp, <strong>on se soutient les uns les autres<\/strong>, quand quelqu&rsquo;un performe, on est heureux pour lui, c&rsquo;est important pour nous.\u00a0\u00bb Elle indique aussi pouvoir distiller des conseils aux plus jeunes qui int\u00e8grent tout juste l&rsquo;\u00e9quipe, comme Justine Lemeteyer. \u00c0 23 ans, la Calvadosienne est d\u00e9j\u00e0 championne du monde de planche \u00e0 voile. Si elle ne doit pas avoir besoin de beaucoup de conseils dans son sport, elle vise les JO 2028, et devenir membre de cette \u00e9quipe peut lui permettre de \u00ab\u00a0grandir plus vite ensemble\u00a0\u00bb.<\/p>\n<p>Cela peut aussi permettre de <strong>faire vibrer leurs fibres normandes<\/strong> respectives\u00a0: \u00ab\u00a0Je suis n\u00e9 \u00e0 Argentan, dans l&rsquo;Orne, j&rsquo;ai grandi dans le Calvados, \u00e0 Deauville et j&rsquo;ai progress\u00e9 en int\u00e9grant le p\u00f4le espoirs de Rouen, donc j&rsquo;aime faire briller la r\u00e9gion, m\u00eame si je m&rsquo;entra\u00eene maintenant dans le sud\u00a0\u00bb, indique Logan Fontaine, nageur en eau libre.<\/p>\n<p>Le plaisir de se retrouver se ressent dans les \u00e9changes, les sourires\u00a0entre ces athl\u00e8tes, qui par leurs d\u00e9placements <strong>se retrouvent rarement<\/strong> sur leurs terres natales. Mais ils partagent le m\u00eame objectif\u00a0: <strong>tous \u00eatre en 2028<\/strong>, \u00e0 Los Angeles, m\u00eame la cadette, Nina Guo Zheng, <strong>p\u00e9pite<\/strong> du tennis de table, qui joue \u00e0 Petit-Couronne, class\u00e9e parmi les meilleures jeunes pongistes du monde, \u00e0 seulement 15 ans. Elle a impressionn\u00e9 l&rsquo;assistance au moment de l&rsquo;annonce de son jeune \u00e2ge par le pr\u00e9sentateur de l&rsquo;\u00e9v\u00e9nement.<\/p>\n<p>La liste des athl\u00e8tes de la \u00ab\u00a0Team Normandie\u00a0\u00bb 2025 :<\/p>\n<ul>\n<li><strong>Flavie RENOUARD<\/strong>, 24 ans, Athl\u00e9tisme\/3 000 m, Caen Athletic Club, Membre de la Team Normandie 2024, projet de qualification et performance JO 2028<\/li>\n<li><strong>Margaux BAILLEUL<\/strong>, 25 ans, Aviron, Soci\u00e9t\u00e9 Havraise de l\u2019Aviron, Membre de la Team Normandie 2024, 1\u00e8re aux Championnats de France en double et vice-championne de France senior en skiff, objectif\u00a0: qualification olympique<\/li>\n<li><strong>Marine DELANOE<\/strong>, 27 ans, Aviron de mer (nouvelle discipline olympique), Club Aviron de Mer de Barneville Carteret, 3\u1d49 aux Championnats de France en double mixte, objectif\u00a0: qualification JO 2028<\/li>\n<li><strong>Loun\u00e8s HAMRAOUI<\/strong>, 26 ans, Boxe, Le Noble Art de Rouen, membre de la Team Normandie 2024, 5e du Championnat d\u2019Europe et 1\u02b3\u1d49 victoire en boxe pro par KO, objectif\u00a0: M\u00e9daille JO 2028<\/li>\n<li><strong>Cl\u00e9ment PETIT<\/strong>, 24 ans, Cyclisme, V\u00e9loce Club Rouen 76, 3e aux Championnats du Monde de scratch, objectif\u00a0: qualification JO 2028 sur piste<\/li>\n<li><strong>S\u00e9bastien CAVAILLON<\/strong>, 42 ans, \u00c9quitation Complet, SCEA Equicomplet, gagnant du CCI 4 \u00e9toiles de Saumur, objectif\u00a0: qualification JO 2028<\/li>\n<li><strong>Tha\u00efs NAUCELLE-JARDEL<\/strong>, 20 ans, Escrime, \u00c9p\u00e9e Normandie Excellence, objectif\u00a0: qualification JO 2028<\/li>\n<li><strong>Cameron-Lie BERNARD<\/strong>, 26 ans, Gymnastique, La Sottevillaise, Membre de la 1\u02b3\u1d49 Team Normandie en 2020, 1er aux Barres Parall\u00e8les \u00e0 l\u2019\u00e9tape de la Coupe du Monde \u00e0 Varna, objectif\u00a0: qualification olympique avec l\u2019\u00c9quipe De France de gym<\/li>\n<li><strong>Maelyn MICHEL<\/strong>, 21 ans, Halt\u00e9rophilie Caen Calvados, 7e des Championnats d\u2019Europe senior, objectif\u00a0: qualification et performance JO 2028<\/li>\n<li><strong>Romaric BOUDA<\/strong>, 27 ans, Judo, Eure Judo, Membre de la Team Normandie 2024, 2e aux Championnats de France, objectif\u00a0: qualification JO 2028<\/li>\n<li><strong>Lo\u00efc SAMEN<\/strong>, 26 ans, Lutte, Stade Sottevillais Cheminot Club section Lutte, Membre de la Team Normandie 2024, Champion de France senior, objectif\u00a0: qualification et performance aux JO 2028<\/li>\n<li><strong>Logan FONTAINE<\/strong>, 26 ans, Natation, Club des Vikings de Rouen, Membre de la Team Normandie 2024, figure parmi les meilleurs nageurs mondiaux en eau libre, objectif\u00a0: m\u00e9daille olympique<\/li>\n<li><strong>Alo\u00efs POTTIER<\/strong>, 33 ans, Para Escalade, Club Alpin Fran\u00e7ais Caen, double champion du Monde<\/li>\n<li><strong>Florian MERRIEN<\/strong>, 40 ans, Para Tennis de Table, Bayard Argentan Handisport, Membre de la Team Normandie 2024 et pilier de la Team depuis 2017, m\u00e9daille de bronze en double mixte au JOP de Paris\u00a02024, objectif\u00a0: qualification et m\u00e9daille JOP 2028 en double messieurs et mixte\u00a0;<\/li>\n<li><strong>Alexis HANQUIQUANT<\/strong>, 39 ans, Para Triathlon, Rouen Triathlon, Membre de la Team Normandie 2024 \u2013 figure embl\u00e9matique du sport normand, multititr\u00e9 et double champion paralympique, objectif\u00a0: m\u00e9daille d\u2019or JOP 2028<\/li>\n<li><strong>Justine LEMETEYER<\/strong>, 23 ans, Planche \u00e0 voile (nouvelle discipline olympique aux Jeux de 2028), Ouistreham Colleville \u00c9cole d\u2019Activit\u00e9s Nautiques, Championne du Monde, objectif\u00a0: qualification JO 2028<\/li>\n<li><strong>Nina GUO ZHENG<\/strong>, 15 ans, Tennis de Table, Entente Saint Pierre Tennis de Table, 3e aux Championnats de France senior et Championne de France juniors, objectif\u00a0: qualification JO 2028<\/li>\n<li><strong>\u00c9ric DELAUNAY<\/strong>, 37 ans, Tir sportif, BTC Br\u00e9ville, Membre de la Team Normandie 2024 et pilier du projet depuis 2017, 4e meilleur tireur europ\u00e9en, objectif\u00a0: qualification et m\u00e9daille JO 2028<\/li>\n<li><strong>J\u00e9r\u00e9mie MION<\/strong>, 35 ans, Voile, Soci\u00e9t\u00e9 des R\u00e9gates du Havre, Membre et de la Team Normandie 2024 et pilier du projet depuis 2017, objectif\u00a0: m\u00e9daille JO 2028<\/li>\n<li><strong>Valentin GONDOUIN<\/strong>, 25 ans, Athl\u00e9tisme\/Marathon, USO Mondeville Athl\u00e9tisme, 1er\u00a0par \u00e9quipe et 3e\u00a0en individuel aux Championnats d\u2019Europe du semi-marathon, objectif\u00a0: qualification et performance aux JO 2028 en marathon<\/li>\n<li><strong>Amina ZIDANI<\/strong>, 31 ans, Boxe, Don\u2019t Panik Team, Membre de la Team Normandie 2024, 1\/8e de finale aux JO de Paris, objectif\u00a0: m\u00e9daille aux JO 2028<\/li>\n<\/ul>\n","protected":false},"excerpt":{"rendered":"La nouvelle \u00ab\u00a0Team Normandie\u00a0\u00bb \u00e9tait pr\u00e9sent\u00e9e ce mercredi 1er octobre, \u00e0 Rouen. Une \u00e9quipe rassemblant les meilleurs sportifs&hellip;\n","protected":false},"author":2,"featured_media":431769,"comment_status":"","ping_status":"","sticky":false,"template":"","format":"standard","meta":{"footnotes":""},"categories":[9587],"tags":[1111,11,1777,674,1011,27,12,5161,25,9590],"class_list":{"0":"post-431768","1":"post","2":"type-post","3":"status-publish","4":"format-standard","5":"has-post-thumbnail","7":"category-rouen","8":"tag-actu","9":"tag-actualites","10":"tag-eu","11":"tag-europe","12":"tag-fr","13":"tag-france","14":"tag-news","15":"tag-normandie","16":"tag-republique-francaise","17":"tag-rouen"},"share_on_mastodon":{"url":"https:\/\/pubeurope.com\/@fr\/115300384455392351","error":""},"_links":{"self":[{"href":"https:\/\/www.europesays.com\/fr\/wp-json\/wp\/v2\/posts\/431768","targetHints":{"allow":["GET"]}}],"collection":[{"href":"https:\/\/www.europesays.com\/fr\/wp-json\/wp\/v2\/posts"}],"about":[{"href":"https:\/\/www.europesays.com\/fr\/wp-json\/wp\/v2\/types\/post"}],"author":[{"embeddable":true,"href":"https:\/\/www.europesays.com\/fr\/wp-json\/wp\/v2\/users\/2"}],"replies":[{"embeddable":true,"href":"https:\/\/www.europesays.com\/fr\/wp-json\/wp\/v2\/comments?post=431768"}],"version-history":[{"count":0,"href":"https:\/\/www.europesays.com\/fr\/wp-json\/wp\/v2\/posts\/431768\/revisions"}],"wp:featuredmedia":[{"embeddable":true,"href":"https:\/\/www.europesays.com\/fr\/wp-json\/wp\/v2\/media\/431769"}],"wp:attachment":[{"href":"https:\/\/www.europesays.com\/fr\/wp-json\/wp\/v2\/media?parent=431768"}],"wp:term":[{"taxonomy":"category","embeddable":true,"href":"https:\/\/www.europesays.com\/fr\/wp-json\/wp\/v2\/categories?post=431768"},{"taxonomy":"post_tag","embeddable":true,"href":"https:\/\/www.europesays.com\/fr\/wp-json\/wp\/v2\/tags?post=431768"}],"curies":[{"name":"wp","href":"https:\/\/api.w.org\/{rel}","templated":true}]}}