{"id":431770,"date":"2025-10-01T18:43:11","date_gmt":"2025-10-01T18:43:11","guid":{"rendered":"https:\/\/www.europesays.com\/fr\/431770\/"},"modified":"2025-10-01T18:43:11","modified_gmt":"2025-10-01T18:43:11","slug":"pret-a-porter-grenoble-paris-dijon-shein-choisit-la-france-pour-ouvrir-ses-premiers-magasins-physiques","status":"publish","type":"post","link":"https:\/\/www.europesays.com\/fr\/431770\/","title":{"rendered":"Pr\u00eat-\u00e0-porter. Grenoble, Paris, Dijon&#8230; Shein choisit la France pour ouvrir ses premiers magasins physiques"},"content":{"rendered":"<p>La plateforme asiatique Shein a choisi la France pour ouvrir ses premiers magasins physiques p\u00e9rennes. C&rsquo;est une premi\u00e8re mondiale et un \u00ab engagement pour revitaliser les centres-villes \u00bb, affirme l\u2019enseigne r\u00e9guli\u00e8rement accus\u00e9e de <a href=\"https:\/\/www.ledauphine.com\/economie\/2025\/08\/01\/derriere-les-petits-prix-de-shein-une-exploitation-a-grande-echelle-a-nouveau-denoncee\" target=\"_blank\" rel=\"noopener\">concurrence d\u00e9loyale<\/a> car inondant le march\u00e9 de produits discount vendus en ligne.<\/p>\n<p>Six boutiques \u00ab ouvriront \u00e0 partir de novembre \u00bb, d\u2019abord au sein du BHV Marais \u00e0 Paris puis cinq autres \u00ab progressivement \u00bb dans des Galeries Lafayette \u00e0 Dijon, Reims, Grenoble, Angers et Limoges, selon un communiqu\u00e9 publi\u00e9 ce mercredi.<\/p>\n<p>Une alliance avec la Soci\u00e9t\u00e9 des Grands Magasins<\/p>\n<p>Shein s\u2019est alli\u00e9e pour ce faire avec la Soci\u00e9t\u00e9 des Grands Magasins (SGM), une fonci\u00e8re commerciale qui d\u00e9tient et exploite notamment le BHV Marais et des magasins Galeries Lafayette. \u00ab Cette alliance est plus qu&rsquo;un simple lancement &#8211; c&rsquo;est un engagement pour revitaliser les centres-villes partout en France, restaurer les grands magasins et d\u00e9velopper des opportunit\u00e9s pour le pr\u00eat-\u00e0-porter fran\u00e7ais \u00bb, avance Shein, promettant \u00ab la cr\u00e9ation de 200 emplois directs et indirects en France au sein de SGM \u00bb.<\/p>\n<p>Mais les Galeries Lafayette n&rsquo;ont pas tard\u00e9 \u00e0 r\u00e9agir, marquant leur opposition \u00e0 ce projet dans cinq magasins affili\u00e9s dans des villes fran\u00e7aises, dont le groupe Galeries Lafayette n&rsquo;est toutefois plus l&rsquo;exploitant, ces \u00e9tablissements \u00e9tant d\u00e9tenus par le groupe SGM. \u00ab Les Galeries Lafayette tiennent \u00e0 exprimer leur profond d\u00e9saccord avec cette d\u00e9cision (de SGM) au regard du positionnement et des pratiques de cette marque d&rsquo;ultra fast fashion qui est en contradiction avec leur offre et leurs valeurs. \u00bb Si \u00ab les affili\u00e9s ont une latitude d&rsquo;action pour choisir les marques qu&rsquo;ils veulent vendre dans leurs magasins \u00bb, ces marques doivent correspondre au \u00ab positionnement premium des Galeries Lafayette \u00bb, ce qui n&rsquo;est pas le cas de Shein, explique une source proche du dossier.<\/p>\n<p>Le pr\u00e9sident de la F\u00e9d\u00e9ration fran\u00e7aise du pr\u00eat-\u00e0-porter f\u00e9minin, Yann Rivoalla, a d\u00e9nonc\u00e9 un \u00ab manque de respect\u00a0\u00bb. \u00ab\u00a0En ouvrant leurs portes \u00e0 l\u2019ultra-fast fashion, ces grands magasins tournent le dos \u00e0 leur r\u00f4le patrimonial et culturel, tout en fragilisant l\u2019image de la mode fran\u00e7aise. [&#8230;] En privil\u00e9giant la course au volume plut\u00f4t qu&rsquo;\u00e0 la qualit\u00e9, ces enseignes participent \u00e0 banaliser une mode sans valeur, sans consid\u00e9ration environnemental et social\u00a0\u00bb, a-t-il poursuivi.<\/p>\n<p>Fond\u00e9e en Chine en 2012 et d\u00e9sormais bas\u00e9e \u00e0 Singapour, Shein est principalement une marque de v\u00eatements et d&rsquo;accessoires, qui se d\u00e9marque par ses prix extr\u00eamement bas, la profusion des r\u00e9f\u00e9rences et <a href=\"https:\/\/www.ledauphine.com\/economie\/2025\/05\/31\/shein-le-geant-du-pret-a-porter-bon-marche-file-un-mauvais-coton\" target=\"_blank\" rel=\"noopener\">son marketing agressif<\/a>. La marque emploie 16\u00a0000 personnes dans le monde.<\/p>\n<p>Accus\u00e9e de pollution environnementale en raison des volumes colossaux mis sur le march\u00e9 et soup\u00e7onn\u00e9e de conditions de travail indignes \u2013\u00a0 en raison de ses approvisionnements, principalement de Chine -, Shein est \u00e9galement dans le viseur du monde du textile et de l\u2019habillement, fran\u00e7ais comme europ\u00e9en. Le secteur reproche au mastodonte asiatique de cr\u00e9er une concurrence d\u00e9loyale vis-\u00e0-vis des entreprises du Vieux continent en ne respectant pas les normes europ\u00e9ennes en mati\u00e8re d\u2019environnement, de droits sociaux, de s\u00e9curit\u00e9 du consommateur alors qu\u2019elles y sont assujetties. Et de profiter d&rsquo;une mesure europ\u00e9enne exemptant de droits de douane les petits colis, ce qui permet \u00e0 Shein d&rsquo;envoyer \u00e0 peu de frais ses produits et complique le travail des douanes en mati\u00e8re de contr\u00f4les.<\/p>\n<p class=\"insetTitle\">Quand une pub Shein faisait parler d&rsquo;elle \u00e0 Grenoble<\/p>\n<p>En juillet d\u00e9j\u00e0, la marque d\u2019ultra fast-fashion <a href=\"https:\/\/www.ledauphine.com\/economie\/2025\/07\/07\/isere-metropole-de-grenoble-mais-pourquoi-cette-pub-pour-shein-sur-les-bus-m-tag-agace-t-elle-autant\" target=\"_blank\" rel=\"noopener\">avait d\u00e9j\u00e0 fait parler d\u2019elle \u00e0 Grenoble<\/a>. En effet, de la publicit\u00e9 \u00e9tait apparue sur les bus de M Tag, au grand dam d\u2019\u00e9lus de tout bord qui avaient point\u00e9 cette aberration \u00e9conomique et environnementale, alors que le bilan carbone de Shein a \u00e9t\u00e9 \u00e9valu\u00e9 \u00e0 15\u00a0000 \u00e0 20\u00a0000 tonnes de CO2 \u00e9mises\u2026par jour\u00a0! Soit, annualis\u00e9, l\u2019\u00e9quivalent de 3,5 millions de v\u00e9hicules\u2026<\/p>\n<p>La publicit\u00e9, s\u2019\u00e9tait d\u00e9fendu M Tag, \u00ab\u00a0a \u00e9t\u00e9 confi\u00e9e \u00e0 un prestataire lors d\u2019une passation de march\u00e9. Le contrat pr\u00e9voit que les espaces publicitaires doivent \u00eatre vendus en majorit\u00e9 (plus de 60\u00a0%) \u00e0 des annonceurs priv\u00e9s bas\u00e9s en Is\u00e8re ou en Auvergne-Rh\u00f4ne-Alpes.\u00a0\u00a0M Tag n\u2019a pas \u00e9t\u00e9 consult\u00e9 en amont pour cette campagne pour Shein.\u00a0\u00bb<\/p>\n","protected":false},"excerpt":{"rendered":"La plateforme asiatique Shein a choisi la France pour ouvrir ses premiers magasins physiques p\u00e9rennes. C&rsquo;est une premi\u00e8re&hellip;\n","protected":false},"author":2,"featured_media":431771,"comment_status":"","ping_status":"","sticky":false,"template":"","format":"standard","meta":{"footnotes":""},"categories":[9566],"tags":[1111,11,2430,4406,130,33,112,1777,674,107,1011,27,329,2731,108,12,25],"class_list":{"0":"post-431770","1":"post","2":"type-post","3":"status-publish","4":"format-standard","5":"has-post-thumbnail","7":"category-grenoble","8":"tag-actu","9":"tag-actualites","10":"tag-auvergne-rhone-alpes","11":"tag-commerce-et-services","12":"tag-consommation","13":"tag-economie","14":"tag-edition-grenoble-agglomeration","15":"tag-eu","16":"tag-europe","17":"tag-fil-info","18":"tag-fr","19":"tag-france","20":"tag-france-monde","21":"tag-grenoble","22":"tag-isere","23":"tag-news","24":"tag-republique-francaise"},"share_on_mastodon":{"url":"https:\/\/pubeurope.com\/@fr\/115300388311315372","error":""},"_links":{"self":[{"href":"https:\/\/www.europesays.com\/fr\/wp-json\/wp\/v2\/posts\/431770","targetHints":{"allow":["GET"]}}],"collection":[{"href":"https:\/\/www.europesays.com\/fr\/wp-json\/wp\/v2\/posts"}],"about":[{"href":"https:\/\/www.europesays.com\/fr\/wp-json\/wp\/v2\/types\/post"}],"author":[{"embeddable":true,"href":"https:\/\/www.europesays.com\/fr\/wp-json\/wp\/v2\/users\/2"}],"replies":[{"embeddable":true,"href":"https:\/\/www.europesays.com\/fr\/wp-json\/wp\/v2\/comments?post=431770"}],"version-history":[{"count":0,"href":"https:\/\/www.europesays.com\/fr\/wp-json\/wp\/v2\/posts\/431770\/revisions"}],"wp:featuredmedia":[{"embeddable":true,"href":"https:\/\/www.europesays.com\/fr\/wp-json\/wp\/v2\/media\/431771"}],"wp:attachment":[{"href":"https:\/\/www.europesays.com\/fr\/wp-json\/wp\/v2\/media?parent=431770"}],"wp:term":[{"taxonomy":"category","embeddable":true,"href":"https:\/\/www.europesays.com\/fr\/wp-json\/wp\/v2\/categories?post=431770"},{"taxonomy":"post_tag","embeddable":true,"href":"https:\/\/www.europesays.com\/fr\/wp-json\/wp\/v2\/tags?post=431770"}],"curies":[{"name":"wp","href":"https:\/\/api.w.org\/{rel}","templated":true}]}}