{"id":431772,"date":"2025-10-01T18:44:11","date_gmt":"2025-10-01T18:44:11","guid":{"rendered":"https:\/\/www.europesays.com\/fr\/431772\/"},"modified":"2025-10-01T18:44:11","modified_gmt":"2025-10-01T18:44:11","slug":"grenoble-caroline-estremo-raconte-sa-vie-normalement","status":"publish","type":"post","link":"https:\/\/www.europesays.com\/fr\/431772\/","title":{"rendered":"Grenoble. Caroline Estremo, raconte sa vie Normalement \u2026"},"content":{"rendered":"<p>Apr\u00e8s avoir racont\u00e9 son histoire d\u2019infirmi\u00e8re urgentiste dans plus de 200 villes, Caroline Estremo revient avec un nouveau seule-en-sc\u00e8ne\u2026 Normalement. Donc, selon toute logique, normalement on ne quitte pas son mari au bout de six mois de mariage pour partir avec sa meilleure amie. Normalement c\u2019est un papa et une maman. Normalement C\u00e9line Dion en soir\u00e9e \u00e7a fait toujours plaisir. Et normalement, un pitch c\u2019est cens\u00e9 donner envie aux gens de venir voir le spectacle.<\/p>\n<p class=\"note\">Le 10\u00a0octobre\u00a02026 \u00e0 20 heures \u00e0 L\u2019Auditorium (Alpexpo). 34\u00a0\u20ac.<\/p>\n","protected":false},"excerpt":{"rendered":"Apr\u00e8s avoir racont\u00e9 son histoire d\u2019infirmi\u00e8re urgentiste dans plus de 200 villes, Caroline Estremo revient avec un nouveau&hellip;\n","protected":false},"author":2,"featured_media":431773,"comment_status":"","ping_status":"","sticky":false,"template":"","format":"standard","meta":{"footnotes":""},"categories":[9566],"tags":[1111,11,2430,1687,112,1777,674,1011,27,2731,2732,108,12,25,3140],"class_list":{"0":"post-431772","1":"post","2":"type-post","3":"status-publish","4":"format-standard","5":"has-post-thumbnail","7":"category-grenoble","8":"tag-actu","9":"tag-actualites","10":"tag-auvergne-rhone-alpes","11":"tag-culture-loisirs","12":"tag-edition-grenoble-agglomeration","13":"tag-eu","14":"tag-europe","15":"tag-fr","16":"tag-france","17":"tag-grenoble","18":"tag-grenoble-bassin","19":"tag-isere","20":"tag-news","21":"tag-republique-francaise","22":"tag-spectacle"},"share_on_mastodon":{"url":"https:\/\/pubeurope.com\/@fr\/115300392261040019","error":""},"_links":{"self":[{"href":"https:\/\/www.europesays.com\/fr\/wp-json\/wp\/v2\/posts\/431772","targetHints":{"allow":["GET"]}}],"collection":[{"href":"https:\/\/www.europesays.com\/fr\/wp-json\/wp\/v2\/posts"}],"about":[{"href":"https:\/\/www.europesays.com\/fr\/wp-json\/wp\/v2\/types\/post"}],"author":[{"embeddable":true,"href":"https:\/\/www.europesays.com\/fr\/wp-json\/wp\/v2\/users\/2"}],"replies":[{"embeddable":true,"href":"https:\/\/www.europesays.com\/fr\/wp-json\/wp\/v2\/comments?post=431772"}],"version-history":[{"count":0,"href":"https:\/\/www.europesays.com\/fr\/wp-json\/wp\/v2\/posts\/431772\/revisions"}],"wp:featuredmedia":[{"embeddable":true,"href":"https:\/\/www.europesays.com\/fr\/wp-json\/wp\/v2\/media\/431773"}],"wp:attachment":[{"href":"https:\/\/www.europesays.com\/fr\/wp-json\/wp\/v2\/media?parent=431772"}],"wp:term":[{"taxonomy":"category","embeddable":true,"href":"https:\/\/www.europesays.com\/fr\/wp-json\/wp\/v2\/categories?post=431772"},{"taxonomy":"post_tag","embeddable":true,"href":"https:\/\/www.europesays.com\/fr\/wp-json\/wp\/v2\/tags?post=431772"}],"curies":[{"name":"wp","href":"https:\/\/api.w.org\/{rel}","templated":true}]}}