{"id":431774,"date":"2025-10-01T18:45:20","date_gmt":"2025-10-01T18:45:20","guid":{"rendered":"https:\/\/www.europesays.com\/fr\/431774\/"},"modified":"2025-10-01T18:45:20","modified_gmt":"2025-10-01T18:45:20","slug":"stellantis-pourquoi-lusine-de-rennes-carbure-alors-que-mulhouse-et-sochaux-sont-au-ralenti","status":"publish","type":"post","link":"https:\/\/www.europesays.com\/fr\/431774\/","title":{"rendered":"Stellantis\u00a0: pourquoi l\u2019usine de Rennes carbure alors que Mulhouse et Sochaux sont au ralenti"},"content":{"rendered":"<p>Stellantis met le pied sur le frein, mais pas \u00e0 Rennes. Le constructeur automobile a annonc\u00e9, mardi 30 septembre, qu\u2019il allait suspendre sa production \u00e0 Sochaux (25) et Mulhouse (68) pendant plusieurs jours d\u2019ici d\u00e9but novembre. Quelques jours auparavant, c\u2019est <a href=\"https:\/\/www.letelegramme.fr\/economie\/automobile\/six-usines-stellantis-bientot-a-larret-en-europe-selon-les-echos-6896044.php\" target=\"_blank\" rel=\"nofollow noopener\">l\u2019usine de Poissy (78)<\/a> qui apprenait sa mise \u00e0 l\u2019arr\u00eat pendant trois semaines en octobre. Alors que ces trois sites tourneront prochainement au ralenti, \u00e0 Rennes, l\u2019ambiance est radicalement diff\u00e9rente. \u00ab On tourne \u00e0 pleine balle \u00bb, confie une source proche de la direction de l\u2019usine de la Janais, qui carbure et <a href=\"https:\/\/www.letelegramme.fr\/ille-et-vilaine\/rennes-35000\/pres-de-rennes-lusine-stellantis-va-recruter-70-interimaires-pour-la-production-du-nouveau-c5-aircross-6877101.php\" target=\"_blank\" rel=\"nofollow noopener\">recrute<\/a> pour assurer la production du tout nouveau SUV C5 Aircross de Citro\u00ebn. \u00ab Le lancement officiel dans tout le r\u00e9seau est pr\u00e9vu samedi 11 octobre \u00bb, indique la direction. Pas question, donc, de mettre la production en pause et tout ou partie des 1 700 salari\u00e9s de la Janais au ch\u00f4mage partiel.<\/p>\n<p>Probl\u00e8mes de batteries<\/p>\n<p>Comment expliquer cette situation ? \u00c0 Poissy et Mulhouse, les arr\u00eats de production sont li\u00e9s \u00e0 la n\u00e9cessit\u00e9 d\u2019adapter l\u2019activit\u00e9 \u00e0 la baisse des ventes de v\u00e9hicules en Europe. \u00c0 Sochaux, les carnets de commandes sont pleins mais l\u00e0, l\u2019usine est confront\u00e9e \u00e0 des difficult\u00e9s d\u2019approvisionnement aupr\u00e8s de ses fournisseurs. En particulier au niveau des modules de batteries aujourd\u2019hui fabriqu\u00e9s par le chinois BYD (ces pi\u00e8ces critiques doivent \u00e0 terme provenir de l\u2019usine pas-de-calaisienne d\u2019ACC, la coentreprise de Stellantis, TotalEnergies et Mercedes-Benz).<\/p>\n<p>Rennes est elle aussi concern\u00e9e par ces difficult\u00e9s, le nouveau C5 Aircross \u00e9tant propos\u00e9 en plusieurs versions : \u00e9lectrique, hybride, hybride rechargeable et thermique. \u00ab Les approvisionnements sont \u00e0 flux tendus \u00bb, confirme la direction de l\u2019usine. \u00ab C\u2019est compliqu\u00e9, abonde Didier Picard, du syndicat CFE-CGC. La semaine derni\u00e8re, il y a eu des probl\u00e8mes de livraisons. Impossible de produire de l\u2019\u00e9lectrique pendant quelques jours, donc on a compens\u00e9, notamment avec le C5 Aircross ancienne g\u00e9n\u00e9ration. \u00bb<\/p>\n<p>Le nouveau C5 Aircross, \u00ab un gros enjeu pour tout le monde \u00bb<\/p>\n<p>Le site breton a toutefois \u00e9t\u00e9 livr\u00e9 rapidement, afin d\u2019\u00eatre en mesure d\u2019approvisionner toutes les concessions du pays. \u00ab Rennes fait partie des usines prioris\u00e9es sur les autres \u00e0 cause du lancement commercial du nouveau C5 Aircross, c\u2019est un gros enjeu pour tout le monde \u00bb, souligne Laurent Valy, de la CFDT. \u00ab Nous sommes en pleine phase de livraisons aux concessions, c\u2019est un moment cl\u00e9, poursuit Didier Picard. C\u2019est l\u2019avenir de l\u2019usine qui se joue. \u00bb Le tout dernier C5 Aircross ancienne g\u00e9n\u00e9ration sortira des cha\u00eenes de montage ce jeudi 2 octobre.<\/p>\n","protected":false},"excerpt":{"rendered":"Stellantis met le pied sur le frein, mais pas \u00e0 Rennes. Le constructeur automobile a annonc\u00e9, mardi 30&hellip;\n","protected":false},"author":2,"featured_media":431775,"comment_status":"","ping_status":"","sticky":false,"template":"","format":"standard","meta":{"footnotes":""},"categories":[2821],"tags":[1111,11,829,33,1777,674,1011,27,12,584,25],"class_list":{"0":"post-431774","1":"post","2":"type-post","3":"status-publish","4":"format-standard","5":"has-post-thumbnail","7":"category-rennes","8":"tag-actu","9":"tag-actualites","10":"tag-bretagne","11":"tag-economie","12":"tag-eu","13":"tag-europe","14":"tag-fr","15":"tag-france","16":"tag-news","17":"tag-rennes","18":"tag-republique-francaise"},"share_on_mastodon":{"url":"https:\/\/pubeurope.com\/@fr\/115300396223577725","error":""},"_links":{"self":[{"href":"https:\/\/www.europesays.com\/fr\/wp-json\/wp\/v2\/posts\/431774","targetHints":{"allow":["GET"]}}],"collection":[{"href":"https:\/\/www.europesays.com\/fr\/wp-json\/wp\/v2\/posts"}],"about":[{"href":"https:\/\/www.europesays.com\/fr\/wp-json\/wp\/v2\/types\/post"}],"author":[{"embeddable":true,"href":"https:\/\/www.europesays.com\/fr\/wp-json\/wp\/v2\/users\/2"}],"replies":[{"embeddable":true,"href":"https:\/\/www.europesays.com\/fr\/wp-json\/wp\/v2\/comments?post=431774"}],"version-history":[{"count":0,"href":"https:\/\/www.europesays.com\/fr\/wp-json\/wp\/v2\/posts\/431774\/revisions"}],"wp:featuredmedia":[{"embeddable":true,"href":"https:\/\/www.europesays.com\/fr\/wp-json\/wp\/v2\/media\/431775"}],"wp:attachment":[{"href":"https:\/\/www.europesays.com\/fr\/wp-json\/wp\/v2\/media?parent=431774"}],"wp:term":[{"taxonomy":"category","embeddable":true,"href":"https:\/\/www.europesays.com\/fr\/wp-json\/wp\/v2\/categories?post=431774"},{"taxonomy":"post_tag","embeddable":true,"href":"https:\/\/www.europesays.com\/fr\/wp-json\/wp\/v2\/tags?post=431774"}],"curies":[{"name":"wp","href":"https:\/\/api.w.org\/{rel}","templated":true}]}}