{"id":431776,"date":"2025-10-01T18:46:20","date_gmt":"2025-10-01T18:46:20","guid":{"rendered":"https:\/\/www.europesays.com\/fr\/431776\/"},"modified":"2025-10-01T18:46:20","modified_gmt":"2025-10-01T18:46:20","slug":"apres-seize-mois-de-travaux-leglise-sainte-catherine-au-nord-de-rennes-a-ete-inauguree","status":"publish","type":"post","link":"https:\/\/www.europesays.com\/fr\/431776\/","title":{"rendered":"Apr\u00e8s seize mois de travaux, l\u2019\u00e9glise Sainte-Catherine, au nord de Rennes, a \u00e9t\u00e9 inaugur\u00e9e"},"content":{"rendered":"<tr wp_automatic_readability=\"8.8343558282209\">\n<td valign=\"middle\" align=\"center\" class=\"col-logo\" wp_automatic_readability=\"5\">\n    <img decoding=\"async\" src=\"https:\/\/maville.com\/design\/images\/logo-of-monetise.svg?version=20130627\" alt=\"logo Ouest-France\" height=\"66\"\/><\/p>\n<p>Contenu r\u00e9serv\u00e9 aux abonn\u00e9s<\/p>\n<\/td>\n<td class=\"col-titre\">\n\t\t\tMercredi 01 octobre 2025 17:00<br \/>\n\t\t\t<a class=\"icon-bulle sizeL count\" href=\"#ancreAvis\"><br \/>\n\t&#8230;<br \/>\n<\/a><\/td>\n<\/tr>\n<p>\t\t<a class=\"mavillebox2 elmt-photo\" href=\"https:\/\/maville.com\/photosmvi\/2025\/10\/01\/P35495329D7000505G.jpg\" title=\" L\u2019inauguration de l\u2019\u00e9glise Sainte-Catherine restaur\u00e9e s\u2019est tenue samedi 27\u00a0septembre 2025.  \u00a9  Mairie de La-Chapelle-du-Lou-du-Lac  &lt;!--TAG-BLC credit--&gt;\" rel=\"galerie_actu noopener\" target=\"_blank\"><br \/>\n\t<img decoding=\"async\" src=\"https:\/\/www.europesays.com\/fr\/wp-content\/uploads\/2025\/10\/P35495329D7000505G_crop_640-330_.jpg\" alt=\"photo  l\u2019inauguration de l\u2019\u00e9glise sainte-catherine restaur\u00e9e s\u2019est tenue samedi 27\u00a0septembre 2025.  \u00a9  mairie de la-chapelle-du-lou-du-lac \"\/><br \/>\n\t1<br \/>\n<\/a><\/p>\n<p class=\"elmt-legende\"> L\u2019inauguration de l\u2019\u00e9glise Sainte-Catherine restaur\u00e9e s\u2019est tenue samedi 27\u00a0septembre 2025.  \u00a9  Mairie de La-Chapelle-du-Lou-du-Lac  <\/p>\n<p>\t\tSamedi 27\u00a0septembre 2025, la livraison des travaux men\u00e9s \u00e0 l\u2019\u00e9glise Sainte-Catherine, \u00e0 La Chapelle-du-Lou-du-Lac (Ille-et-Vilaine), a \u00e9t\u00e9 l\u2019occasion d\u2019une inauguration. La c\u00e9r\u00e9monie s\u2019est tenue en pr\u00e9sence d\u2019habitants de la commune, de plusieurs \u00e9lus locaux et d\u00e9partementaux, de Joseph Le Lez, d\u00e9l\u00e9gu\u00e9 territorial de la Fondation du patrimoine et du p\u00e8re Richmond Niamkey, cur\u00e9 de la paroisse.<\/p>\n<p><b>Cet article est r\u00e9serv\u00e9 aux abonn\u00e9s<\/b><\/p>\n<p>Pour un acc\u00e8s imm\u00e9diat, abonnez-vous<\/p>\n<p><b>1\u00e8re semaine offerte<\/b><\/p>\n<p>\t\tOuest-France<\/p>\n<p>Retrouvez d&rsquo;autres actus sur la commune de :<\/p>\n<p>\t\t&#13;<\/p>\n","protected":false},"excerpt":{"rendered":"Contenu r\u00e9serv\u00e9 aux abonn\u00e9s Mercredi 01 octobre 2025 17:00 &#8230; 1 L\u2019inauguration de l\u2019\u00e9glise Sainte-Catherine restaur\u00e9e s\u2019est tenue&hellip;\n","protected":false},"author":2,"featured_media":431777,"comment_status":"","ping_status":"","sticky":false,"template":"","format":"standard","meta":{"footnotes":""},"categories":[2821],"tags":[1111,11,829,12336,2883,1777,674,1011,27,16478,2561,12,1308,3086,584,25,28947,2086],"class_list":{"0":"post-431776","1":"post","2":"type-post","3":"status-publish","4":"format-standard","5":"has-post-thumbnail","7":"category-rennes","8":"tag-actu","9":"tag-actualites","10":"tag-bretagne","11":"tag-eglise","12":"tag-ete","13":"tag-eu","14":"tag-europe","15":"tag-fr","16":"tag-france","17":"tag-inauguree","18":"tag-mois","19":"tag-news","20":"tag-nord","21":"tag-redon","22":"tag-rennes","23":"tag-republique-francaise","24":"tag-sainte-catherine","25":"tag-travaux"},"share_on_mastodon":{"url":"https:\/\/pubeurope.com\/@fr\/115300400853636845","error":""},"_links":{"self":[{"href":"https:\/\/www.europesays.com\/fr\/wp-json\/wp\/v2\/posts\/431776","targetHints":{"allow":["GET"]}}],"collection":[{"href":"https:\/\/www.europesays.com\/fr\/wp-json\/wp\/v2\/posts"}],"about":[{"href":"https:\/\/www.europesays.com\/fr\/wp-json\/wp\/v2\/types\/post"}],"author":[{"embeddable":true,"href":"https:\/\/www.europesays.com\/fr\/wp-json\/wp\/v2\/users\/2"}],"replies":[{"embeddable":true,"href":"https:\/\/www.europesays.com\/fr\/wp-json\/wp\/v2\/comments?post=431776"}],"version-history":[{"count":0,"href":"https:\/\/www.europesays.com\/fr\/wp-json\/wp\/v2\/posts\/431776\/revisions"}],"wp:featuredmedia":[{"embeddable":true,"href":"https:\/\/www.europesays.com\/fr\/wp-json\/wp\/v2\/media\/431777"}],"wp:attachment":[{"href":"https:\/\/www.europesays.com\/fr\/wp-json\/wp\/v2\/media?parent=431776"}],"wp:term":[{"taxonomy":"category","embeddable":true,"href":"https:\/\/www.europesays.com\/fr\/wp-json\/wp\/v2\/categories?post=431776"},{"taxonomy":"post_tag","embeddable":true,"href":"https:\/\/www.europesays.com\/fr\/wp-json\/wp\/v2\/tags?post=431776"}],"curies":[{"name":"wp","href":"https:\/\/api.w.org\/{rel}","templated":true}]}}