{"id":431780,"date":"2025-10-01T18:48:17","date_gmt":"2025-10-01T18:48:17","guid":{"rendered":"https:\/\/www.europesays.com\/fr\/431780\/"},"modified":"2025-10-01T18:48:17","modified_gmt":"2025-10-01T18:48:17","slug":"ittenheim-seul-rescape-du-secteur-strasbourg-campagne-au-5e-tour","status":"publish","type":"post","link":"https:\/\/www.europesays.com\/fr\/431780\/","title":{"rendered":"Ittenheim seul rescap\u00e9 du secteur Strasbourg-campagne au 5e tour"},"content":{"rendered":"<p class=\"insetTitle\">Football &#8211; Le double derby \u00e0 Wingersheim contre Truchtersheim<\/p>\n<p>             Le programme des R\u00e9gionaux est domin\u00e9 ce week-end des 4 et 5\u00a0octobre par le derby Wingersheim &#8211; Truchtersheim (R3) et la r\u00e9ception du coleader\u00a0Schleithal par l\u2019\u00e9quipe deux de Weyersheim (R3).<\/p>\n<p>Dans le camp des R\u00e9gionaux (coup d\u2019envoi, dimanche, \u00e0 15\u00a0h), Weyersheim (4e en R1), \u00e9limin\u00e9 sans gloire de la Coupe de France, se m\u00e9fiera de Haguenau II (8e ) pour ne pas rentrer dans le rang. En R2, Hoerdt (10e avec deux points) vise enfin une premi\u00e8re victoire en recevant Schiltigheim II la lanterne rouge avec 0 point.<\/p>\n<p>En R3, groupe J, Wingersheim (5e ), qui s\u2019est distingu\u00e9 en Coupe du Grand Est, accueille Truchtersheim (6e ) pour un sacr\u00e9 derby tr\u00e8s ouvert \u00e0 13\u00a0h ce dimanche 5\u00a0octobre. On se rappelle que les deux clubs \u00e9taient oppos\u00e9s en Coupe de France et que le FCW s\u2019\u00e9tait qualifi\u00e9 5-3 pour le 3e tour. Grosse ambiance garantie au balcon du stade des Houblonni\u00e8res.<\/p>\n<p>Ittenheim (11e ) voudra mettre \u00e0 profit son d\u00e9placement \u00e0 Kronenbourg II, lanterne rouge avec moins un point de p\u00e9nalit\u00e9.<\/p>\n<p>Derby du Kochersberg \u00e0 Willgottheim<\/p>\n<p>Dans le groupe K, l\u2019\u00e9tonnant Weyersheim II (5e ) entend faire des mis\u00e8res au coleader Schleithal.<\/p>\n<p>En District, D1, groupe A, Ettendorf (3e ) sera un rude adversaire pour Pfulgriesheim (10e ). Brumath (9e ) est de taille \u00e0 s\u2019imposer chez Soleil Bischheim II (12e ). Dans le groupe B, le coleader Gambsheim se m\u00e9fiera de Beinheim (5e ).<\/p>\n<p>En D2, dans le duel des mal class\u00e9s, avec un seul point au compteur, Ittenheim II est favori face \u00e0 Eckwersheim.<\/p>\n<p>En D3, groupe A, le derby du Kochersberg \u00e0 Willgottheim (6e ), qui re\u00e7oit Dingsheim\/Griesheim (8e ), s\u2019annonce ind\u00e9cis.<\/p>\n<p>Dans le groupe C, beaucoup d\u2019\u00e9quipes se valent\u00a0: cinq sont coleaders et les 10 premi\u00e8res se tiennent en trois points\u00a0! Kilstett (9e ) ne fera pas de complexe \u00e0 Souffelweyersheim (1er ). Pfettisheim (6e ) devrait garder les trois points devant Kronenbourg II (10e ). Hoerdt II (7e ) entend ne pas rentrer bredouille de l\u2019AS Strasbourg II, l\u2019un des coleaders (match \u00e0 14\u00a0h\u00a030). Geudertheim (8e ) sera en danger chez le FCOSK06 III (5e ).<\/p>\n<p>En D4, groupe A, p\u00e9rilleux d\u00e9placement de Berstett\/Pfettisheim II (12e ) chez le leader Sarre-Union III. \u00c0 17\u00a0h\u00a030, second derby de la journ\u00e9e, apr\u00e8s le duel des \u00e9quipes premi\u00e8res, entre Wingersheim II (6e ) et Truchtersheim II (4e ).<\/p>\n<p>En D5, groupe A, samedi \u00e0 19\u00a0h, Nordheim\/Kuttolsheim (10e ) s\u2019attend \u00e0 souffrir chez le leader Weyer II. \u00c0 noter que Mommenheim &#8211; Stutzheim\/Offenheim a \u00e9t\u00e9 d\u00e9cal\u00e9 au samedi 15\u00a0novembre.<\/p>\n<p>Dans le groupe B, Wahlenheim\/Bernolsheim (8e ) voudra bien faire \u00e0 Dambach\/Neunhoffen (9e avec 0 point).<\/p>\n<p class=\"insetSignature\">A.J.<\/p>\n","protected":false},"excerpt":{"rendered":"Football &#8211; Le double derby \u00e0 Wingersheim contre Truchtersheim Le programme des R\u00e9gionaux est domin\u00e9 ce week-end des&hellip;\n","protected":false},"author":2,"featured_media":431781,"comment_status":"","ping_status":"","sticky":false,"template":"","format":"standard","meta":{"footnotes":""},"categories":[2820],"tags":[1111,11,2880,1777,674,107,63,1011,27,775,55295,12,25,7770,517,640],"class_list":{"0":"post-431780","1":"post","2":"type-post","3":"status-publish","4":"format-standard","5":"has-post-thumbnail","7":"category-strasbourg","8":"tag-actu","9":"tag-actualites","10":"tag-edition-strasbourg","11":"tag-eu","12":"tag-europe","13":"tag-fil-info","14":"tag-football","15":"tag-fr","16":"tag-france","17":"tag-grand-est","18":"tag-ittenheim","19":"tag-news","20":"tag-republique-francaise","21":"tag-secteur-de-truchtersheim","22":"tag-sport","23":"tag-strasbourg"},"share_on_mastodon":{"url":"https:\/\/pubeurope.com\/@fr\/115300408091031791","error":""},"_links":{"self":[{"href":"https:\/\/www.europesays.com\/fr\/wp-json\/wp\/v2\/posts\/431780","targetHints":{"allow":["GET"]}}],"collection":[{"href":"https:\/\/www.europesays.com\/fr\/wp-json\/wp\/v2\/posts"}],"about":[{"href":"https:\/\/www.europesays.com\/fr\/wp-json\/wp\/v2\/types\/post"}],"author":[{"embeddable":true,"href":"https:\/\/www.europesays.com\/fr\/wp-json\/wp\/v2\/users\/2"}],"replies":[{"embeddable":true,"href":"https:\/\/www.europesays.com\/fr\/wp-json\/wp\/v2\/comments?post=431780"}],"version-history":[{"count":0,"href":"https:\/\/www.europesays.com\/fr\/wp-json\/wp\/v2\/posts\/431780\/revisions"}],"wp:featuredmedia":[{"embeddable":true,"href":"https:\/\/www.europesays.com\/fr\/wp-json\/wp\/v2\/media\/431781"}],"wp:attachment":[{"href":"https:\/\/www.europesays.com\/fr\/wp-json\/wp\/v2\/media?parent=431780"}],"wp:term":[{"taxonomy":"category","embeddable":true,"href":"https:\/\/www.europesays.com\/fr\/wp-json\/wp\/v2\/categories?post=431780"},{"taxonomy":"post_tag","embeddable":true,"href":"https:\/\/www.europesays.com\/fr\/wp-json\/wp\/v2\/tags?post=431780"}],"curies":[{"name":"wp","href":"https:\/\/api.w.org\/{rel}","templated":true}]}}