{"id":431786,"date":"2025-10-01T18:51:27","date_gmt":"2025-10-01T18:51:27","guid":{"rendered":"https:\/\/www.europesays.com\/fr\/431786\/"},"modified":"2025-10-01T18:51:27","modified_gmt":"2025-10-01T18:51:27","slug":"cest-la-fin-des-titres-papier-dans-les-transports-en-commun","status":"publish","type":"post","link":"https:\/\/www.europesays.com\/fr\/431786\/","title":{"rendered":"C\u2019est la fin des titres papier dans les transports en commun"},"content":{"rendered":"<p>Apr\u00e8s 45 ans de bons et loyaux services, les tickets papiers dits \u00ab\u00a0Edmonson\u00a0\u00bb ne sont plus utilisables pour prendre les transports en commun \u00e0 <a href=\"https:\/\/www.20minutes.fr\/nantes\/\" target=\"_blank\" class=\"c-link c-link--is-underlined\" rel=\"noopener\">Nantes<\/a>.<\/p>\n<p>Depuis le 19\u00a0mai, le format carton, semblable aux anciens tickets de <a href=\"https:\/\/www.20minutes.fr\/societe\/4110637-20240918-transports-ile-france-ticket-tarif-unique-2-5-euros-partir-janvier-2025\" target=\"_blank\" class=\"c-link c-link--is-underlined\" rel=\"noopener\">m\u00e9tro parisiens<\/a>, a \u00e9t\u00e9 <a href=\"https:\/\/www.20minutes.fr\/nantes\/4143906-20250317-nantes-nouveau-ticket-rechargeable-deploye-19-mai-reseau-transport\" target=\"_blank\" class=\"c-link c-link--is-underlined\" rel=\"noopener\">progressivement remplac\u00e9<\/a> par des tickets sans contact plus larges munis d\u2019une puce. Ce nouveau mod\u00e8le est \u00e0 valider d\u00e8s la mont\u00e9e et offre la possibilit\u00e9 d\u2019\u00eatre recharg\u00e9 sur des nouveaux distributeurs.<\/p>\n<p>Moins de papier, plus de num\u00e9rique<\/p>\n<p>\u00ab\u00a0On a \u00e9t\u00e9 jusqu\u2019au bout de ces fameux tickets, on avait du mal \u00e0 le faire imprimer car il ne restait qu\u2019une imprimerie capable de le faire\u00a0\u00bb, avait pr\u00e9cis\u00e9 Pascal Bolo, pr\u00e9sident \u00e0 la <a href=\"https:\/\/www.20minutes.fr\/nantes\/4019802-20230120-nantes-frequentation-nouveaux-trams-finances-annee-tous-enjeux-tan\" target=\"_blank\" class=\"c-link c-link--is-underlined\" rel=\"noopener\">Semitan<\/a> (gestionnaire du r\u00e9seau de transport de Nantes M\u00e9tropole) et adjoint \u00e0 la mairie de Nantes. \u00ab\u00a0C\u2019est un canal qui conna\u00eet une d\u00e9croissance naturelle depuis dix ans au profit de la d\u00e9mat\u00e9rialisation\u00a0\u00bb, expliquait Aur\u00e9lia Joussaume, directrice de l\u2019exp\u00e9rience client et coordination des mobilit\u00e9s en d\u00e9but d\u2019ann\u00e9e. Le gestionnaire du r\u00e9seau a investi sept millions d\u2019euros dans ce projet cens\u00e9 r\u00e9pondre au d\u00e9clin progressif de l\u2019achat de ticket papier via les distributeurs.<\/p>\n<\/p>\n<p>Pour se d\u00e9placer en tram ou en bus, les usagers peuvent aussi effectuer le rechargement de leurs nouveaux \u00ab\u00a0mTicket\u00a0\u00bb sur l\u2019application mobile <a href=\"https:\/\/naolib.fr\/\" target=\"_blank\" class=\"c-link c-link--is-underlined\" rel=\"noopener\">Naolib<\/a>. D\u00e9j\u00e0 connue des voyageurs nantais, l\u2019application \u00ab\u00a0permet d\u2019acheter des tickets horaires (1h, 24h,\u00a0etc&#8230;) sur son t\u00e9l\u00e9phone, \u00e0 tout moment, d\u2019avoir une validation et une pr\u00e9sentation du ticket directement sur le mobile, une sauvegarde des coordonn\u00e9es bancaires s\u00e9curis\u00e9e, et un historique des transactions\u00a0\u00bb, pr\u00e9cise la soci\u00e9t\u00e9 des transports de l\u2019agglom\u00e9ration nantaise dans un communiqu\u00e9.<\/p>\n<p>Et s\u2019il vous reste une poign\u00e9e de tickets papier, pas de panique, ces derniers peuvent \u00eatre \u00e9chang\u00e9s jusqu\u2019\u00e0 fin juillet\u00a02026 \u00e0 l\u2019Espace Mobilit\u00e9 et dans les relais Naolib.<\/p>\n","protected":false},"excerpt":{"rendered":"Apr\u00e8s 45 ans de bons et loyaux services, les tickets papiers dits \u00ab\u00a0Edmonson\u00a0\u00bb ne sont plus utilisables pour&hellip;\n","protected":false},"author":2,"featured_media":431787,"comment_status":"","ping_status":"","sticky":false,"template":"","format":"standard","meta":{"footnotes":""},"categories":[2818],"tags":[1111,11,7048,1777,674,1011,27,3047,766,12,2636,1306,25,2803,2216],"class_list":{"0":"post-431786","1":"post","2":"type-post","3":"status-publish","4":"format-standard","5":"has-post-thumbnail","7":"category-nantes","8":"tag-actu","9":"tag-actualites","10":"tag-bus","11":"tag-eu","12":"tag-europe","13":"tag-fr","14":"tag-france","15":"tag-loire-atlantique","16":"tag-nantes","17":"tag-news","18":"tag-pays-de-la-loire","19":"tag-regions","20":"tag-republique-francaise","21":"tag-transport","22":"tag-transports-en-commun"},"share_on_mastodon":{"url":"https:\/\/pubeurope.com\/@fr\/115300419791055293","error":""},"_links":{"self":[{"href":"https:\/\/www.europesays.com\/fr\/wp-json\/wp\/v2\/posts\/431786","targetHints":{"allow":["GET"]}}],"collection":[{"href":"https:\/\/www.europesays.com\/fr\/wp-json\/wp\/v2\/posts"}],"about":[{"href":"https:\/\/www.europesays.com\/fr\/wp-json\/wp\/v2\/types\/post"}],"author":[{"embeddable":true,"href":"https:\/\/www.europesays.com\/fr\/wp-json\/wp\/v2\/users\/2"}],"replies":[{"embeddable":true,"href":"https:\/\/www.europesays.com\/fr\/wp-json\/wp\/v2\/comments?post=431786"}],"version-history":[{"count":0,"href":"https:\/\/www.europesays.com\/fr\/wp-json\/wp\/v2\/posts\/431786\/revisions"}],"wp:featuredmedia":[{"embeddable":true,"href":"https:\/\/www.europesays.com\/fr\/wp-json\/wp\/v2\/media\/431787"}],"wp:attachment":[{"href":"https:\/\/www.europesays.com\/fr\/wp-json\/wp\/v2\/media?parent=431786"}],"wp:term":[{"taxonomy":"category","embeddable":true,"href":"https:\/\/www.europesays.com\/fr\/wp-json\/wp\/v2\/categories?post=431786"},{"taxonomy":"post_tag","embeddable":true,"href":"https:\/\/www.europesays.com\/fr\/wp-json\/wp\/v2\/tags?post=431786"}],"curies":[{"name":"wp","href":"https:\/\/api.w.org\/{rel}","templated":true}]}}