{"id":431788,"date":"2025-10-01T18:52:21","date_gmt":"2025-10-01T18:52:21","guid":{"rendered":"https:\/\/www.europesays.com\/fr\/431788\/"},"modified":"2025-10-01T18:52:21","modified_gmt":"2025-10-01T18:52:21","slug":"paquebots-de-legende-1200-objets-aux-encheres-a-nantes","status":"publish","type":"post","link":"https:\/\/www.europesays.com\/fr\/431788\/","title":{"rendered":"Paquebots de l\u00e9gende : 1200 objets aux ench\u00e8res \u00e0 Nantes"},"content":{"rendered":"<p>Quelques 1200 objets provenant d&rsquo;anciens paquebots ont \u00e9t\u00e9 mis aux ench\u00e8res, hier, \u00e0 Nantes. Certains \u00e9taient notamment embarqu\u00e9s sur les c\u00e9l\u00e8bres Normandie et France. Ainsi, des centaines de pi\u00e8ces de vaisselle, estampill\u00e9es du monogramme de la Compagnie g\u00e9n\u00e9rale transatlantique, \u00e9taient propos\u00e9 \u00e0 l&rsquo;h\u00f4tel des ventes nantais. Les amateurs de liners ont, \u00e9galement, pu acqu\u00e9rir du mobilier, notamment des fauteuils, dessin\u00e9s par les plus grands cr\u00e9ateurs du moment. Les plus belles pi\u00e8ces d&rsquo;orf\u00e8vrerie, h\u00e9rit\u00e9es du Normandie, \u00e9taient estim\u00e9es entre 7500 et 8500 euros.   <\/p>\n","protected":false},"excerpt":{"rendered":"Quelques 1200 objets provenant d&rsquo;anciens paquebots ont \u00e9t\u00e9 mis aux ench\u00e8res, hier, \u00e0 Nantes. Certains \u00e9taient notamment embarqu\u00e9s&hellip;\n","protected":false},"author":2,"featured_media":431789,"comment_status":"","ping_status":"","sticky":false,"template":"","format":"standard","meta":{"footnotes":""},"categories":[2818],"tags":[1111,11,6130,6141,6131,6138,2380,6135,554,1777,6136,674,1011,27,6139,6134,3135,6128,567,6129,6127,766,12,6132,2636,4838,6133,25,6140,6137],"class_list":{"0":"post-431788","1":"post","2":"type-post","3":"status-publish","4":"format-standard","5":"has-post-thumbnail","7":"category-nantes","8":"tag-actu","9":"tag-actualites","10":"tag-chantiers","11":"tag-commando","12":"tag-construction-navale","13":"tag-costa","14":"tag-croisiere","15":"tag-dcns","16":"tag-defense","17":"tag-eu","18":"tag-euronaval","19":"tag-europe","20":"tag-fr","21":"tag-france","22":"tag-fremm","23":"tag-interviews","24":"tag-littoral","25":"tag-marine","26":"tag-marine-nationale","27":"tag-maritime","28":"tag-mer","29":"tag-nantes","30":"tag-news","31":"tag-offshore","32":"tag-pays-de-la-loire","33":"tag-peche","34":"tag-reportages","35":"tag-republique-francaise","36":"tag-sncm","37":"tag-stx"},"share_on_mastodon":{"url":"https:\/\/pubeurope.com\/@fr\/115300423854099533","error":""},"_links":{"self":[{"href":"https:\/\/www.europesays.com\/fr\/wp-json\/wp\/v2\/posts\/431788","targetHints":{"allow":["GET"]}}],"collection":[{"href":"https:\/\/www.europesays.com\/fr\/wp-json\/wp\/v2\/posts"}],"about":[{"href":"https:\/\/www.europesays.com\/fr\/wp-json\/wp\/v2\/types\/post"}],"author":[{"embeddable":true,"href":"https:\/\/www.europesays.com\/fr\/wp-json\/wp\/v2\/users\/2"}],"replies":[{"embeddable":true,"href":"https:\/\/www.europesays.com\/fr\/wp-json\/wp\/v2\/comments?post=431788"}],"version-history":[{"count":0,"href":"https:\/\/www.europesays.com\/fr\/wp-json\/wp\/v2\/posts\/431788\/revisions"}],"wp:featuredmedia":[{"embeddable":true,"href":"https:\/\/www.europesays.com\/fr\/wp-json\/wp\/v2\/media\/431789"}],"wp:attachment":[{"href":"https:\/\/www.europesays.com\/fr\/wp-json\/wp\/v2\/media?parent=431788"}],"wp:term":[{"taxonomy":"category","embeddable":true,"href":"https:\/\/www.europesays.com\/fr\/wp-json\/wp\/v2\/categories?post=431788"},{"taxonomy":"post_tag","embeddable":true,"href":"https:\/\/www.europesays.com\/fr\/wp-json\/wp\/v2\/tags?post=431788"}],"curies":[{"name":"wp","href":"https:\/\/api.w.org\/{rel}","templated":true}]}}