{"id":431790,"date":"2025-10-01T18:53:27","date_gmt":"2025-10-01T18:53:27","guid":{"rendered":"https:\/\/www.europesays.com\/fr\/431790\/"},"modified":"2025-10-01T18:53:27","modified_gmt":"2025-10-01T18:53:27","slug":"71-ans-dune-aventure-bordelaise-et-chocolatee","status":"publish","type":"post","link":"https:\/\/www.europesays.com\/fr\/431790\/","title":{"rendered":"71\u00a0ans d\u2019une aventure bordelaise et chocolat\u00e9e"},"content":{"rendered":"<p>Le saviez-vous\u00a0? La fameuse marque, c\u00e9l\u00e8bre pour son lait chocolat\u00e9, est \u00ab\u00a0made in\u00a0\u00bb Bordeaux. Voici, en quelques dates, la success-story de la soci\u00e9t\u00e9 qui, install\u00e9e \u00e0 L\u00e9ognan depuis 2000 et redevenue 100\u00a0% girondine depuis 2015, souffle ses 70\u00a0ans en 2024.<\/p>\n<p>        <img decoding=\"async\" id=\"2461651\" src=\"https:\/\/www.europesays.com\/fr\/wp-content\/uploads\/2025\/10\/so-57eb8cc666a4bd7760bd0819-ph0.jpg\" alt=\"La caravane publicitaire du Tour de France devant le Palais de justice de Bordeaux en 1956\" itemprop=\"contentURL\"\/><\/p>\n<p>    La caravane publicitaire du Tour de France devant le Palais de justice de Bordeaux en 1956<\/p>\n<p>Archives SUD OUEST<\/p>\n<p>    Naissance \u00e0 la Benauge, sur la rive droite de Bordeaux<\/p>\n<p>        <img decoding=\"async\" id=\"2672235\" src=\"https:\/\/www.europesays.com\/fr\/wp-content\/uploads\/2025\/10\/cacolac-marque.jpg\" alt=\"Affiche ancienne de la marque Cacolac.\" itemprop=\"contentURL\"\/><\/p>\n<p>    Affiche ancienne de la marque Cacolac.<\/p>\n<p>Thierry David<\/p>\n<p><strong>1928\u00a0:<\/strong> le 13\u00a0janvier, la SARL Laiterie de la Benauge &#8211; Dominique Lanneluc et Fils &#8211; voit le jour. Dirig\u00e9e jusqu\u2019en 1933 par le p\u00e8re puis par les trois fils, Roger, Albert et Charles, l\u2019entreprise, install\u00e9e au 54 de la rue de Tr\u00e9gey sur la rive droite de Bordeaux, devient Laiterie de la Benauge \u2013 Lanneluc Fr\u00e8res le 15\u00a0d\u00e9cembre 1938. Son si\u00e8ge social est situ\u00e9 au 205 de la rue de la Benauge. \u00c0 la Lib\u00e9ration, elle st\u00e9rilise et met en bouteille le lait, qui arrivait de toute la r\u00e9gion pendant la Guerre, et le commercialise dans l\u2019agglom\u00e9ration bordelaise. Elle d\u00e9veloppe aussi la production de produits laitiers (petits-suisses, yaourts, beurre, cas\u00e9ine).<\/p>\n<p><strong>1947\u00a0:<\/strong> le 14\u00a0janvier, la Laiterie de la Benauge devient Lanneluc Fr\u00e8res et Lauseig, r\u00e9unis apr\u00e8s absorption de la Laiterie Lauseig de Pompignac\u00a0: les deux familles vont r\u00e9volutionner le secteur des produits laitiers.<\/p>\n<p><strong>1952\u00a0:<\/strong> les deux propri\u00e9taires effectuent un s\u00e9jour en Hollande durant lequel l\u2019un d\u2019eux, Robert Lauseig, go\u00fbte un lait aromatis\u00e9. L\u2019id\u00e9e d\u2019une boisson chocolat\u00e9e toute pr\u00eate lui vient \u00e0 l\u2019esprit\u00a0: et si on commercialisait du lait frais m\u00e9lang\u00e9 \u00e0 du chocolat\u00a0?<\/p>\n<p>\u00ab\u00a0Cacolac, boisson parfaite, la pr\u00e9f\u00e9r\u00e9e des sportifs\u00a0\u00bb<\/p>\n<p>        <img decoding=\"async\" id=\"2672274\" src=\"https:\/\/www.europesays.com\/fr\/wp-content\/uploads\/2025\/10\/pub-cacolac.jpg\" alt=\"Publicit\u00e9 de Cacolac, produite par la Laiterie de la Benauge, \u00e0 Bordeaux.\" itemprop=\"contentURL\"\/><\/p>\n<p>    Publicit\u00e9 de Cacolac, produite par la Laiterie de la Benauge, \u00e0 Bordeaux.<\/p>\n<p>Cacolac \/Reproduction Sud Ouest<\/p>\n<p><strong>1954\u00a0:<\/strong> la marque Cacolac est cr\u00e9\u00e9e. Elle sillonne la France en camionnette pour faire d\u00e9couvrir sa boisson. La SARL devient SA le 9\u00a0f\u00e9vrier 1956. Charles Lanneluc est pr\u00e9sident-directeur g\u00e9n\u00e9ral. Ses fr\u00e8res, Albert et Roger, et Robert Lauseig sont administrateurs d\u00e9l\u00e9gu\u00e9s.<\/p>\n<p>        <img decoding=\"async\" id=\"2470147\" src=\"https:\/\/www.europesays.com\/fr\/wp-content\/uploads\/2025\/10\/so-5dad82ff66a4bd59172b6f75-ph0.jpg\" alt=\"En juin 1956, lors de la 35e foire internationale de Bordeaux, la Laiterie de la Benauge pr\u00e9sente sa boisson Cacolac, n\u00e9e il y a deux ans.\" itemprop=\"contentURL\"\/><\/p>\n<p>    En juin 1956, lors de la 35e foire internationale de Bordeaux, la Laiterie de la Benauge pr\u00e9sente sa boisson Cacolac, n\u00e9e il y a deux ans.<\/p>\n<p>Archives Sud Ouest<\/p>\n<p><strong>1970\u00a0:<\/strong> pour privil\u00e9gier la qualit\u00e9 de ses produis, Cacolac veut conserver les bouteilles en verre (bien plus \u00e9cologique, comme on s\u2019en rendra compte quelques d\u00e9cennies plus tard) alors que le conditionnement du lait en brique devient la norme.<\/p>\n<p><strong>1978\u00a0:<\/strong> Cacolac opte pour le m\u00e9tal. La marque lance sa premi\u00e8re canette et ouvre une nouvelle usine.<\/p>\n<p>        <img decoding=\"async\" id=\"2461652\" src=\"https:\/\/www.europesays.com\/fr\/wp-content\/uploads\/2025\/10\/so-57eb8cc766a4bd7760bd081f-ph0.jpg\" alt=\"Les canettes de Cacolac.\" itemprop=\"contentURL\"\/><\/p>\n<p>    Les canettes de Cacolac.<\/p>\n<p>Archives Sud OUest<\/p>\n<p><strong>Dans les ann\u00e9es 1980\u00a0:<\/strong> la marque s\u2019affiche dans des campagnes de publicit\u00e9 t\u00e9l\u00e9vis\u00e9es.<\/p>\n<p><strong>Dans les ann\u00e9es 1990\u00a0:<\/strong> Cacolac sponsorise avec la r\u00e9gion Aquitaine le monocoque du navigateur girondin Yves Parlier. Il remporte la Route du Caf\u00e9 en 1993 et la Route du Rhum en 1994 \u00e0 bord de son monocoque. La boisson Cacolac est alors uniquement distribu\u00e9e en France.<\/p>\n<p>        <img decoding=\"async\" id=\"2461653\" src=\"https:\/\/www.europesays.com\/fr\/wp-content\/uploads\/2025\/10\/so-57eb8cc766a4bd7760bd0826-ph0.jpg\" alt=\"Le bateau d\u2019Yves Parlier, sponsoris\u00e9 par Cacolac.\" itemprop=\"contentURL\"\/><\/p>\n<p>    Le bateau d\u2019Yves Parlier, sponsoris\u00e9 par Cacolac.<\/p>\n<p>archives sud ouest \/Tadeusz KLUBA<\/p>\n<blockquote><p>\u00ab\u00a0Avec moins de sucre et plus de patate\u00a0\u00bb<\/p><\/blockquote>\n<p><strong>1993\u00a0:<\/strong> les Guignols de l\u2019info \u00ab\u00a0promotionnent\u00a0\u00bb Cacolac en pr\u00e9sentant le joueur de football des Girondins, Jean-Pierre Papin, comme un inconditionnel de la boisson lact\u00e9e chocolat\u00e9e. La marionnette de ce dernier (qui n\u2019a en r\u00e9alit\u00e9 jamais fait de publicit\u00e9 pour Cacolac) vante les m\u00e9rites du Cacolac light (qui n\u2019existe pas) et dont le slogan est \u00ab\u00a0Avec moins de sucre et plus de patate\u00a0\u00bb.<\/p>\n<p><strong>1996\u00a0:<\/strong> cr\u00e9ation de Vanilac, boisson \u00e0 base de vanille. Vont na\u00eetre aussi Cacolac Caf\u00e9 et Cacolac menthe.<\/p>\n<p>1999-2000\u00a0: de Bordeaux \u00e0 L\u00e9ognan<\/p>\n<ul class=\"slides\">\n<li>\n<p>        <img decoding=\"async\" id=\"2470149\" src=\"https:\/\/www.europesays.com\/fr\/wp-content\/uploads\/2025\/10\/so-5dad832866a4bd2b202b6f72-ph0.jpg\" alt=\"L\u2019usine Cacolac \u00e0 la Benauge (Bordeaux), en 1999.\" itemprop=\"contentURL\"\/><\/p>\n<p>    L\u2019usine Cacolac \u00e0 la Benauge (Bordeaux), en 1999.<\/p>\n<p>archives sud ouest \/Lo\u00efc Le Loet<\/p>\n<\/li>\n<li>\n<p>        <img decoding=\"async\" id=\"2461654\" src=\"https:\/\/www.europesays.com\/fr\/wp-content\/uploads\/2025\/10\/so-57eb8cc766a4bd7760bd082c-ph0.jpg\" alt=\"L\u2019ancienne usine Cacolac \u00e0 la Benauge (Bordeaux), en 1999.\" itemprop=\"contentURL\"\/><\/p>\n<p>    L\u2019ancienne usine Cacolac \u00e0 la Benauge (Bordeaux), en 1999.<\/p>\n<p>archives sud ouest<\/p>\n<\/li>\n<\/ul>\n<p><strong>16\u00a0septembre 1999\u00a0:<\/strong> pose de la premi\u00e8re pierre de la nouvelle usine \u00e0 L\u00e9ognan, en Gironde.<\/p>\n<p><strong>27\u00a0mars 2000\u00a0:<\/strong> l\u2019entreprise<strong> <\/strong>Cacolac d\u00e9m\u00e9nage \u00e0 L\u00e9ognan, sur un site de production de 8\u00a0000 m2.<\/p>\n<p><strong>2004\u00a0:<\/strong> pour son<strong> <\/strong>cinquanti\u00e8me anniversaire, la marque chocololat\u00e9e tente une association avec Danone \u00e0 qui elle accorde une licence. Le produit similaire de Danone, Danao Choco, dispara\u00eet et Cacolac-Danone fait son apparition dans les rayons frais sous la forme d\u2019une brique, alors qu\u2019elle \u00e9tait cantonn\u00e9e au rayon liquides.<\/p>\n<p>        <img decoding=\"async\" id=\"2470210\" src=\"https:\/\/www.europesays.com\/fr\/wp-content\/uploads\/2025\/10\/so-5dadb33b66a4bdb1702b6f72-ph0.jpg\" alt=\"L\u2019usine Cacolac \u00e0 L\u00e9ognan, sur la zone industrielle la Rivi\u00e8re, le 3\u00a0mars 2009.\" itemprop=\"contentURL\"\/><\/p>\n<p>    L\u2019usine Cacolac \u00e0 L\u00e9ognan, sur la zone industrielle la Rivi\u00e8re, le 3\u00a0mars 2009.<\/p>\n<p>archives sud ouest\u00a0\/\u00a0Alexandre Sioc\u2019Han de Kersabiec<\/p>\n<p>        <img decoding=\"async\" id=\"2470148\" src=\"https:\/\/www.europesays.com\/fr\/wp-content\/uploads\/2025\/10\/so-5dad830f66a4bdd1592b6f7a-ph0.jpg\" alt=\"La cha\u00eene d\u2019embouteillage de l\u2019usine de fabrication de la boisson lact\u00e9e chocolat\u00e9e Cacolac en 2006, \u00e0 L\u00e9ognan.\" itemprop=\"contentURL\"\/><\/p>\n<p>    La cha\u00eene d\u2019embouteillage de l\u2019usine de fabrication de la boisson lact\u00e9e chocolat\u00e9e Cacolac en 2006, \u00e0 L\u00e9ognan.<\/p>\n<p>archives sud ouest\u00a0\/\u00a0Claude Petit<\/p>\n<p><strong>Mars 2011\u00a0:<\/strong> la PME et sa c\u00e9l\u00e8bre boisson fabriqu\u00e9e dans la p\u00e9riph\u00e9rie de Bordeaux sont rachet\u00e9es en totalit\u00e9 par le fonds d\u2019investissement sp\u00e9cialis\u00e9 dans la nutrition sant\u00e9 <a href=\"https:\/\/www.sudouest.fr\/2011\/03\/25\/la-boisson-cacolac-rachetee-par-un-fonds-d-investissement-353217-2957.php?nic\" target=\"_blank\" rel=\"follow nofollow noopener\">Trixaim Investissements<\/a>, repreneur en 2010 du petit fabricant de barres alimentaires Balarama. Objectif, redynamiser la marque et faire jouer les synergies.<\/p>\n<p><strong>2012\u00a0:<\/strong> incursion sur<strong> <\/strong>le march\u00e9 du vin avec la mise en canette d\u2019un vin du Sud-Ouest sous la marque Tr\u00e8s Vin. Une boisson destin\u00e9e \u00e0 l\u2019exportation et produite gr\u00e2ce \u00e0 l\u2019autorisation et la licence d\u2019utilisation du proc\u00e9d\u00e9 Vinsafe de l\u2019entreprise australienne Barokes.<\/p>\n<p><strong>26\u00a0novembre 2013\u00a0:<\/strong> nouveau coup de publicit\u00e9 gr\u00e2ce \u00e0 l\u2019un des animateurs de Virgin Radio. Christophe Beaugrand, qui buvait un Cacolac tous les matins et le faisait savoir \u00e0 l\u2019antenne a demand\u00e9 ce jour-l\u00e0 \u00e0 un auditeur de lui apporter une bouteille au studio car il avait oubli\u00e9 sa boisson quotidienne.<\/p>\n<p>Retour dans le giron familial<\/p>\n<p>        <img decoding=\"async\" id=\"2672191\" src=\"https:\/\/www.europesays.com\/fr\/wp-content\/uploads\/2025\/10\/maleviel.jpg\" alt=\"Christian Maleviel, pr\u00e9sident de Cacolac depuis 2015. Ici, le 12\u00a0mai 2021, dans l\u2019usine de la marque situ\u00e9e \u00e0 L\u00e9ognan.\" itemprop=\"contentURL\"\/><\/p>\n<p>    Christian Maleviel, pr\u00e9sident de Cacolac depuis 2015. Ici, le 12\u00a0mai 2021, dans l\u2019usine de la marque situ\u00e9e \u00e0 L\u00e9ognan.<\/p>\n<p>St\u00e9phane Lartigue\u00a0\/\u00a0SudOuest<\/p>\n<p><strong>2015\u00a0:<\/strong> <a href=\"http:\/\/sudouest.fr\/2015\/02\/04\/cacolac-redevient-100-girondin-1820304-2780.php?nic\" target=\"_blank\" rel=\"nofollow noopener\">Cacolac redevient 100\u00a0% girondine<\/a>.<strong> <\/strong>Bernard Maviel (pr\u00e9sident de 1996 \u00e0 2011) et son fils Christian, descendants des fondateurs, rach\u00e8tent les parts de l\u2019entreprise d\u00e9tenues par Trixaim et Avenir entreprises. Les ventes progressent de 15\u00a0% en 201 5, le chiffre d\u2019affaires passant de 7,82\u00a0millions d\u2019euros en 2014 \u00e0 8,98\u00a0millions d\u2019euros, soit 25\u00a0millions de bouteilles et cannettes. Le \u00ab\u00a0Cacolac pralin\u00e9 noisette\u00a0\u00bb est lanc\u00e9 en 2014, suivi du \u00ab\u00a0Cacolac Caramel\u00a0\u00bb en 2015, en partenariat avec Dupont D\u2019Isigny.<\/p>\n<p><strong>2019\u00a0:<\/strong> d\u00e9but octobre,<a href=\"https:\/\/www.sudouest.fr\/premium\/dans-vos-departements\/cacolac-la-marque-bordelaise-retrouve-le-giron-familial-2460035.php\" rel=\"nofollow noopener\" target=\"_blank\"> <\/a><a href=\"https:\/\/www.sudouest.fr\/premium\/dans-vos-departements\/cacolac-la-marque-bordelaise-retrouve-le-giron-familial-2460035.php\" target=\"_blank\" rel=\"follow nofollow noopener\">la famille cofondatrice Maviel reprend l\u2019int\u00e9gralit\u00e9 du capita<\/a><a href=\"https:\/\/www.sudouest.fr\/premium\/dans-vos-departements\/cacolac-la-marque-bordelaise-retrouve-le-giron-familial-2460035.php\" rel=\"nofollow noopener\" target=\"_blank\">l<\/a> de Cacolac. Christian Maviel, petit-neveu de Robert Lauseig, fondateur de la marque, est aux manettes. La fameuse petite bouteille en verre couleur caramel n\u2019a jamais \u00e9t\u00e9 aussi jeune ni eu autant de succ\u00e8s\u00a0: le chiffre d\u2019affaires de la soci\u00e9t\u00e9 qui compte 34 salari\u00e9s, de 11,5\u00a0millions d\u2019euros, progresse de 5 \u00e0 points par an.<\/p>\n<p><strong>2020\u00a0: <\/strong>entreprise p\u00e9renne, Cacolac veut aussi afficher un visage \u00e9coresponsable et s\u2019engage en mars 2020 dans l\u2019op\u00e9ration For\u00eat Cacahoyer. Jusqu\u2019au 30\u00a0juin 2021, l\u2019entreprise fournira des kits p\u00e9dagogiques sur le th\u00e8me de la protection de l\u2019environnement \u00e0 250 \u00e9coles maternelles.<\/p>\n<p><strong>2021\u00a0: <\/strong>pour t<a href=\"https:\/\/www.sudouest.fr\/gironde\/bordeaux\/gironde-cacolac-poursuit-sa-croissance-malgre-la-crise-2648565.php\" rel=\"nofollow noopener\" target=\"_blank\">oucher davantage de consommateurs dans l\u2019Hexagone<\/a>, Cacolac lance sa briquette avec une paille en carton pour les enfants, appel\u00e9e Mon premier Cacolac. \u00ab\u00a0Les emballages sont enti\u00e8rement recyclables et compos\u00e9s de papier provenant de for\u00eats certifi\u00e9es, d\u00e9taille Christian Maviel. L\u2019id\u00e9e est d\u2019inciter les plus jeunes \u00e0 prendre un petit-d\u00e9jeuner, ce qui est moins le cas aujourd\u2019hui.\u00a0\u00bb Au total, la soci\u00e9t\u00e9 girondine produit 18\u00a0millions de bouteilles et de canettes par an. Avec 58 salari\u00e9s contre 33 en 2018, elle inaugurera en septembre une nouvelle ligne de production destin\u00e9e aux boissons alcoolis\u00e9es.<\/p>\n<p><strong>2025\u00a0: <\/strong>la soci\u00e9t\u00e9 familiale bordelaise, qui produit et distribue les boissons chocolat\u00e9es Cacolac depuis soixante-dix ans, innove en revenant \u00e0 ses premi\u00e8res amours commerciales\u00a0: les caf\u00e9s-restaurants. Une initiative qui illustre la strat\u00e9gie de diversification de Cacolac.<\/p>\n<p>    La recette de Cacolac<br \/>\nLe Cacolac est du lait au chocolat, qui peut se boire frais ou chaud. Il contient du lait (92,1\u00a0%), du sucre, du cacao (1,2\u00a0%) et des stabilisants\u00a0: carbonate acide de sodium, carragh\u00e9nanes pour une \u00e9nergie par bouteille de 20\u00a0cl de 140 kcal.<\/p>\n","protected":false},"excerpt":{"rendered":"Le saviez-vous\u00a0? La fameuse marque, c\u00e9l\u00e8bre pour son lait chocolat\u00e9, est \u00ab\u00a0made in\u00a0\u00bb Bordeaux. Voici, en quelques dates,&hellip;\n","protected":false},"author":2,"featured_media":431791,"comment_status":"","ping_status":"","sticky":false,"template":"","format":"standard","meta":{"footnotes":""},"categories":[2817],"tags":[1111,11,1997,1777,674,1011,27,12,2219,25],"class_list":{"0":"post-431790","1":"post","2":"type-post","3":"status-publish","4":"format-standard","5":"has-post-thumbnail","7":"category-bordeaux","8":"tag-actu","9":"tag-actualites","10":"tag-bordeaux","11":"tag-eu","12":"tag-europe","13":"tag-fr","14":"tag-france","15":"tag-news","16":"tag-nouvelle-aquitaine","17":"tag-republique-francaise"},"share_on_mastodon":{"url":"https:\/\/pubeurope.com\/@fr\/115300428711223766","error":""},"_links":{"self":[{"href":"https:\/\/www.europesays.com\/fr\/wp-json\/wp\/v2\/posts\/431790","targetHints":{"allow":["GET"]}}],"collection":[{"href":"https:\/\/www.europesays.com\/fr\/wp-json\/wp\/v2\/posts"}],"about":[{"href":"https:\/\/www.europesays.com\/fr\/wp-json\/wp\/v2\/types\/post"}],"author":[{"embeddable":true,"href":"https:\/\/www.europesays.com\/fr\/wp-json\/wp\/v2\/users\/2"}],"replies":[{"embeddable":true,"href":"https:\/\/www.europesays.com\/fr\/wp-json\/wp\/v2\/comments?post=431790"}],"version-history":[{"count":0,"href":"https:\/\/www.europesays.com\/fr\/wp-json\/wp\/v2\/posts\/431790\/revisions"}],"wp:featuredmedia":[{"embeddable":true,"href":"https:\/\/www.europesays.com\/fr\/wp-json\/wp\/v2\/media\/431791"}],"wp:attachment":[{"href":"https:\/\/www.europesays.com\/fr\/wp-json\/wp\/v2\/media?parent=431790"}],"wp:term":[{"taxonomy":"category","embeddable":true,"href":"https:\/\/www.europesays.com\/fr\/wp-json\/wp\/v2\/categories?post=431790"},{"taxonomy":"post_tag","embeddable":true,"href":"https:\/\/www.europesays.com\/fr\/wp-json\/wp\/v2\/tags?post=431790"}],"curies":[{"name":"wp","href":"https:\/\/api.w.org\/{rel}","templated":true}]}}