{"id":431792,"date":"2025-10-01T18:54:19","date_gmt":"2025-10-01T18:54:19","guid":{"rendered":"https:\/\/www.europesays.com\/fr\/431792\/"},"modified":"2025-10-01T18:54:19","modified_gmt":"2025-10-01T18:54:19","slug":"gambardella-les-girondins-de-bordeaux-defieront-le-fc-perigny-au-3e-tour","status":"publish","type":"post","link":"https:\/\/www.europesays.com\/fr\/431792\/","title":{"rendered":"Gambardella : les Girondins de Bordeaux d\u00e9fieront le FC P\u00e9rigny au 3e tour"},"content":{"rendered":"<p><img decoding=\"async\" src=\"https:\/\/www.europesays.com\/fr\/wp-content\/uploads\/2025\/10\/671_3b46ea9fb0af544c2000237009d4ccc6.jpg\" alt=\"Gambardella : les Girondins de Bordeaux d\u00e9fieront le FC P\u00e9rigny au 3e tour\" class=\"img-responsive mt-3\"\/><\/p>\n<p class=\"text-center mb-3\" style=\"font-size: 14px\">\u00a9 Iconsport<\/p>\n<p>      <strong>Coupe Gambardella : les Girondins de Bordeaux en d\u00e9placement \u00e0 P\u00e9rigny<\/strong><\/p>\n<p style=\"text-align: justify;\">Cette rencontre de 3e tour de la Coupe Gambardella a d\u00e9sign\u00e9 les Girondins de Bordeaux pour jouer face au FC P\u00e9rigny en Charente-Maritime. La rencontre se d\u00e9roule chez leur adversaire le samedi 4 octobre \u00e0 15h.<\/p>\n<p style=\"text-align: justify;\">Au tour pr\u00e9c\u00e9dent les Bordelais ont \u00e9limin\u00e9 l&rsquo;US Lormont. Le tirage complet est <a href=\"https:\/\/lfna.fff.fr\/competitions?id=435165&amp;poule=1&amp;phase=1&amp;type=cp&amp;tab=resultat&amp;fbclid=IwY2xjawNKNT9leHRuA2FlbQIxMAABHsRK7rHSpKfiV7Tk9HubQTWxi6hOs7xI4AZ2eS11QVUxV-aWOWkH8P_m4pbd_aem_rD8ysUYWAzxgqWHAjtepmg\" target=\"_blank\" rel=\"noopener\">disponible ici.<\/a><\/p>\n<p style=\"text-align: justify;\">\u00a0<\/p>\n<p>\u00c0 lire ici aussi &gt;&gt; <strong><a href=\"https:\/\/www.webgirondins.com\/actualite-girondins-girondins-david-gluzman-le-depart-de-john-williams-est-salutaire-130639\" target=\"_blank\" rel=\"noopener\">David Gluzman : \u00ab\u00a0Le d\u00e9part de John Williams est salutaire\u00a0\u00bb<\/a><\/strong><\/p>\n<p>Notre podcast court sur l&rsquo;actu des Girondins \u00e0 \u00e9couter :<\/p>\n","protected":false},"excerpt":{"rendered":"\u00a9 Iconsport Coupe Gambardella : les Girondins de Bordeaux en d\u00e9placement \u00e0 P\u00e9rigny Cette rencontre de 3e tour&hellip;\n","protected":false},"author":2,"featured_media":431793,"comment_status":"","ping_status":"","sticky":false,"template":"","format":"standard","meta":{"footnotes":""},"categories":[2817],"tags":[1111,11,4612,1997,6950,55964,615,55962,1777,674,1011,27,55961,1987,4074,3289,12,2219,7518,55963,471,55965,25,3982,3584],"class_list":{"0":"post-431792","1":"post","2":"type-post","3":"status-publish","4":"format-standard","5":"has-post-thumbnail","7":"category-bordeaux","8":"tag-actu","9":"tag-actualites","10":"tag-adversaire","11":"tag-bordeaux","12":"tag-bordelais","13":"tag-connaissent","14":"tag-coupe","15":"tag-defieront","16":"tag-eu","17":"tag-europe","18":"tag-fr","19":"tag-france","20":"tag-gambardella","21":"tag-girondins","22":"tag-jeunes","23":"tag-leur","24":"tag-news","25":"tag-nouvelle-aquitaine","26":"tag-octobre","27":"tag-perigny","28":"tag-pour","29":"tag-recevra","30":"tag-republique-francaise","31":"tag-samedi","32":"tag-tour"},"share_on_mastodon":{"url":"https:\/\/pubeurope.com\/@fr\/115300431623697601","error":""},"_links":{"self":[{"href":"https:\/\/www.europesays.com\/fr\/wp-json\/wp\/v2\/posts\/431792","targetHints":{"allow":["GET"]}}],"collection":[{"href":"https:\/\/www.europesays.com\/fr\/wp-json\/wp\/v2\/posts"}],"about":[{"href":"https:\/\/www.europesays.com\/fr\/wp-json\/wp\/v2\/types\/post"}],"author":[{"embeddable":true,"href":"https:\/\/www.europesays.com\/fr\/wp-json\/wp\/v2\/users\/2"}],"replies":[{"embeddable":true,"href":"https:\/\/www.europesays.com\/fr\/wp-json\/wp\/v2\/comments?post=431792"}],"version-history":[{"count":0,"href":"https:\/\/www.europesays.com\/fr\/wp-json\/wp\/v2\/posts\/431792\/revisions"}],"wp:featuredmedia":[{"embeddable":true,"href":"https:\/\/www.europesays.com\/fr\/wp-json\/wp\/v2\/media\/431793"}],"wp:attachment":[{"href":"https:\/\/www.europesays.com\/fr\/wp-json\/wp\/v2\/media?parent=431792"}],"wp:term":[{"taxonomy":"category","embeddable":true,"href":"https:\/\/www.europesays.com\/fr\/wp-json\/wp\/v2\/categories?post=431792"},{"taxonomy":"post_tag","embeddable":true,"href":"https:\/\/www.europesays.com\/fr\/wp-json\/wp\/v2\/tags?post=431792"}],"curies":[{"name":"wp","href":"https:\/\/api.w.org\/{rel}","templated":true}]}}