{"id":431798,"date":"2025-10-01T18:57:12","date_gmt":"2025-10-01T18:57:12","guid":{"rendered":"https:\/\/www.europesays.com\/fr\/431798\/"},"modified":"2025-10-01T18:57:12","modified_gmt":"2025-10-01T18:57:12","slug":"le-week-end-gare-deau-est-de-retour-les-11-12-octobre-2025","status":"publish","type":"post","link":"https:\/\/www.europesays.com\/fr\/431798\/","title":{"rendered":"Le week-end Gare d&rsquo;eau est de retour les 11 &#038; 12 octobre 2025"},"content":{"rendered":"<p style=\"text-align: justify;\">Les <strong>11 &amp; 12 octobre 2025,<\/strong> le<strong> week-end Gare d\u2019eau<\/strong> est <strong>de retour ! <\/strong>\u00a0Tout un <strong>programme de festivit\u00e9<\/strong> vous attendent aux<strong> abords de l\u2019eau<\/strong> et <strong>sur les flots.<\/strong><\/p>\n<p>Au programme<\/p>\n<p style=\"text-align: justify;\"><strong>Samedi 11 octobre 2025 \u00e0 19h30 \u2013 Grande Parade Fluviale Nocturne <\/strong><br \/><strong>Rendez-vous :<\/strong> rue Hegel \u00e0 Lomme\/devant l\u2019entr\u00e9e du Parc Rosa Bonheur<br \/>8 p\u00e9niches de la Gare d\u2019eau avec 8 artistes vous offrent un ballet nocturne fluvial sur la Gare d\u2019eau, mis en onde par la CieTransport Culturel Fluvial. Suivi d\u2019un DJ set aux abords de l\u2019eau avec Mehmet.A.<\/p>\n<p><strong>Dimanche 12 octobre 2025 de 11h30 \u00e0 19h \u2013 Apr\u00e8s-midi Art fluvestre et Art de rue <\/strong><br \/><strong>Rendez-vous :<\/strong> place de la Gare d\u2019eau,<\/p>\n<p style=\"text-align: justify;\"><strong>De 14h \u00e0 17h30 \u2013 Place de la Gare d\u2019Eau <\/strong><br \/><strong>\u00ab\u00a0Dans ma piscine\u00a0\u00bb \u2013 Cie EA EO \u2013 40 mn \u2013 Tous publics<\/strong><br \/>Dans un aquarium hexagonal de 2m de haut et 2m de large un jongleur fabrique des objets \u00e9ph\u00e9m\u00e8res et \u00e9tranges auxquels il donne vie en les manipulant sous l\u2019eau. <\/p>\n<p style=\"text-align: justify;\">Un combat inutile contre la gravit\u00e9 et le manque d\u2019air, gagn\u00e9 seulement pour le temps d\u2019un num\u00e9ro. Les objets tombent, nous tombons, nous devons respirer ou sinon nous mourons, mais dans le peu de temps que dure le spectacle, rien de tout cela ne sera vrai.<\/p>\n<p style=\"text-align: justify;\"> <strong>15h \u2013 Parc Rosa Bonheur <\/strong><br \/><strong>\u00ab\u00a0Prudence\u00a0\u00bb \u2013 Cie la Voute \u2013 Clown Catastrophique sur fil d\u2019\u00e9quilibre \u2013 40 min \u2013 Tous publics. <\/strong><br \/>A coup de rire et d\u2019autod\u00e9rision, Prudence embarque \u00e0 bord du Titanic dans l\u2019aventure d\u2019un pr\u00e9sent o\u00f9 rien n\u2019est grave. Elle rit et joue avec exc\u00e8s, g\u00e9n\u00e9rosit\u00e9 et extravagance. Mais sur ce fil fragile o\u00f9 tout peut basculer, qu\u2019arrivera t-il si Prudence perd la farce ? <\/p>\n<p style=\"text-align: justify;\"><strong>15h20 &amp; 17h \u2013 Rue Hegel, all\u00e9e Julie-Victoire Daubie <\/strong><br \/><strong>\u00ab\u00a0Paradis artificiels\u00a0\u00bb de la Cie Pole K \u2013 20 min \u2013 Tous Publics. <\/strong><br \/>Ballet a\u00e9rien pour trois trampolines et quatre danseurs, Paradis artificiels raconte nos r\u00eaves, nos envies et nos espoirs. Le paradis est un fou-rire, un sourire, un rire contagieux qui raconte cette fantastique esp\u00e9rance qui fait que les humains inventent, se d\u00e9passent et c\u00e9l\u00e8brent la vie. <\/p>\n<p><strong>15h45 : Rue Hegel <\/strong><br \/><strong>\u00ab\u00a0Bateau Cirque\u00a0\u00bb \u2013 Bateau Marie-Alice \u2013 Corde Lisse 6 min \u2013 Tous publics \u2013 \u00c9glantine Ducornet. <\/strong><\/p>\n<p style=\"text-align: justify;\"><strong>16h : Parc Rosa Bonheur, Rue des Saules <\/strong><br \/><strong>\u00ab\u00a0La Boutique\u00a0\u00bb \u2013 Collectif un C\u00e9tac\u00e9 \u2013 Une curiosit\u00e9 marionnettique : Vendeur d\u2019histoires pas finies pour personnes en panne d\u2019inspiration \u2013 40 min. A partir de 6 ans.<\/strong> <br \/>Bienvenue dans La Boutique. Ici, il y a un peu de tout et beaucoup de trois fois rien mais vous y trouverez forc\u00e9ment votre bonheur. <\/p>\n<p><strong>16h30 : Rue Hegel <\/strong><br \/><strong>\u00ab\u00a0Bateau Cirque\u00a0\u00bb \u2013 Bateau Marie-Alice Danse acrobatique \u2013 6 min \u2013 Tous publics. <\/strong><\/p>\n<p style=\"text-align: justify;\"><strong>16h50 : Centre du Parc Rosa Bonheur <\/strong><br \/><strong>\u00ab\u00a0Encore heureux !\u00a0\u00bb \u2013 Cie La scie du Bourgeon \u2013 (B) Danse acrobatique \u2013 30 min \u2013 \u00e0 partir de 10 ans. <\/strong><br \/>Un homme et une femme, en port\u00e9s acrobatiques, \u00e9crivent leur histoire. De la tendresse, de la jeunesse \u00e0 la fougueuse passion de la vieillesse. La Scie du Bourgeon cherche ici \u00e0 r\u00e9inventer les histoires et les langages \u00e0 travers leur technique de cirque. Dialogues et confrontations s\u2019installent pour raconter ce qui les questionne : la r\u00e9alit\u00e9 qui se plie \u00e0 mille interpr\u00e9tations. <\/p>\n<p style=\"text-align: justify;\"><strong>18h20 : Rue Hegel <\/strong><br \/><strong>La Brigade des Tubes \u2013 Concert. <\/strong><br \/>Concentr\u00e9 d\u2019\u00e9nergie musicale autour d\u2019un r\u00e9pertoire vari\u00e9 qui ne conna\u00eet pas de limites : Tout est permis ! Venez prendre plaisir \u00e0 danser , chanter et partager l\u2019ambiance festive qui se d\u00e9gage de chacune de ses repr\u00e9sentations. <\/p>\n<p style=\"text-align: justify;\"><strong>Aux abords de l\u2019eau et sur les flots : <\/strong><br \/>\u2013 pr\u00eat de barques avec l\u2019association Autour d\u2019eaux, de 14h \u00e0 17h30 : rue Hegel <br \/>\u2013 parcours histoire en direction de Lomme-Marais, avec l\u2019association Alpha-Lomme. D\u00e9parts : 11h30 \u2013 14h30 \u2013 15h30 \u2013 16h30 \u2013 17h30 : rue Hegel <br \/>\u2013 d\u00e9part en balade sur bateau \u00e0 passager \u201cLe Moussaillon\u201d : payant, voir sur-place. D\u00e9parts \u00e0 14h \u2013 15h \u2013 16h \u2013 17h : place de la Gare d\u2019eau<\/p>\n<p style=\"text-align: justify;\"><strong>Bar et restauration \u2013 \u00ab\u00a0Au plus vite\u00a0\u00bb \u2013 Rue Hegel <\/strong><strong>(devant le parc Rosa Bonheur) <\/strong><br \/>\u2013 Samedi 11 octobre 2025 de 19h \u00e0 23h <br \/>\u2013 Dimanche 12 octobre 2025 de 14h \u00e0 20h <\/p>\n<p class=\"has-text-align-right\">Source &amp; images : DR \u2013 \u00a9 Transport Fluvial Culturel<\/p>\n","protected":false},"excerpt":{"rendered":"Les 11 &amp; 12 octobre 2025, le week-end Gare d\u2019eau est de retour ! \u00a0Tout un programme de&hellip;\n","protected":false},"author":2,"featured_media":431799,"comment_status":"","ping_status":"","sticky":false,"template":"","format":"standard","meta":{"footnotes":""},"categories":[2815],"tags":[1111,11,1063,1777,674,1011,27,811,1307,12,55966,25,853,55967],"class_list":{"0":"post-431798","1":"post","2":"type-post","3":"status-publish","4":"format-standard","5":"has-post-thumbnail","7":"category-lille","8":"tag-actu","9":"tag-actualites","10":"tag-animations","11":"tag-eu","12":"tag-europe","13":"tag-fr","14":"tag-france","15":"tag-hauts-de-france","16":"tag-lille","17":"tag-news","18":"tag-parade-fluviale","19":"tag-republique-francaise","20":"tag-spectacles","21":"tag-week-end-gare-deau"},"share_on_mastodon":{"url":"https:\/\/pubeurope.com\/@fr\/115300443369673103","error":""},"_links":{"self":[{"href":"https:\/\/www.europesays.com\/fr\/wp-json\/wp\/v2\/posts\/431798","targetHints":{"allow":["GET"]}}],"collection":[{"href":"https:\/\/www.europesays.com\/fr\/wp-json\/wp\/v2\/posts"}],"about":[{"href":"https:\/\/www.europesays.com\/fr\/wp-json\/wp\/v2\/types\/post"}],"author":[{"embeddable":true,"href":"https:\/\/www.europesays.com\/fr\/wp-json\/wp\/v2\/users\/2"}],"replies":[{"embeddable":true,"href":"https:\/\/www.europesays.com\/fr\/wp-json\/wp\/v2\/comments?post=431798"}],"version-history":[{"count":0,"href":"https:\/\/www.europesays.com\/fr\/wp-json\/wp\/v2\/posts\/431798\/revisions"}],"wp:featuredmedia":[{"embeddable":true,"href":"https:\/\/www.europesays.com\/fr\/wp-json\/wp\/v2\/media\/431799"}],"wp:attachment":[{"href":"https:\/\/www.europesays.com\/fr\/wp-json\/wp\/v2\/media?parent=431798"}],"wp:term":[{"taxonomy":"category","embeddable":true,"href":"https:\/\/www.europesays.com\/fr\/wp-json\/wp\/v2\/categories?post=431798"},{"taxonomy":"post_tag","embeddable":true,"href":"https:\/\/www.europesays.com\/fr\/wp-json\/wp\/v2\/tags?post=431798"}],"curies":[{"name":"wp","href":"https:\/\/api.w.org\/{rel}","templated":true}]}}