{"id":431813,"date":"2025-10-01T19:05:20","date_gmt":"2025-10-01T19:05:20","guid":{"rendered":"https:\/\/www.europesays.com\/fr\/431813\/"},"modified":"2025-10-01T19:05:20","modified_gmt":"2025-10-01T19:05:20","slug":"larrivee-sous-controle-des-streameurs-byilhan-et-nico-a-paris-apres-24-jours-de-marche-en-direct-sur-twitch","status":"publish","type":"post","link":"https:\/\/www.europesays.com\/fr\/431813\/","title":{"rendered":"L\u2019arriv\u00e9e sous contr\u00f4le des streameurs Byilhan et Nico \u00e0 Paris, apr\u00e8s 24\u00a0jours de marche en direct sur Twitch"},"content":{"rendered":"<p>                         <img loading=\"lazy\" decoding=\"async\" src=\"https:\/\/www.europesays.com\/fr\/wp-content\/uploads\/2025\/10\/e90dc2a_upload-1-f2kxy6aaoc1z-byilhann-twitch-10-01-2025-06-20-pm.png\" alt=\"Capture d\u2019\u00e9cran du live Twitch de Byilhan, avec le streamer Nico, \u00e0 Paris, le 1er octobre 2025.\"   width=\"664\" height=\"443\"\/>    Capture d\u2019\u00e9cran du live Twitch de Byilhan, avec le streamer Nico, \u00e0 Paris, le 1er octobre 2025.  TWITCH                 <\/p>\n<p class=\"article__paragraph  \">\u00c7a devait \u00eatre son grand jour, mais Byilhan (prononcer \u00ab\u00a0Ba\u00eflane\u00a0\u00bb) se dit malgr\u00e9 tout \u00ab\u00a0un peu d\u00e9go\u00fbt\u00e9\u00a0\u00bb. Attabl\u00e9 dans un kebab de Choisy-le-Roi (Val-de-Marne), il explique \u00e0 la cam\u00e9ra, qui retransmet en direct les images sur Twitch, qu\u2019il ne pourra pas honorer le rendez-vous qu\u2019il avait fix\u00e9 \u00e0 ses fans sur les Champs-Elys\u00e9es, o\u00f9 il esp\u00e9rait \u00ab\u00a0un triomphe\u00a0\u00bb. \u00ab\u00a0D\u2019apr\u00e8s ce que j\u2019ai compris, la pr\u00e9fecture ne veut pas qu\u2019on y aille, car s\u2019il y a des attroupements, la police va couper le stream et nous amener au commissariat\u00a0\u00bb, d\u00e9taille-t-il \u00e0 ses dizaines de milliers de spectateurs, mardi 1er\u00a0octobre.<\/p>\n<p class=\"article__paragraph  \">Tout en trempant un sandwich et ses frites dans la sauce, il tente, avec son comparse Nico, d\u2019\u00e9tablir l\u2019itin\u00e9raire bis qui doit le faire traverser Paris, \u00e0 pied, jusqu\u2019\u00e0 la mairie de Levallois-Perret (Hauts-de-Seine). Ce point de rendez-vous a \u00e9t\u00e9 fix\u00e9 \u00e0 quelques minutes du si\u00e8ge de Webedia, qui g\u00e8re la r\u00e9cente carri\u00e8re de ces deux\u00a0influenceurs (Nicolas Trouv\u00e9 et Ilhan Coskun, de leur vrai nom). \u00c0 eux deux, ils cumulent sur Twitch, Instagram, YouTube et TikTok, pr\u00e8s de 9\u00a0millions d\u2019abonn\u00e9s (3,5\u00a0millions de personnes pour Nico\u00a0; 5,5\u00a0millions d\u2019abonn\u00e9s pour Byilhan).<\/p>\n<p class=\"reading-mode-only \"><strong>Il vous reste 79.65% de cet article \u00e0 lire. La suite est r\u00e9serv\u00e9e aux abonn\u00e9s.<\/strong><\/p>\n","protected":false},"excerpt":{"rendered":"Capture d\u2019\u00e9cran du live Twitch de Byilhan, avec le streamer Nico, \u00e0 Paris, le 1er octobre 2025. TWITCH&hellip;\n","protected":false},"author":2,"featured_media":431814,"comment_status":"","ping_status":"","sticky":false,"template":"","format":"standard","meta":{"footnotes":""},"categories":[1888],"tags":[1111,1928,11,1927,1777,674,1011,27,12,1926,626,1925,25],"class_list":{"0":"post-431813","1":"post","2":"type-post","3":"status-publish","4":"format-standard","5":"has-post-thumbnail","7":"category-paris","8":"tag-actu","9":"tag-actu-paris","10":"tag-actualites","11":"tag-actualites-paris","12":"tag-eu","13":"tag-europe","14":"tag-fr","15":"tag-france","16":"tag-news","17":"tag-news-paris","18":"tag-paris","19":"tag-paris-news","20":"tag-republique-francaise"},"share_on_mastodon":{"url":"https:\/\/pubeurope.com\/@fr\/115300475406429529","error":""},"_links":{"self":[{"href":"https:\/\/www.europesays.com\/fr\/wp-json\/wp\/v2\/posts\/431813","targetHints":{"allow":["GET"]}}],"collection":[{"href":"https:\/\/www.europesays.com\/fr\/wp-json\/wp\/v2\/posts"}],"about":[{"href":"https:\/\/www.europesays.com\/fr\/wp-json\/wp\/v2\/types\/post"}],"author":[{"embeddable":true,"href":"https:\/\/www.europesays.com\/fr\/wp-json\/wp\/v2\/users\/2"}],"replies":[{"embeddable":true,"href":"https:\/\/www.europesays.com\/fr\/wp-json\/wp\/v2\/comments?post=431813"}],"version-history":[{"count":0,"href":"https:\/\/www.europesays.com\/fr\/wp-json\/wp\/v2\/posts\/431813\/revisions"}],"wp:featuredmedia":[{"embeddable":true,"href":"https:\/\/www.europesays.com\/fr\/wp-json\/wp\/v2\/media\/431814"}],"wp:attachment":[{"href":"https:\/\/www.europesays.com\/fr\/wp-json\/wp\/v2\/media?parent=431813"}],"wp:term":[{"taxonomy":"category","embeddable":true,"href":"https:\/\/www.europesays.com\/fr\/wp-json\/wp\/v2\/categories?post=431813"},{"taxonomy":"post_tag","embeddable":true,"href":"https:\/\/www.europesays.com\/fr\/wp-json\/wp\/v2\/tags?post=431813"}],"curies":[{"name":"wp","href":"https:\/\/api.w.org\/{rel}","templated":true}]}}