{"id":431825,"date":"2025-10-01T19:11:10","date_gmt":"2025-10-01T19:11:10","guid":{"rendered":"https:\/\/www.europesays.com\/fr\/431825\/"},"modified":"2025-10-01T19:11:10","modified_gmt":"2025-10-01T19:11:10","slug":"guerre-a-gaza-les-palestiniens-fuient-gaza-ville-etats-unis-les-consequences-du-shutdown-afghanistan-le-retour-dinternet","status":"publish","type":"post","link":"https:\/\/www.europesays.com\/fr\/431825\/","title":{"rendered":"Guerre \u00e0 Gaza: les Palestiniens fuient Gaza-ville \/ \u00c9tats-Unis: les cons\u00e9quences du shutdown \/ Afghanistan: le retour d&rsquo;Internet&#8230;"},"content":{"rendered":"<p>\n                     Bienvenue   \u00e0   toutes   et   \u00e0   tous  si  vous   nous   rejoignez   \u00e0   l&rsquo;\u00e9coute   de RFI &#8211;  Radio   France   Internationale   en   direct   de   Paris.   Il   est   18   heures.                 <\/p>\n<p>\n                     Le   Journal  en   fran\u00e7ais   facile.                  <\/p>\n<p>\n                     Adrien  Delgrange.                 <\/p>\n<p>\n                     Nous   sommes   le   1\u1d49\u02b3   octobre.                  <\/p>\n<p>\n                     Au   sommaire   de   cette   \u00e9dition :                 <\/p>\n<p>\n                     La  guerre   \u00e0   Gaza.   Derni\u00e8re   occasion   pour   les   habitants   de   Gaza-ville  de   se   d\u00e9placer   au   sud.   C&rsquo;est   l&rsquo;ultime,   le   dernier   avertissement   lanc\u00e9   par   Isra\u00ebl.                  <\/p>\n<p>\n                     Dans   ce   journal,  aussi,  nous   nous   pencherons   sur   les   cons\u00e9quences   du   shutdown.   L&rsquo;administration  am\u00e9ricaine   est   \u00e0   l&rsquo;arr\u00eat.                  <\/p>\n<p>\n                     Internet  est   revenu  en   Afghanistan.   Sc\u00e8nes   de   joie   dans   les   rues   de   Kaboul.                  <\/p>\n<p>\n                     Un   dernier   mot   de   sport.  Football :  Bar\u00e7a &#8211;  PSG,  ce   soir,  \u00e0   vivre   sur   Radio   France   Internationale.                 <\/p>\n<p>\n                     Isra\u00ebl   lance   un   dernier   appel   aux   habitants   de   Gaza-ville   pour   qu&rsquo;ils   quittent   leurs   habitations   et   partent   vers   le   sud   de   l&rsquo;enclave.   Ce   qui   n&#8217;emp\u00eache   pas   l&rsquo;arm\u00e9e   isra\u00e9lienne   de   bombarder,  encore,  Gaza.   Les   autorit\u00e9s   gazaouies  indiquent   qu&rsquo;au   moins 46  personnes   ont   \u00e9t\u00e9   tu\u00e9es,  aujourd&rsquo;hui,  par   des   frappes   isra\u00e9liennes   \u00e0   travers   le   territoire   palestinien.   Pendant   ce   temps-l\u00e0,  aussi,   le   Hamas   \u00e9tudie   toujours   le   plan   de   paix   propos\u00e9   par   le   pr\u00e9sident   am\u00e9ricain,  il   y   a   maintenant   deux   jours.   Alors,  pour   rappel,   ce   plan   pr\u00e9voit   un   cessez-le-feu,  la   lib\u00e9ration   des   otages,   le   d\u00e9sarmement   du   Hamas,   le   retrait   progressif   de   l&rsquo;arm\u00e9e   isra\u00e9lienne   et puis,  enfin,  l&rsquo;installation   de   ce   qu&rsquo;on   appelle   une   autorit\u00e9   internationale   de   transition.   Mais   comment   les   Gazaouis   r\u00e9agissent-ils  \u00e0   cette   initiative   am\u00e9ricaine ?  Rami   El Meghari,  pour   RFI,   a   rencontr\u00e9   des   habitants   qui   vivent   dans   le   centre   de   la   bande   de   Gaza.                  <\/p>\n<p>\n                     Pr\u00e8s   du   camp   de   d\u00e9plac\u00e9s   de   Meghazi,  personne  ne   croit   vraiment   au   plan   de   paix   am\u00e9ricain.  Um  Mohammed   a   trois   gar\u00e7ons.   Elle   esp\u00e8re   \u00eatre   \u00e9vacu\u00e9e   bient\u00f4t   de   la   bande   de   Gaza,   car   elle   souffre   d&rsquo;un   cancer.   Elle   assure   que,   comme   elle,   la   population   est   \u00e0   bout   et   demande   une   issue.   La   direction   du   Hamas,  dit-elle,  ne   ressent   pas   ce   que   vivent   ici   les   gens,  qui   souffrent   de   la   faim   et   des   privations.   Moyyedi  est   un   marchand   de   fruits   et   l\u00e9gumes.   Il   lance   un   appel   direct   au   mouvement   islamiste.                  <\/p>\n<p>\n                     \u00ab Mon  message   est   simple :  sauvez-nous,  \u00e0   n&rsquo;importe   quel   prix. \u00bb                 <\/p>\n<p>\n                     Mahmoud,   volontaire   au   Croissant-Rouge,  est   encore   plus   pessimiste.                  <\/p>\n<p>\n                     \u00ab Qu&rsquo;ils  rendent   les   otages   ou   pas,   ce   sera   le   m\u00eame   r\u00e9sultat.   Le   Hamas   finira   par   dispara\u00eetre.   Ce   \u00e0   quoi   je   m&rsquo;attends,   c&rsquo;est   le   transfert   forc\u00e9   de   toute   la   bande   de   Gaza. \u00bb                 <\/p>\n<p>\n                     Le   Hamas   ne   d\u00e9posera   pas   les   armes,   assure   Abdallah.   Le   pharmacien   craint   surtout   que   l&rsquo;enclave   palestinienne   devienne   encore   un   peu   plus   une   zone   de   chaos.   Rami   El Meghari  dans   la   bande   de   Gaza,  Fr\u00e9d\u00e9rique   Misslin,  J\u00e9rusalem,  RFI.                  <\/p>\n<p>\n                     L&rsquo;actualit\u00e9,  \u00e0   pr\u00e9sent,  en   \u00c9quateur,  o\u00f9   nous   apprenons   que   tous   les   militaires   retenus   en   otage   par   des   manifestants   indig\u00e8nes   viennent   d&rsquo;\u00eatre   lib\u00e9r\u00e9s.   Les   16  derniers   soldats   \u00e9quatoriens,   priv\u00e9s   de   libert\u00e9   depuis   dimanche,  lors   de   manifestations   de   la   communaut\u00e9   indig\u00e8ne \u2013  manifestations  contre   la   hausse   du   prix   des   carburants \u2013,  sont,  d\u00e9sormais,  libres,   vient   d&rsquo;annoncer   le   ministre   de   la   D\u00e9fense   en   \u00c9quateur.                 <\/p>\n<p>\n                     L&rsquo;actualit\u00e9   aux   \u00c9tats-Unis  et   les   cons\u00e9quences   du   shutdown.   L&rsquo;administration  am\u00e9ricaine   mise  en   pause.   Plusieurs   centaines   de   milliers   de   fonctionnaires   vont   \u00eatre   mis   au   ch\u00f4mage   technique.   C&rsquo;est   ce   qu&rsquo;on   appelle   le   shutdown.   Du   jamais-vu  depuis   sept   ans.   Depuis   minuit  heure   de   Washington,   la   plupart   des   services   publics   am\u00e9ricains   sont   \u00e0   l&rsquo;arr\u00eat,  car   les   \u00e9lus   au   Congr\u00e8s   n&rsquo;ont   pas   r\u00e9ussi   \u00e0   voter   le   budget.   Les   r\u00e9publicains  et   les   d\u00e9mocrates   ne   se   sont   pas   mis   d&rsquo;accord.   Alors,   parmi   les   nombreuses   r\u00e9percussions,   int\u00e9ressons-nous  \u00e0   la   sant\u00e9.   L&rsquo;acc\u00e8s   aux   soins.   T\u00e9moignage   de   Jennifer   Ambler.  Elle   a   42   ans.   Elle   est   d\u00e9mocrate.   Elle   vit   pr\u00e8s   d&rsquo;Atlanta,   en   G\u00e9orgie.   Elle   est   inqui\u00e8te.                  <\/p>\n<p>\n                     \u00ab Je  devrai  s\u00fbrement   payer   une   somme   consid\u00e9rable   en   plus.   Peut-\u00eatre   1\u202f000 dollars  par   an   en   plus.   Actuellement,   je   paye   quelques   centaines   de   dollars   par   mois   pour   une   assurance   sant\u00e9.   C&rsquo;est   tr\u00e8s   important   pour   moi   d&rsquo;en   avoir   une,   surtout   maintenant   que   j&rsquo;ai   l&rsquo;\u00e2ge   que   j&rsquo;ai.   Je   trouverai   un   moyen   pour   la   payer.   Je   devrai  revoir   mon   budget.   J&rsquo;\u00e9pargnerai   peut-\u00eatre  moins   pour   la   retraite.  Je  mangerai   peut-\u00eatre  moins   dehors   ou   je   ne   voyagerai   pas   l&rsquo;ann\u00e9e   prochaine.   Je   trouverai   un   moyen,   mais   \u00e7a   sera   une   pression   sur   mon   budget.   Devoir   trouver   1\u202f000 dollars  en   plus,   c&rsquo;est   beaucoup   d&rsquo;argent.  Mais  \u00e7a   ira   pour   moi.   Je   fais   partie   de   la   classe   moyenne   et   certains   ne   payeront   pas   tant   d&rsquo;argent   que   \u00e7a   en   plus,   car   ils   sont   assez   pauvres.   Mais,  m\u00eame   si   \u00e7a   augmente   de   300 dollars  par   an  pour   eux,   c&rsquo;est   toujours   beaucoup   d&rsquo;argent. \u00bb                 <\/p>\n<p>\n                     T\u00e9moignage   recueilli   par   Edward  Maille.                  <\/p>\n<p>\n                     Parmi   les   autres   cons\u00e9quences   de   ce   shutdown,  l&rsquo;AGOA \u2013  l&rsquo;accord   de   tarifs   pr\u00e9f\u00e9rentiels   des   \u00c9tats-Unis  avec   l&rsquo;Afrique \u2013  n&rsquo;a   pas   \u00e9t\u00e9   renouvel\u00e9.   Il   a   donc   expir\u00e9.   Il   a   pris   fin   ce   1\u1d49\u02b3   octobre.   L&rsquo;accord  concernait   1 800  produits   dans   une   trentaine   d&rsquo;\u00c9tats  africains.   L&rsquo;arr\u00eat   officiel   de   l&rsquo;AGOA  devrait   entra\u00eener   une   nouvelle   hausse   des   prix.                 <\/p>\n<p>\n                     Toujours  sur   le   continent   africain,  cet  accident   mortel   en  \u00c9thiopie.  Au  moins   36   personnes   ont   \u00e9t\u00e9   tu\u00e9es   et   plus   de   200   autres   bless\u00e9es,  victimes  lors   de   travaux   de   construction   d&rsquo;une   \u00e9glise.   \u00c7a   s&rsquo;est   pass\u00e9   dans   la   ville   d&rsquo;Arerti,  \u00e0   environ   70   kilom\u00e8tres   \u00e0   l&rsquo;est  de   la   capitale,  Addis-Abeba.   Un   \u00e9chafaudage   s&rsquo;est   effondr\u00e9   sur   des   personnes   qui   venaient   visiter   le   chantier   de   l&rsquo;\u00e9glise.                  <\/p>\n<p>\n                     Le   Journal  en   fran\u00e7ais   facile.                  <\/p>\n<p>\n                     L&rsquo;Afghanistan,  o\u00f9   Internet   et   le   t\u00e9l\u00e9phone   mobile   r\u00e9tablis,  depuis   quelques   heures,  dans   plusieurs   provinces   du   pays,   dont   Kaboul,   la   capitale,   ce   qui   a   suscit\u00e9   des   sc\u00e8nes   de   joie.   48   heures  apr\u00e8s   cette   coupure   nationale   d\u00e9cid\u00e9e   par   le   gouvernement   taliban,  des  centaines   d&rsquo;Afghans   ont   d\u00e9cid\u00e9   de   descendre, notamment  dans   les   rues   de   Kaboul,   o\u00f9   les   automobilistes   se   sont   mis   \u00e0   klaxonner.                  <\/p>\n<p>\n                     L&rsquo;actualit\u00e9   en   France   et   ces  trois   lettres :  AME,  pour  aide  m\u00e9dicale   d&rsquo;\u00c9tat.   Ce   dispositif   permet,  notamment,  aux   personnes   en   situation   irr\u00e9guli\u00e8re   d&rsquo;avoir   acc\u00e8s   \u00e0   un   minimum   de   soins.   Dans   son   rapport   annuel,   l&rsquo;ONG   M\u00e9decins   du   Monde   attire,  notamment,  l&rsquo;attention   sur   l&rsquo;acc\u00e8s   de   l&rsquo;aide   m\u00e9dicale   d&rsquo;\u00c9tat,   car   la   majorit\u00e9   des   hommes   et   femmes   qui   peuvent   en   b\u00e9n\u00e9ficier   ne   l&rsquo;utilisent   pas,  faute  d&rsquo;information.   Reportage   d&rsquo;Am\u00e9lie   Beaucour  dans   un   centre   d&rsquo;accueil   \u00e0   Paris   tenu   par   M\u00e9decins   du   Monde.                  <\/p>\n<p>\n                     \u00ab  C&rsquo;est  pas   parce   que   vous   \u00eates   en   situation   irr\u00e9guli\u00e8re   que   vous   avez   d&rsquo;office   droit   \u00e0   l&rsquo;AME.  \u00bb  Dans   quelques   jours,   la   carte   AME  de   Christian,   suivi   pour   des   probl\u00e8mes   de   sant\u00e9,   va   expirer.  Mais  la   demande   de   renouvellement   le   d\u00e9sar\u00e7onne.                  <\/p>\n<p>\n                     \u00ab \u00c7a  peut \u00eatre  compliqu\u00e9. J&rsquo;ai cherch\u00e9  des  assistantes   sociales  pour  m&rsquo;aider. \u00bb                 <\/p>\n<p>\n                     Pour   contourner   la   barri\u00e8re   linguistique   et   le   manque   d&rsquo;information   sur   les   justificatifs   \u00e0   fournir,   Christina,   accueillante   sociale   \u00e0   M\u00e9decins   du   Monde,   rassure   et   reprend   la   proc\u00e9dure   depuis   le   d\u00e9but.                  <\/p>\n<p>\n                     \u00ab Les  conditions,   c&rsquo;est   d\u00e9j\u00e0   avoir   une   pi\u00e8ce   d&rsquo;identit\u00e9.   Et   puis   justifier   de   trois   mois   de   pr\u00e9sence   sur   le   territoire   fran\u00e7ais et  justifier   des   ressources   qui   font   moins   de   10 000  euros  l&rsquo;ann\u00e9e.   Et   puis   une   adresse   pour   recevoir   le   courrier.                  <\/p>\n<p>\n                     \u2013 C&rsquo;est  au   black   que   vous   travaillez ?                 <\/p>\n<p>\n                     \u2013 Oui.                 <\/p>\n<p>\n                     \u2013 Ok. Et,  du   coup,   dans   le   mois,   vous   gagnez   combien au moins ?                 <\/p>\n<p>\n                     \u2013 300,  400 euros.                 <\/p>\n<p>\n                     Parmi   ceux   qui   se   pr\u00e9sentent   aux   permanences   de   sant\u00e9   de   l&rsquo;ONG,  neuf  personnes   sur   dix   \u00e9ligibles   \u00e0   l&rsquo;AME  n&rsquo;ont   pas   de   droits   ouverts.                  <\/p>\n<p>\n                     \u00ab Plusieurs  personnes   ne   savent   pas   que   l&rsquo;AME  existe.   Je   viens   m\u00eame   d&rsquo;avoir   une   personne   qui   est   l\u00e0   depuis   2024   et   qui   n&rsquo;a   jamais   fait   de   demande d&rsquo;AME. \u00bb                 <\/p>\n<p>\n                     Christian   devra,  ensuite,  d\u00e9poser   le   dossier   physiquement   \u00e0   la   Caisse   primaire   d&rsquo;assurance   maladie.   Mais,  comme   le   r\u00e9v\u00e8le   l&rsquo;enqu\u00eate   de   M\u00e9decins   du   Monde,   chaque   agence   a   des   modalit\u00e9s   de   d\u00e9p\u00f4t   diff\u00e9rentes.   Un   frein   suppl\u00e9mentaire   qui   fait   renoncer   les   personnes   \u00e0   qui   l&rsquo;AME  est   destin\u00e9e.                  <\/p>\n<p>\n                     Reportage   RFI   sign\u00e9   Am\u00e9lie   Beaucour.                 <\/p>\n<p>\n                     Un   dernier   mot   de   sport,  de   football,  la  plus   prestigieuse   des   comp\u00e9titions   europ\u00e9ennes,  la   Ligue   des   champions.  Avec,  ce   soir,  la   suite   de   la   deuxi\u00e8me   journ\u00e9e   de   la   phase   de   ligue.   Et   ce   choc   qui   va   nous   faire   saliver,  ce   soir,   entre   le   FC   Barcelone   et   le   Paris   Saint-Germain.  Le  club   parisien,  tout   frais   champion   d&rsquo;Europe,   s&rsquo;en   va   d\u00e9fier   la   l\u00e9gendaire   et   redoutable   \u00e9quipe   espagnole.   Avant   ce   match,  qui   sera   retransmis,  ce   soir,  sur   les   antennes   de RFI,  quelques   mots   de   Luis   Enrique,   l&rsquo;actuel   entra\u00eeneur   du   PSG.                  <\/p>\n<p>\n                     \u00ab Tu  pourrais   avoir   des   excuses   ou   des   r\u00e9sultats.  Et  nous   cherchons   d&rsquo;avoir  des   r\u00e9sultats.   N&rsquo;importe,  quels  que   soient  les   joueurs,   on   va   pr\u00e9parer   le   match   de   la   mani\u00e8re  comme   d&rsquo;habitude,   pour   chercher   de   gagner   le   match. \u00bb                 <\/p>\n<p>\n                     Luis   Enrique.  Par  ailleurs,   peut-\u00eatre  comme   vous,   fid\u00e8le   du   Journal  en   fran\u00e7ais   facile,  puisqu&rsquo;il   nous   suit,  notamment   sur   notre   compte   Instagram.  Bar\u00e7a &#8211; PSG :  un  match   \u00e0   suivre   en   int\u00e9gralit\u00e9,  ce   soir,  sur   Radio   France   Internationale.   Prise d&rsquo;antenne  18   h   50   temps  universel.   Et   nous   jetterons   aussi,  \u00e9galement,  un   coup   d&rsquo;\u0153il   sur   un   autre   match,   notamment   Monaco &#8211;  Manchester   City.                  <\/p>\n<p>\n                     O\u00f9   que   vous   soyez   sur   la   plan\u00e8te,  merci  de   nous   \u00e9couter.                  <\/p>\n","protected":false},"excerpt":{"rendered":"Bienvenue \u00e0 toutes et \u00e0 tous si vous nous rejoignez \u00e0 l&rsquo;\u00e9coute de RFI &#8211; Radio France Internationale&hellip;\n","protected":false},"author":2,"featured_media":431826,"comment_status":"","ping_status":"","sticky":false,"template":"","format":"standard","meta":{"footnotes":""},"categories":[1589],"tags":[47,11,10343,33,73,1866,3535,10342,12,71,517,1864,1865,1863,308],"class_list":{"0":"post-431825","1":"post","2":"type-post","3":"status-publish","4":"format-standard","5":"has-post-thumbnail","7":"category-etats-unis","8":"tag-actualite","9":"tag-actualites","10":"tag-all","11":"tag-economie","12":"tag-etats-unis","13":"tag-etats-unis-damerique","14":"tag-geopolitique","15":"tag-journal-en-francais-facile","16":"tag-news","17":"tag-sante","18":"tag-sport","19":"tag-united-states","20":"tag-united-states-of-america","21":"tag-us","22":"tag-usa"},"share_on_mastodon":{"url":"https:\/\/pubeurope.com\/@fr\/115300498465576344","error":""},"_links":{"self":[{"href":"https:\/\/www.europesays.com\/fr\/wp-json\/wp\/v2\/posts\/431825","targetHints":{"allow":["GET"]}}],"collection":[{"href":"https:\/\/www.europesays.com\/fr\/wp-json\/wp\/v2\/posts"}],"about":[{"href":"https:\/\/www.europesays.com\/fr\/wp-json\/wp\/v2\/types\/post"}],"author":[{"embeddable":true,"href":"https:\/\/www.europesays.com\/fr\/wp-json\/wp\/v2\/users\/2"}],"replies":[{"embeddable":true,"href":"https:\/\/www.europesays.com\/fr\/wp-json\/wp\/v2\/comments?post=431825"}],"version-history":[{"count":0,"href":"https:\/\/www.europesays.com\/fr\/wp-json\/wp\/v2\/posts\/431825\/revisions"}],"wp:featuredmedia":[{"embeddable":true,"href":"https:\/\/www.europesays.com\/fr\/wp-json\/wp\/v2\/media\/431826"}],"wp:attachment":[{"href":"https:\/\/www.europesays.com\/fr\/wp-json\/wp\/v2\/media?parent=431825"}],"wp:term":[{"taxonomy":"category","embeddable":true,"href":"https:\/\/www.europesays.com\/fr\/wp-json\/wp\/v2\/categories?post=431825"},{"taxonomy":"post_tag","embeddable":true,"href":"https:\/\/www.europesays.com\/fr\/wp-json\/wp\/v2\/tags?post=431825"}],"curies":[{"name":"wp","href":"https:\/\/api.w.org\/{rel}","templated":true}]}}