{"id":431829,"date":"2025-10-01T19:13:18","date_gmt":"2025-10-01T19:13:18","guid":{"rendered":"https:\/\/www.europesays.com\/fr\/431829\/"},"modified":"2025-10-01T19:13:18","modified_gmt":"2025-10-01T19:13:18","slug":"en-allemagne-le-combat-dune-ville-contre-les-neo-nazis-2","status":"publish","type":"post","link":"https:\/\/www.europesays.com\/fr\/431829\/","title":{"rendered":"En Allemagne, le combat d&rsquo;une ville contre les n\u00e9o-nazis"},"content":{"rendered":"<p>\n                                                L\u2019ascension du parti d\u2019extr\u00eame droite AFD, en Allemagne, n\u2019a plus besoin d\u2019\u00eatre confirm\u00e9e. Apr\u00e8s \u00eatre arriv\u00e9e en deuxi\u00e8me position aux derni\u00e8res l\u00e9gislative en f\u00e9vrier 2025 avec pr\u00e8s de 21% des voix, la formation a op\u00e9r\u00e9 une belle perc\u00e9e mi-septembre. Lors des municipales dans un des l\u00e4nder les plus peupl\u00e9s de l\u2019ouest du pays, elle a comptabilis\u00e9 15% de bulletins de vote.\u00a0Mais d\u2019autres d\u00e9mons viennent bouleverser le pays.\u00a0                    <\/p>\n<p>\u00c0 Spremberg, une petite ville de l\u2019Est, proche de la fronti\u00e8re polonaise, des croix gamm\u00e9es ont fait leur apparition sur le mobilier urbain, des \u00e9l\u00e8ves font le salut nazi. \u00c0 tel point que la maire tire la sonnette d\u2019alarme et demande des solutions \u00e0 long terme. C\u2019est le reportage de notre correspondante <strong><a target=\"_self\" href=\"https:\/\/www.rfi.fr\/fr\/auteur\/delphine-nerbollier\/\" rel=\"noopener\">Delphine Nerbollier<\/a>.\u00a0<\/strong>\u00a0\u00a0<\/p>\n<p>\u00a0<\/p>\n<p> <strong>L&rsquo;inqui\u00e9tant succ\u00e8s des cagnottes de sant\u00e9 en Pologne<\/strong> <\/p>\n<p>Est-ce le sympt\u00f4me d\u2019un syst\u00e8me de sant\u00e9 qui va mal, et qui est en tout cas sous-financ\u00e9 par rapport \u00e0 la moyenne europ\u00e9enne. En tout cas, les cagnottes de sant\u00e9 sont tr\u00e8s populaires en Pologne. Les campagnes sur internet pour trouver des financements pour des soins priv\u00e9s, souvent pour des maladies rares se multiplient.\u00a0Mais ces campagnes, dont on a d\u2019ailleurs beaucoup parl\u00e9 lors de la derni\u00e8re pr\u00e9sidentielle, manquent de contr\u00f4le et parfois de pertinence scientifique. C\u2019est le reportage de notre correspondant <strong><a target=\"_self\" href=\"https:\/\/www.rfi.fr\/fr\/auteur\/adrien-sarlat\/\" rel=\"noopener\">Adrien Sarlat<\/a>.\u00a0<\/strong><\/p>\n<p>\u00a0<\/p>\n<p> <strong>La Su\u00e8de sur ordonnance&#8230;<\/strong> <\/p>\n<p>C\u2019est l\u2019id\u00e9e pas si saugrenue de l\u2019industrie touristique du royaume, qui se base sur des \u00e9tudes tr\u00e8s scientifiques issues de l\u2019Organisation mondiale de la sant\u00e9. Le royaume scandinave, et ses atouts tant g\u00e9ographiques que culturels, est bon pour le corps et pour le moral&#8230; Les prescriptions natures font d\u00e9sormais partie des outils disponibles pour les m\u00e9decins, m\u00eame si elles ne sont pas rembours\u00e9es par la S\u00e9curit\u00e9 sociale. \u00c0 Stockholm, les explications de notre correspondante <strong><a target=\"_self\" href=\"https:\/\/www.rfi.fr\/fr\/auteur\/ottilia-ferey\/\" rel=\"noopener\">Ottilia Ferey<\/a>.\u00a0\u00a0<\/strong><\/p>\n<p>\u00a0<\/p>\n<p> <strong>La chronique musique de Vincent Th\u00e9val<\/strong> <\/p>\n<p>Boko Yout, un jeune musicien su\u00e9dois et ses compositions afro grunge.\u00a0<\/p>\n","protected":false},"excerpt":{"rendered":"L\u2019ascension du parti d\u2019extr\u00eame droite AFD, en Allemagne, n\u2019a plus besoin d\u2019\u00eatre confirm\u00e9e. Apr\u00e8s \u00eatre arriv\u00e9e en deuxi\u00e8me&hellip;\n","protected":false},"author":2,"featured_media":431443,"comment_status":"","ping_status":"","sticky":false,"template":"","format":"standard","meta":{"footnotes":""},"categories":[1587],"tags":[2361,11,672,1804,1805,1803,1777,674,1801,12,1802],"class_list":{"0":"post-431829","1":"post","2":"type-post","3":"status-publish","4":"format-standard","5":"has-post-thumbnail","7":"category-allemagne","8":"tag-accents-deurope","9":"tag-actualites","10":"tag-allemagne","11":"tag-bundesrepublik-deutschland","12":"tag-de","13":"tag-deutschland","14":"tag-eu","15":"tag-europe","16":"tag-germany","17":"tag-news","18":"tag-republique-federale-dallemagne"},"share_on_mastodon":{"url":"https:\/\/pubeurope.com\/@fr\/115300506358065149","error":""},"_links":{"self":[{"href":"https:\/\/www.europesays.com\/fr\/wp-json\/wp\/v2\/posts\/431829","targetHints":{"allow":["GET"]}}],"collection":[{"href":"https:\/\/www.europesays.com\/fr\/wp-json\/wp\/v2\/posts"}],"about":[{"href":"https:\/\/www.europesays.com\/fr\/wp-json\/wp\/v2\/types\/post"}],"author":[{"embeddable":true,"href":"https:\/\/www.europesays.com\/fr\/wp-json\/wp\/v2\/users\/2"}],"replies":[{"embeddable":true,"href":"https:\/\/www.europesays.com\/fr\/wp-json\/wp\/v2\/comments?post=431829"}],"version-history":[{"count":0,"href":"https:\/\/www.europesays.com\/fr\/wp-json\/wp\/v2\/posts\/431829\/revisions"}],"wp:featuredmedia":[{"embeddable":true,"href":"https:\/\/www.europesays.com\/fr\/wp-json\/wp\/v2\/media\/431443"}],"wp:attachment":[{"href":"https:\/\/www.europesays.com\/fr\/wp-json\/wp\/v2\/media?parent=431829"}],"wp:term":[{"taxonomy":"category","embeddable":true,"href":"https:\/\/www.europesays.com\/fr\/wp-json\/wp\/v2\/categories?post=431829"},{"taxonomy":"post_tag","embeddable":true,"href":"https:\/\/www.europesays.com\/fr\/wp-json\/wp\/v2\/tags?post=431829"}],"curies":[{"name":"wp","href":"https:\/\/api.w.org\/{rel}","templated":true}]}}