{"id":431838,"date":"2025-10-01T19:18:20","date_gmt":"2025-10-01T19:18:20","guid":{"rendered":"https:\/\/www.europesays.com\/fr\/431838\/"},"modified":"2025-10-01T19:18:20","modified_gmt":"2025-10-01T19:18:20","slug":"les-violations-des-droits-de-lhomme-en-france-examinees-au-bureau-de-lonu-a-geneve","status":"publish","type":"post","link":"https:\/\/www.europesays.com\/fr\/431838\/","title":{"rendered":"Les violations des droits de l\u2019homme en France examin\u00e9es au Bureau de l\u2019ONU \u00e0 Gen\u00e8ve"},"content":{"rendered":"<p>AA \/ Istanbul \/ Ben Amed Azize Zougmore<\/p>\n<p>Lors d\u2019un programme organis\u00e9 au Bureau des Nations Unies (ONU) \u00e0 Gen\u00e8ve, les violations des droits de l\u2019homme en France ont \u00e9t\u00e9 discut\u00e9es dans le cadre de la 60\u1d49 session du Conseil des droits de l\u2019homme. La conf\u00e9rence, intitul\u00e9e \u00ab Les droits de l\u2019homme en France \u00bb, \u00e9tait organis\u00e9e par le Conseil international pour la justice, l\u2019\u00e9galit\u00e9 et la paix (COJEP).<\/p>\n<p>Ali Gedikoglu, pr\u00e9sident du COJEP, a rappel\u00e9 \u00e0 Anadolu que l&rsquo;organisation qu&rsquo;il pr\u00e9side intervient r\u00e9guli\u00e8rement depuis les ann\u00e9es 2000 au Conseil des droits de l\u2019homme de l\u2019ONU et sur d\u2019autres plateformes pour d\u00e9noncer les violations des droits fondamentaux. <\/p>\n<p>\u00ab Dans le pass\u00e9, nous avons mis \u00e0 l\u2019ordre du jour les violations des droits de l\u2019homme en Bosnie, en Palestine et en Tch\u00e9tch\u00e9nie, ainsi que le racisme, la discrimination et l\u2019islamophobie en Europe. Nous continuons \u00e0 le faire \u00bb, a-t-il indiqu\u00e9.<\/p>\n<p>Gedikoglu a soulign\u00e9 qu\u2019en France, de nouvelles lois inspir\u00e9es notamment de la loi de 2021 dite \u00ab des musulmans s\u00e9paratistes \u00bb restreignent gravement les libert\u00e9s et ciblent particuli\u00e8rement les personnes issues de l\u2019immigration et de confession musulmane. <\/p>\n<p>Selon lui, la libert\u00e9 de religion et de conscience est de plus en plus menac\u00e9e en Europe depuis le 11 septembre, tandis que racisme et islamophobie progressent. \u00ab M\u00eame les activit\u00e9s sociales ou solidaires des femmes musulmanes sont parfois criminalis\u00e9es au nom de la lutte contre le financement du terrorisme \u00bb, a-t-il d\u00e9nonc\u00e9.<\/p>\n<p>Dans le cadre du programme, les politologues fran\u00e7ais Fran\u00e7ois Burgat et Saban Kiper, sp\u00e9cialistes du monde arabe, ont pr\u00e9sent\u00e9 leurs analyses sur les difficult\u00e9s rencontr\u00e9es par les musulmans et les migrants en France.<\/p>\n<p>Invit\u00e9 par COJEP, Fran\u00e7ois Burgat a livr\u00e9 un constat s\u00e9v\u00e8re sur l\u2019\u00e9volution du climat politique fran\u00e7ais. Selon lui, \u00ab la loi de 2021 avait d\u00e9j\u00e0 fonctionn\u00e9 avant d\u2019\u00eatre adopt\u00e9e \u00bb, rappelant que la dissolution du Collectif contre l\u2019islamophobie en France (CCIF) avait marqu\u00e9 un tournant. Il estime que les ann\u00e9es suivantes ont \u00e9t\u00e9 marqu\u00e9es par une \u00ab cascade de mesures \u00bb visant associations, structures \u00e9ducatives et m\u00eame maisons d\u2019\u00e9dition musulmanes.<\/p>\n<p>Le chercheur a \u00e9galement reli\u00e9 cette dynamique au soutien de la France \u00e0 Isra\u00ebl, affirmant que \u00ab la matrice du soutien \u00e0 Isra\u00ebl par une majorit\u00e9 des partis politiques, c\u2019est l\u2019islamophobie \u00bb. <\/p>\n<p>Pour Burgat, il ne s\u2019agit pas d\u2019une \u00ab guerre des religions \u00bb, mais d\u2019une r\u00e9action postcoloniale : la soci\u00e9t\u00e9 fran\u00e7aise refuserait que la quatri\u00e8me g\u00e9n\u00e9ration issue de l\u2019immigration musulmane s\u2019exprime sur un pied d\u2019\u00e9galit\u00e9 avec les autres citoyens.<\/p>\n<p>Tout en notant l\u2019\u00e9mergence d\u2019une parole publique musulmane plus affirm\u00e9e et mieux outill\u00e9e sur le plan culturel et social, Burgat observe que cette avanc\u00e9e d\u00e9mocratique reste fragilis\u00e9e par un climat politique marqu\u00e9 par l\u2019emprise croissante du discours d\u2019extr\u00eame droite. Les th\u00e9matiques islamophobes, autrefois cantonn\u00e9es au Rassemblement national, se seraient diffus\u00e9es dans une large partie de l\u2019\u00e9chiquier politique, y compris \u00e0 gauche.<\/p>\n<p>Un constat qui nourrit son pessimisme : \u00ab Pour l\u2019instant, je suis pessimiste \u00bb, conclut-il, tout en esp\u00e9rant \u00eatre d\u00e9menti \u00e0 moyen ou long terme par l\u2019\u00e9mergence d\u2019une contre-tendance id\u00e9ologique forte.<\/p>\n<p>                            &#13;<br \/>\n                                <a href=\"https:\/\/www.aa.com.tr\/fr\/p\/abonnement\/1001\" target=\"_blank\" style=\"font-size:12px; color:#444; text-decoration:none;\" rel=\"nofollow noopener\">&#13;<br \/>\n                                    Seulement une partie des d\u00e9p\u00eaches, que l&rsquo;Agence Anadolu diffuse \u00e0 ses abonn\u00e9s via le Syst\u00e8me de Diffusion interne (HAS), est diffus\u00e9e sur le site de l&rsquo;AA, de mani\u00e8re r\u00e9sum\u00e9e. <b style=\"color:#1897F7\">Contactez-nous s&rsquo;il vous pla\u00eet pour vous abonner.<\/b>&#13;<br \/>\n                                <\/a>&#13;<\/p>\n","protected":false},"excerpt":{"rendered":"AA \/ Istanbul \/ Ben Amed Azize Zougmore Lors d\u2019un programme organis\u00e9 au Bureau des Nations Unies (ONU)&hellip;\n","protected":false},"author":2,"featured_media":431839,"comment_status":"","ping_status":"","sticky":false,"template":"","format":"standard","meta":{"footnotes":""},"categories":[4],"tags":[11,55968,1785,55969,1011,55970,27,12,25,55971],"class_list":{"0":"post-431838","1":"post","2":"type-post","3":"status-publish","4":"format-standard","5":"has-post-thumbnail","7":"category-france","8":"tag-actualites","9":"tag-ali-gedikoglu","10":"tag-anadolu-ajansi","11":"tag-cojep","12":"tag-fr","13":"tag-franois-burgat","14":"tag-france","15":"tag-news","16":"tag-republique-francaise","17":"tag-violations-des-droits-de-lhomme"},"share_on_mastodon":{"url":"https:\/\/pubeurope.com\/@fr\/115300526041872587","error":""},"_links":{"self":[{"href":"https:\/\/www.europesays.com\/fr\/wp-json\/wp\/v2\/posts\/431838","targetHints":{"allow":["GET"]}}],"collection":[{"href":"https:\/\/www.europesays.com\/fr\/wp-json\/wp\/v2\/posts"}],"about":[{"href":"https:\/\/www.europesays.com\/fr\/wp-json\/wp\/v2\/types\/post"}],"author":[{"embeddable":true,"href":"https:\/\/www.europesays.com\/fr\/wp-json\/wp\/v2\/users\/2"}],"replies":[{"embeddable":true,"href":"https:\/\/www.europesays.com\/fr\/wp-json\/wp\/v2\/comments?post=431838"}],"version-history":[{"count":0,"href":"https:\/\/www.europesays.com\/fr\/wp-json\/wp\/v2\/posts\/431838\/revisions"}],"wp:featuredmedia":[{"embeddable":true,"href":"https:\/\/www.europesays.com\/fr\/wp-json\/wp\/v2\/media\/431839"}],"wp:attachment":[{"href":"https:\/\/www.europesays.com\/fr\/wp-json\/wp\/v2\/media?parent=431838"}],"wp:term":[{"taxonomy":"category","embeddable":true,"href":"https:\/\/www.europesays.com\/fr\/wp-json\/wp\/v2\/categories?post=431838"},{"taxonomy":"post_tag","embeddable":true,"href":"https:\/\/www.europesays.com\/fr\/wp-json\/wp\/v2\/tags?post=431838"}],"curies":[{"name":"wp","href":"https:\/\/api.w.org\/{rel}","templated":true}]}}