{"id":431854,"date":"2025-10-01T19:27:10","date_gmt":"2025-10-01T19:27:10","guid":{"rendered":"https:\/\/www.europesays.com\/fr\/431854\/"},"modified":"2025-10-01T19:27:10","modified_gmt":"2025-10-01T19:27:10","slug":"psg-critique-apres-le-classique-lucas-chevalier-prend-la-parole-avant-barcelone","status":"publish","type":"post","link":"https:\/\/www.europesays.com\/fr\/431854\/","title":{"rendered":"PSG : Critiqu\u00e9 apr\u00e8s le Classique, Lucas Chevalier prend la parole avant Barcelone"},"content":{"rendered":"<p data-testid=\"article-teaser\">Sous pression apr\u00e8s l\u2019OM, Lucas Chevalier s\u2019exprime avant le choc face au Bar\u00e7a. Le gardien du PSG peut-il r\u00e9sister \u00e0 la temp\u00eate ?<\/p>\n<p>Depuis son arriv\u00e9e au Paris Saint-Germain, Lucas Chevalier savait que chaque geste serait scrut\u00e9, encore plus en succ\u00e9dant \u00e0 Gianluigi Donnarumma, \u00e9tincelant une saison plus t\u00f4t. Le portier form\u00e9 au LOSC traverse ses premi\u00e8res semaines parisiennes dans un climat d\u2019exigence extr\u00eame. <a href=\"https:\/\/www.goal.com\/fr\/news\/paris-s-impose-aux-tirs-au-but-premiere-couronne-de-la-saison-arrachee-in-extremis\/blt6b5ae35a800a125d\" target=\"_self\" rel=\"noopener\">La victoire en Supercoupe d\u2019Europe avait masqu\u00e9 une erreur contre Tottenham<\/a>, mais son rat\u00e9 a\u00e9rien lors du Classique contre l\u2019OM a relanc\u00e9 les doutes. Ce mercredi, \u00e0 Barcelone, le gardien fran\u00e7ais se retrouve face \u00e0 un examen grandeur nature. Pourtant, loin d\u2019afficher de la nervosit\u00e9, il dit aborder ce rendez-vous avec une s\u00e9r\u00e9nit\u00e9 totale.<\/p>\n","protected":false},"excerpt":{"rendered":"Sous pression apr\u00e8s l\u2019OM, Lucas Chevalier s\u2019exprime avant le choc face au Bar\u00e7a. Le gardien du PSG peut-il&hellip;\n","protected":false},"author":2,"featured_media":431855,"comment_status":"","ping_status":"","sticky":false,"template":"","format":"standard","meta":{"footnotes":""},"categories":[1410],"tags":[34081,55378,448,5695,55377,63,1011,27,28965,66,447,884,91,60],"class_list":{"0":"post-431854","1":"post","2":"type-post","3":"status-publish","4":"format-standard","5":"has-post-thumbnail","7":"category-football","8":"tag-barcelona","9":"tag-barcelona-vs-paris-saint-germain","10":"tag-champions-league","11":"tag-fc-barcelone","12":"tag-fc-barcelone-vs-paris-saint-germain","13":"tag-football","14":"tag-fr","15":"tag-france","16":"tag-l-chevalier","17":"tag-ligue-1","18":"tag-ligue-des-champions","19":"tag-marseille","20":"tag-paris-saint-germain","21":"tag-sports"},"share_on_mastodon":{"url":"https:\/\/pubeurope.com\/@fr\/115300561454165036","error":""},"_links":{"self":[{"href":"https:\/\/www.europesays.com\/fr\/wp-json\/wp\/v2\/posts\/431854","targetHints":{"allow":["GET"]}}],"collection":[{"href":"https:\/\/www.europesays.com\/fr\/wp-json\/wp\/v2\/posts"}],"about":[{"href":"https:\/\/www.europesays.com\/fr\/wp-json\/wp\/v2\/types\/post"}],"author":[{"embeddable":true,"href":"https:\/\/www.europesays.com\/fr\/wp-json\/wp\/v2\/users\/2"}],"replies":[{"embeddable":true,"href":"https:\/\/www.europesays.com\/fr\/wp-json\/wp\/v2\/comments?post=431854"}],"version-history":[{"count":0,"href":"https:\/\/www.europesays.com\/fr\/wp-json\/wp\/v2\/posts\/431854\/revisions"}],"wp:featuredmedia":[{"embeddable":true,"href":"https:\/\/www.europesays.com\/fr\/wp-json\/wp\/v2\/media\/431855"}],"wp:attachment":[{"href":"https:\/\/www.europesays.com\/fr\/wp-json\/wp\/v2\/media?parent=431854"}],"wp:term":[{"taxonomy":"category","embeddable":true,"href":"https:\/\/www.europesays.com\/fr\/wp-json\/wp\/v2\/categories?post=431854"},{"taxonomy":"post_tag","embeddable":true,"href":"https:\/\/www.europesays.com\/fr\/wp-json\/wp\/v2\/tags?post=431854"}],"curies":[{"name":"wp","href":"https:\/\/api.w.org\/{rel}","templated":true}]}}